{"id":115057,"date":"2019-04-08T16:56:02","date_gmt":"2019-04-08T14:56:02","guid":{"rendered":"http:\/\/gazdasagportal.hu\/?p=115057"},"modified":"2019-04-08T16:56:02","modified_gmt":"2019-04-08T14:56:02","slug":"no-deal-brexit-felkeszules-mindket-oldalon","status":"publish","type":"post","link":"https:\/\/gazdasagportal.hu\/index.php\/no-deal-brexit-felkeszules-mindket-oldalon\/","title":{"rendered":"No-deal Brexit felk\u00e9sz\u00fcl\u00e9s mindk\u00e9t oldalon"},"content":{"rendered":"<p><strong>Az eredeti hat\u00e1rid\u0151 eredm\u00e9nytelen letelt\u00e9t k\u00f6vet\u0151en a Brexit legkor\u00e1bbi id\u0151pontja jelenleg \u00e1prilis 12. napja, melynek kapcs\u00e1n tov\u00e1bbra is a meg\u00e1llapod\u00e1s n\u00e9lk\u00fcli kil\u00e9p\u00e9s a legval\u00f3sz\u00edn\u0171bb forgat\u00f3k\u00f6nyv, ett\u0151l elt\u00e9r\u0151 egyezs\u00e9g hi\u00e1ny\u00e1ban. Az elm\u00falt h\u00e9ten a brit t\u00f6rv\u00e9nyhoz\u00e1s \u00e9s az EU Bizotts\u00e1ga is tov\u00e1bbi szab\u00e1lyokat \u00e9s ir\u00e1nymutat\u00e1sokat adott ki erre a lehet\u0151s\u00e9gre k\u00e9sz\u00fclve. Az el\u0151bbiek k\u00f6zt megtal\u00e1lunk p\u00e9ld\u00e1ul a j\u00f6ved\u00e9ki ad\u00f3ra vonatkoz\u00f3 rendelkez\u00e9seket, v\u00e1melj\u00e1r\u00e1s sor\u00e1n alkalmazand\u00f3 szab\u00e1lyokat, \u00fan. kereskedelmi jogorvoslatokat \u00e9s az egyetemleges felel\u0151ss\u00e9ggel kapcsolatos k\u00f6telezetts\u00e9geket az import \u00e1fa vonatkoz\u00e1s\u00e1ban.<\/strong><!--more--><\/p>\n<div class=\"ads-in-post1\"><div id=\"gazdasagportal.hu_fullbanner_wideboard\"><\/div>\r\n<\/div>\n<p>&nbsp;<\/p>\n<p>\u201eAz Eur\u00f3pai Bizotts\u00e1g <a href=\"http:\/\/europa.eu\/rapid\/press-release_IP-19-1813_en.htm\" target=\"_blank\" rel=\"noopener\">sajt\u00f3k\u00f6zlem\u00e9ny\u00e9ben<\/a> kijelenti, hogy az EU befejezte a sz\u00fcks\u00e9ges el\u0151k\u00e9sz\u00fcleteket arra az esetre, ha t\u00e9nylegesen meg\u00e1llapod\u00e1s n\u00e9lk\u00fcli kil\u00e9p\u00e9sre ker\u00fclne sor. A Bizotts\u00e1g tov\u00e1bb\u00e1 k\u00f6zz\u00e9tett kilencven <a href=\"https:\/\/ec.europa.eu\/info\/brexit\/brexit-preparedness\/preparedness-notices_en\" target=\"_blank\" rel=\"noopener\">szektorspecifikus k\u00f6zlem\u00e9nyt<\/a>, melyek r\u00e9szletes \u00fatmutat\u00e1st tartalmaznak a k\u00fcl\u00f6nb\u00f6z\u0151, Brexit \u00e1ltal \u00e9rintett \u00fczlet\u00e1gak tagjai sz\u00e1m\u00e1ra\u201d &#8211; mondta el dr. Sch\u00fctt Attila, a Deloitte ad\u00f3- \u00e9s jogi oszt\u00e1ly\u00e1nak menedzsere.<\/p><div id=\"gazda-1172926032\" class=\"gazda-tartalomban gazda-entity-placement\"><script async src=\"https:\/\/pagead2.googlesyndication.com\/pagead\/js\/adsbygoogle.js\"><\/script>\r\n<ins class=\"adsbygoogle\"\r\n     style=\"display:block\"\r\n     data-ad-format=\"fluid\"\r\n     data-ad-layout-key=\"-6t+ed+2i-1n-4w\"\r\n     data-ad-client=\"ca-pub-1959107119989764\"\r\n     data-ad-slot=\"4008251320\"><\/ins>\r\n<script>\r\n     (adsbygoogle = window.adsbygoogle || []).push({});\r\n<\/script><\/div>\n<p>&nbsp;<br \/>\n<div class=\"ads-in-post2\"><script async src=\"https:\/\/pagead2.googlesyndication.com\/pagead\/js\/adsbygoogle.js\"><\/script>\r\n<ins class=\"adsbygoogle\"\r\n     style=\"display:block\"\r\n     data-ad-format=\"fluid\"\r\n     data-ad-layout-key=\"-6t+ed+2i-1n-4w\"\r\n     data-ad-client=\"ca-pub-1959107119989764\"\r\n     data-ad-slot=\"4008251320\"><\/ins>\r\n<script>\r\n     (adsbygoogle = window.adsbygoogle || []).push({});\r\n<\/script><\/div>\n<p>Az eml\u00edtetteken t\u00fal a H\u00c9A-bizotts\u00e1g <a href=\"https:\/\/ec.europa.eu\/taxation_customs\/sites\/taxation\/files\/guidelines-vat-committee-meetings_en.pdf\" target=\"_blank\" rel=\"noopener\">\u00faj ir\u00e1nymutat\u00e1st adott<\/a> ki egyes \u00fcgyletek \u00e1fa kezel\u00e9s\u00e9re vonatkoz\u00f3an arra az esetre, ha meg\u00e1llapod\u00e1s n\u00e9lk\u00fcli Brexitre ker\u00fclne sor. A dokumentum \u00e9rinti az \u00e1rumozg\u00e1st azon term\u00e9kek eset\u00e9ben, amik a kil\u00e9p\u00e9s pillanat\u00e1ban \u00e1tsz\u00e1ll\u00edt\u00e1s alatt vannak az Eur\u00f3pai Uni\u00f3 ter\u00fclet\u00e9re, szem\u00e9lyes t\u00e1rgyak behozatal\u00e1ra az Egyes\u00fclt Kir\u00e1lys\u00e1g kil\u00e9p\u00e9s\u00e9t k\u00f6vet\u0151en, illetve az Egyes\u00fclt Kir\u00e1lys\u00e1gba sz\u00e1ll\u00edtott term\u00e9kek \u00fajrabehozatal\u00e1ra a Brexit ut\u00e1n. Az ir\u00e1nymutat\u00e1s \u00e1favisszat\u00e9r\u00edt\u00e9si k\u00e9rd\u00e9seket is \u00e9rint a kil\u00e9p\u00e9s kapcs\u00e1n olyan ad\u00f3alanyok vonatkoz\u00e1s\u00e1ban, akik a visszat\u00e9r\u00edt\u00e9s orsz\u00e1g\u00e1ban nem, valamely EU-s tag\u00e1llamban vagy az Egyes\u00fclt Kir\u00e1lys\u00e1gban azonban letelepedettek. Az ir\u00e1nymutat\u00e1s nem rendelkezik k\u00f6t\u0151er\u0151vel a tag\u00e1llamokra, annak alkalmaz\u00e1s\u00e1r\u00f3l ut\u00f3bbiak szabadon d\u00f6nthetnek.<\/p>\n<p>&nbsp;<\/p>\n<p><strong>A Deloitte-r\u00f3l<\/strong><\/p>\n<p>A Deloitte sz\u00e1mos ipar\u00e1gban ny\u00fajt k\u00f6nyvvizsg\u00e1lati, valamint ad\u00f3- \u00e9s egy\u00e9b tan\u00e1csad\u00e1si, tov\u00e1bb\u00e1 jogi szolg\u00e1ltat\u00e1sokat (\u00fcgyfeleinknek egy\u00fcttm\u0171k\u00f6d\u0151 \u00fcgyv\u00e9di irod\u00e1nk, a Deloitte Legal Erd\u0151s \u00e9s T\u00e1rsai \u00dcgyv\u00e9di Iroda ny\u00fajtja a jogi tan\u00e1csad\u00e1si szolg\u00e1ltat\u00e1sokat) \u00e1llami \u00e9s mag\u00e1nc\u00e9gek r\u00e9sz\u00e9re egyar\u00e1nt. T\u00f6bb mint 150 orsz\u00e1gban jelen l\u00e9v\u0151 h\u00e1l\u00f3zat\u00e1n kereszt\u00fcl a Deloitte vil\u00e1gsz\u00ednvonal\u00fa szak\u00e9rtelm\u00e9vel \u00e9s min\u0151s\u00e9gi szolg\u00e1ltat\u00e1saival seg\u00edti \u00fcgyfeleit abban, hogy megfeleljenek az el\u0151tt\u00fck \u00e1ll\u00f3 \u00fczleti kih\u00edv\u00e1soknak. A Deloitte mintegy 225 000 szak\u00e9rt\u0151je egyt\u0151l egyig arra t\u00f6rekszik, hogy a kiv\u00e1l\u00f3s\u00e1g m\u00e9rc\u00e9j\u00e9v\u00e9 v\u00e1ljon.<\/p>\n<p>A Deloitte n\u00e9v az Egyes\u00fclt Kir\u00e1lys\u00e1gban \u201ccompany limited by guarantee\u201d form\u00e1ban alap\u00edtott Deloitte Touche Tohmatsu Limited t\u00e1rsas\u00e1gra \u00e9s tagv\u00e1llalatainak h\u00e1l\u00f3zat\u00e1ra utal, melyek mindegyike \u00f6n\u00e1ll\u00f3, egym\u00e1st\u00f3l elk\u00fcl\u00f6n\u00fcl\u0151 jogi szem\u00e9ly. A Deloitte Touche Tohmatsu Limited \u00e9s tagv\u00e1llalatai jogi strukt\u00far\u00e1j\u00e1nak r\u00e9szletes bemutat\u00e1s\u00e1t a k\u00f6vetkez\u0151 link alatt tal\u00e1lja: www.deloitte.com\/hu\/magunkrol.<\/p>\n<h1><\/h1>\n","protected":false},"excerpt":{"rendered":"<p>Az eredeti hat\u00e1rid\u0151 eredm\u00e9nytelen letelt\u00e9t k\u00f6vet\u0151en a Brexit legkor\u00e1bbi id\u0151pontja jelenleg \u00e1prilis 12. napja, melynek kapcs\u00e1n tov\u00e1bbra is a meg\u00e1llapod\u00e1s n\u00e9lk\u00fcli kil\u00e9p\u00e9s a legval\u00f3sz\u00edn\u0171bb forgat\u00f3k\u00f6nyv, ett\u0151l elt\u00e9r\u0151 egyezs\u00e9g hi\u00e1ny\u00e1ban. Az elm\u00falt h\u00e9ten a brit t\u00f6rv\u00e9nyhoz\u00e1s \u00e9s az EU Bizotts\u00e1ga is tov\u00e1bbi szab\u00e1lyokat \u00e9s ir\u00e1nymutat\u00e1sokat adott ki erre a lehet\u0151s\u00e9gre k\u00e9sz\u00fclve. Az el\u0151bbiek k\u00f6zt megtal\u00e1lunk p\u00e9ld\u00e1ul &#8230;<\/p>\n","protected":false},"author":1,"featured_media":0,"comment_status":"closed","ping_status":"open","sticky":false,"template":"","format":"standard","meta":[],"categories":[12,246],"tags":[],"_links":{"self":[{"href":"https:\/\/gazdasagportal.hu\/index.php\/wp-json\/wp\/v2\/posts\/115057"}],"collection":[{"href":"https:\/\/gazdasagportal.hu\/index.php\/wp-json\/wp\/v2\/posts"}],"about":[{"href":"https:\/\/gazdasagportal.hu\/index.php\/wp-json\/wp\/v2\/types\/post"}],"author":[{"embeddable":true,"href":"https:\/\/gazdasagportal.hu\/index.php\/wp-json\/wp\/v2\/users\/1"}],"replies":[{"embeddable":true,"href":"https:\/\/gazdasagportal.hu\/index.php\/wp-json\/wp\/v2\/comments?post=115057"}],"version-history":[{"count":1,"href":"https:\/\/gazdasagportal.hu\/index.php\/wp-json\/wp\/v2\/posts\/115057\/revisions"}],"predecessor-version":[{"id":115058,"href":"https:\/\/gazdasagportal.hu\/index.php\/wp-json\/wp\/v2\/posts\/115057\/revisions\/115058"}],"wp:attachment":[{"href":"https:\/\/gazdasagportal.hu\/index.php\/wp-json\/wp\/v2\/media?parent=115057"}],"wp:term":[{"taxonomy":"category","embeddable":true,"href":"https:\/\/gazdasagportal.hu\/index.php\/wp-json\/wp\/v2\/categories?post=115057"},{"taxonomy":"post_tag","embeddable":true,"href":"https:\/\/gazdasagportal.hu\/index.php\/wp-json\/wp\/v2\/tags?post=115057"}],"curies":[{"name":"wp","href":"https:\/\/api.w.org\/{rel}","templated":true}]}}