{"id":115055,"date":"2019-04-08T16:04:40","date_gmt":"2019-04-08T14:04:40","guid":{"rendered":"http:\/\/gazdasagportal.hu\/?p=115055"},"modified":"2019-04-08T16:04:40","modified_gmt":"2019-04-08T14:04:40","slug":"brexit-theresa-may-lemondatasat-kezdemenyezi-a-tory-brexit-tabor-egyik-vezetoje","status":"publish","type":"post","link":"https:\/\/gazdasagportal.hu\/index.php\/brexit-theresa-may-lemondatasat-kezdemenyezi-a-tory-brexit-tabor-egyik-vezetoje\/","title":{"rendered":"Brexit &#8211; Theresa May lemondat\u00e1s\u00e1t kezdem\u00e9nyezi a tory Brexit-t\u00e1bor egyik vezet\u0151je"},"content":{"rendered":"<p><strong>Theresa May minisztereln\u00f6k lemondat\u00e1s\u00e1t kezdem\u00e9nyezte h\u00e9tf\u0151n a korm\u00e1nyz\u00f3 brit Konzervat\u00edv P\u00e1rt kem\u00e9nyvonalas Brexit-t\u00e1bor\u00e1nak egyik prominens als\u00f3h\u00e1zi k\u00e9pvisel\u0151je, aki szerint ha May szerd\u00e1ig t\u00e1vozik, az Egyes\u00fclt Kir\u00e1lys\u00e1g m\u00e1r p\u00e9nteken kil\u00e9phet az Eur\u00f3pai Uni\u00f3b\u00f3l.<\/strong><!--more--><\/p>\n<div class=\"ads-in-post1\"><div id=\"gazdasagportal.hu_fullbanner_wideboard\"><\/div>\r\n<\/div>\n<p>    Mark Francois, az als\u00f3h\u00e1zi tory frakci\u00f3 legbefoly\u00e1sosabb kem\u00e9nyvonalas Brexit-p\u00e1rti csoportj\u00e1nak &#8211; European Research Group (Eur\u00f3pai Kutat\u00e1si Csoport, ERG) &#8211; aleln\u00f6ke Sir Graham Bradynek, a frakci\u00f3 szakpolitikai test\u00fclete, az 1922 Bizotts\u00e1g eln\u00f6k\u00e9nek \u00edrt level\u00e9ben lesz\u00f6gezi: ha May szerd\u00e1ig &#8211; a Brexit \u00fcgy\u00e9ben \u00f6sszeh\u00edvott soron k\u00edv\u00fcli EU-cs\u00facs napj\u00e1ig &#8211; nem mond le, akkor a bizotts\u00e1gnak v\u00e9lem\u00e9nynyilv\u00e1n\u00edt\u00e1si jelleggel bizalmi szavaz\u00e1st kell szerveznie a korm\u00e1nyf\u0151 ellen.<br \/>\n    A korm\u00e1nyzati tiszts\u00e9get nem visel\u0151 tory k\u00e9pvisel\u0151k alkotta 1922 Bizotts\u00e1g &#8211; amely onnan kapta nev\u00e9t, hogy az alap\u00edt\u00f3k az 1922-es parlamenti v\u00e1laszt\u00e1sokon ker\u00fcltek be a londoni als\u00f3h\u00e1zba &#8211; inform\u00e1lis, de gyakorlatilag k\u00f6telez\u0151 erej\u0171 politikai aj\u00e1nl\u00e1sokat fogalmaz meg a korm\u00e1nyzati &#8211; ellenz\u00e9ki id\u0151szakokban \u00e1rny\u00e9kkorm\u00e1nyzati &#8211; tiszts\u00e9get visel\u0151 konzervat\u00edv k\u00e9pvisel\u0151k sz\u00e1m\u00e1ra.<br \/>\n<div class=\"ads-in-post2\"><script async src=\"https:\/\/pagead2.googlesyndication.com\/pagead\/js\/adsbygoogle.js\"><\/script>\r\n<ins class=\"adsbygoogle\"\r\n     style=\"display:block\"\r\n     data-ad-format=\"fluid\"\r\n     data-ad-layout-key=\"-6t+ed+2i-1n-4w\"\r\n     data-ad-client=\"ca-pub-1959107119989764\"\r\n     data-ad-slot=\"4008251320\"><\/ins>\r\n<script>\r\n     (adsbygoogle = window.adsbygoogle || []).push({});\r\n<\/script><\/div>\n    E frakci\u00f3test\u00fclet hat\u00e1sk\u00f6r\u00e9be tartozik a Konzervat\u00edv P\u00e1rt vezet\u0151v\u00e1lt\u00e1si folyamatainak ir\u00e1ny\u00edt\u00e1sa is.<br \/>\n    Az ERG kezdem\u00e9nyez\u00e9s\u00e9re a tory frakci\u00f3 decemberben m\u00e1r tartott egy bizalmi szavaz\u00e1st a korm\u00e1nyf\u0151 ellen. Ez a frakci\u00f3csoport rendk\u00edv\u00fcl el\u00e9gedetlen a brit EU-tags\u00e1g megsz\u0171n\u00e9s\u00e9nek felt\u00e9telrendszer\u00e9r\u0151l el\u00e9rt meg\u00e1llapod\u00e1ssal, amelyet az als\u00f3h\u00e1z az id\u00e9n m\u00e1r h\u00e1romszor visszautas\u00edtott.<br \/>\n    Az als\u00f3h\u00e1zi konzervat\u00edv p\u00e1rtcsoport t\u00f6bbs\u00e9ge azonban decemberben bizalmat szavazott Maynek, \u00e9s a Konzervat\u00edv P\u00e1rt szab\u00e1lyzata szerint hivatalos, k\u00f6telez\u0151 \u00e9rv\u00e9ny\u0171 \u00fajabb bizalmi szavaz\u00e1st csak egy \u00e9v eltelt\u00e9vel lehet tartani a minisztereln\u00f6k ellen.<br \/>\n    Ez\u00e9rt fogalmaz h\u00e9tf\u0151i level\u00e9ben Francois \u00fagy, hogy az 1922 Bizotts\u00e1gnak &#8222;indikat\u00edv&#8221;, v\u00e9lem\u00e9nynyilv\u00e1n\u00edt\u00f3 jelleg\u0171 szavaz\u00e1st kell megszerveznie.<br \/>\n    Az ERG frakci\u00f3csoport aleln\u00f6ke szerint Theresa May &#8211; azzal, hogy a Brexit \u00fajabb, j\u00fanius 30-ig terjed\u0151 halaszt\u00e1s\u00e1t k\u00e9rte az Eur\u00f3pai Tan\u00e1cs eln\u00f6k\u00e9hez, Donald Tuskhoz int\u00e9zett m\u00falt heti level\u00e9ben &#8211; ism\u00e9t demonstr\u00e1lta, hogy nem hallgat senkire.<br \/>\n    Mark Francois szerint May a Konzervat\u00edv P\u00e1rt vezet\u0151jek\u00e9nt megbukott, \u00e9s tev\u00e9kenys\u00e9ge most m\u00e1r a p\u00e1rt megsemmis\u00fcl\u00e9s\u00e9vel fenyeget.<br \/>\n    Azzal a meg\u00e1llap\u00edt\u00e1ssal, hogy ha Theresa May szerd\u00e1ig t\u00e1vozik, az Egyes\u00fclt Kir\u00e1lys\u00e1g m\u00e1r p\u00e9nteken kil\u00e9phet az Eur\u00f3pai Uni\u00f3b\u00f3l, az ERG helyettes vezet\u0151je arra utalt, hogy szerd\u00e1n tartj\u00e1k azt a soron k\u00edv\u00fcli EU-cs\u00facsot, amelyen Maynek ismertetnie kell London elk\u00e9pzel\u00e9seit a Brexit-folyamat tov\u00e1bbi menet\u00e9r\u0151l. A jelenlegi jogi alaphelyzet az, hogy ha May indokait a tov\u00e1bbi halaszt\u00e1sra az EU-cs\u00facs szerd\u00e1n elutas\u00edtja, akkor az Egyes\u00fclt Kir\u00e1lys\u00e1g p\u00e9nteken meg\u00e1llapod\u00e1s n\u00e9lk\u00fcl, szab\u00e1lyozatlan m\u00f3don t\u00e1vozik az Eur\u00f3pai Uni\u00f3b\u00f3l.<br \/>\n    A brit EU-tags\u00e1g az eredeti menetrend szerint m\u00e1rcius 29-\u00e9n sz\u0171nt volna meg, de a t\u00f6bbi uni\u00f3s tag\u00e1llam a m\u00e1rciusi EU-cs\u00facson egy halaszt\u00e1st m\u00e1r j\u00f3v\u00e1hagyott a brit korm\u00e1nynak. A tov\u00e1bbi halaszt\u00e1s indokainak elutas\u00edt\u00e1sa eset\u00e9n p\u00e9nteken j\u00e1r le a m\u00falt h\u00f3napban megszavazott Brexit-halad\u00e9k.<br \/>\n    Vezet\u0151v\u00e1lt\u00e1s eset\u00e9re a brit sajt\u00f3 a leges\u00e9lyesebb ut\u00f3djel\u00f6ltek k\u00f6z\u00f6tt tartja sz\u00e1mon Boris Johnson volt k\u00fcl\u00fcgyminisztert, a kem\u00e9nyvonalas tory Brexit-csoport egyik z\u00e1szl\u00f3viv\u0151j\u00e9t, aki a brit EU-tags\u00e1gr\u00f3l 2016-ban tartott n\u00e9pszavaz\u00e1son a kil\u00e9p\u00e9s\u00e9rt kamp\u00e1nyol\u00f3 t\u00e1bor frontembere volt.<br \/>\n    A Hansard Society nev\u0171 t\u00e1rsadalompolitikai kutat\u00f3int\u00e9zet h\u00e9tf\u0151n nyilv\u00e1noss\u00e1gra hozott \u00e9ves felm\u00e9r\u00e9se szerint a brit v\u00e1laszt\u00f3k 54 sz\u00e1zal\u00e9ka szeretne az orsz\u00e1g \u00e9l\u00e9re egy &#8222;er\u0151s vezet\u0151t&#8221;, aki a c\u00e9lok el\u00e9r\u00e9se v\u00e9gett k\u00e9sz ak\u00e1r szab\u00e1lyokat is \u00e1th\u00e1gni.(MTI)<\/p>\n","protected":false},"excerpt":{"rendered":"<p>Theresa May minisztereln\u00f6k lemondat\u00e1s\u00e1t kezdem\u00e9nyezte h\u00e9tf\u0151n a korm\u00e1nyz\u00f3 brit Konzervat\u00edv P\u00e1rt kem\u00e9nyvonalas Brexit-t\u00e1bor\u00e1nak egyik prominens als\u00f3h\u00e1zi k\u00e9pvisel\u0151je, aki szerint ha May szerd\u00e1ig t\u00e1vozik, az Egyes\u00fclt Kir\u00e1lys\u00e1g m\u00e1r p\u00e9nteken kil\u00e9phet az Eur\u00f3pai Uni\u00f3b\u00f3l.<\/p>\n","protected":false},"author":1,"featured_media":0,"comment_status":"closed","ping_status":"open","sticky":false,"template":"","format":"standard","meta":[],"categories":[12],"tags":[],"_links":{"self":[{"href":"https:\/\/gazdasagportal.hu\/index.php\/wp-json\/wp\/v2\/posts\/115055"}],"collection":[{"href":"https:\/\/gazdasagportal.hu\/index.php\/wp-json\/wp\/v2\/posts"}],"about":[{"href":"https:\/\/gazdasagportal.hu\/index.php\/wp-json\/wp\/v2\/types\/post"}],"author":[{"embeddable":true,"href":"https:\/\/gazdasagportal.hu\/index.php\/wp-json\/wp\/v2\/users\/1"}],"replies":[{"embeddable":true,"href":"https:\/\/gazdasagportal.hu\/index.php\/wp-json\/wp\/v2\/comments?post=115055"}],"version-history":[{"count":1,"href":"https:\/\/gazdasagportal.hu\/index.php\/wp-json\/wp\/v2\/posts\/115055\/revisions"}],"predecessor-version":[{"id":115056,"href":"https:\/\/gazdasagportal.hu\/index.php\/wp-json\/wp\/v2\/posts\/115055\/revisions\/115056"}],"wp:attachment":[{"href":"https:\/\/gazdasagportal.hu\/index.php\/wp-json\/wp\/v2\/media?parent=115055"}],"wp:term":[{"taxonomy":"category","embeddable":true,"href":"https:\/\/gazdasagportal.hu\/index.php\/wp-json\/wp\/v2\/categories?post=115055"},{"taxonomy":"post_tag","embeddable":true,"href":"https:\/\/gazdasagportal.hu\/index.php\/wp-json\/wp\/v2\/tags?post=115055"}],"curies":[{"name":"wp","href":"https:\/\/api.w.org\/{rel}","templated":true}]}}