{"id":115049,"date":"2019-04-08T11:15:04","date_gmt":"2019-04-08T09:15:04","guid":{"rendered":"http:\/\/gazdasagportal.hu\/?p=115049"},"modified":"2019-04-08T11:15:04","modified_gmt":"2019-04-08T09:15:04","slug":"ep-valasztas-nezopont-a-miniszterelnok-vilagos-elkepzeleseket-kozolt-a-bevandorlas-megallitasara","status":"publish","type":"post","link":"https:\/\/gazdasagportal.hu\/index.php\/ep-valasztas-nezopont-a-miniszterelnok-vilagos-elkepzeleseket-kozolt-a-bevandorlas-megallitasara\/","title":{"rendered":"EP-v\u00e1laszt\u00e1s &#8211; N\u00e9z\u0151pont: a minisztereln\u00f6k vil\u00e1gos elk\u00e9pzel\u00e9s\u00e9ket k\u00f6z\u00f6lt a bev\u00e1ndorl\u00e1s meg\u00e1ll\u00edt\u00e1s\u00e1ra"},"content":{"rendered":"<p><strong>A N\u00e9z\u0151pont-csoport vez\u00e9rigazgat\u00f3ja szerint Orb\u00e1n Viktor minisztereln\u00f6k vil\u00e1gos elk\u00e9pzel\u00e9s\u00e9ket k\u00f6z\u00f6lt h\u00e9tpontos programj\u00e1ban a bev\u00e1ndorl\u00e1s meg\u00e1ll\u00edt\u00e1s\u00e1ra, egy\u00e9rtelm\u0171v\u00e9 t\u00e9ve, hogy mit akar kezdeni az eur\u00f3pai parlamenti (EP-) v\u00e1laszt\u00e1si felhatalmaz\u00e1s\u00e1val. <\/strong><!--more--><\/p>\n<div class=\"ads-in-post1\"><div id=\"gazdasagportal.hu_fullbanner_wideboard\"><\/div>\r\n<\/div>\n<p>    Mr\u00e1z \u00c1goston S\u00e1muel az M1 aktu\u00e1lis csatorn\u00e1n h\u00e9tf\u0151n azt mondta, a minisztereln\u00f6k p\u00e9nteki besz\u00e9de &#8211; amelyben a t\u00f6bbi k\u00f6zt azt szorgalmazta, hogy bev\u00e1ndorl\u00e1sellenes er\u0151k vezess\u00e9k az uni\u00f3t &#8211;  vil\u00e1gos ir\u00e1nyt szab: a korm\u00e1nyf\u0151 minimumk\u00f6vetel\u00e9se \u00e9s els\u0151dleges felt\u00e9tele a bev\u00e1ndorl\u00e1selleness\u00e9g lesz az uni\u00f3s vezet\u0151k megv\u00e1laszt\u00e1s\u00e1n\u00e1l.<br \/>\n    Hangs\u00falyozta: Orb\u00e1n Viktor a h\u00e9t pontban migr\u00e1ci\u00f3ellenes, csal\u00e1dbar\u00e1t, kereszt\u00e9nys\u00e9gv\u00e9d\u0151 v\u00edzi\u00f3t v\u00e1zolt fel az Eur\u00f3pai Uni\u00f3 j\u00f6v\u0151j\u00e9t illet\u0151en. Erre a v\u00edzi\u00f3ra a 2018-as orsz\u00e1ggy\u0171l\u00e9si v\u00e1laszt\u00e1sokon 2,8 milli\u00f3 ember szavazott, \u00e9s a k\u00f6zv\u00e9lem\u00e9ny-kutat\u00e1sok szerint a Fidesz \u00e9rt\u00e9krendj\u00e9vel enn\u00e9l j\u00f3val t\u00f6bben \u00e9rtenek egyet &#8211; jegyezte meg.<br \/>\n<div class=\"ads-in-post2\"><script async src=\"https:\/\/pagead2.googlesyndication.com\/pagead\/js\/adsbygoogle.js\"><\/script>\r\n<ins class=\"adsbygoogle\"\r\n     style=\"display:block\"\r\n     data-ad-format=\"fluid\"\r\n     data-ad-layout-key=\"-6t+ed+2i-1n-4w\"\r\n     data-ad-client=\"ca-pub-1959107119989764\"\r\n     data-ad-slot=\"4008251320\"><\/ins>\r\n<script>\r\n     (adsbygoogle = window.adsbygoogle || []).push({});\r\n<\/script><\/div>\n    A vez\u00e9rigazgat\u00f3 szerint a Fidesz EP-v\u00e1laszt\u00e1si programj\u00e1t bemutat\u00f3 rendezv\u00e9nyen bejelentett h\u00e9t pont a kamp\u00e1nyid\u0151szak kezdet\u00e9vel mozg\u00f3s\u00edtani tudja a magyar t\u00e1rsadalomnak a Fidesz politik\u00e1j\u00e1val egyet\u00e9rt\u0151 t\u00falnyom\u00f3 t\u00f6bbs\u00e9g\u00e9t.<br \/>\n    Mr\u00e1z \u00c1goston S\u00e1muel a Kossuth r\u00e1di\u00f3 J\u00f3 reggelt, Magyarorsz\u00e1g! c\u00edm\u0171 m\u0171sor\u00e1ban elmondta, a N\u00e9z\u0151pont Int\u00e9zet legfrissebb k\u00f6zv\u00e9lem\u00e9ny-kutat\u00e1s\u00e1b\u00f3l kider\u00fclt, a h\u00f3dmez\u0151v\u00e1s\u00e1rhelyiek 46 sz\u00e1zal\u00e9ka nem szeretn\u00e9, hogy tov\u00e1bbra is M\u00e1rki-Zay P\u00e9ter legyen a v\u00e1ros polg\u00e1rmestere. Jelezte, orsz\u00e1gos szinten szimbolikus jelent\u00e9se van a h\u00f3dmez\u0151v\u00e1s\u00e1rhelyi politik\u00e1nak, ahol 2018-ban sokak meglepet\u00e9s\u00e9re nem az addig sikeres v\u00e1rosvezet\u00e9s folytathatta munk\u00e1j\u00e1t, hanem az ellenz\u00e9k \u00e1ltal t\u00e1mogatott M\u00e1rki-Zay P\u00e9tert v\u00e1lasztott\u00e1k a helyiek.(MTI)<\/p>\n","protected":false},"excerpt":{"rendered":"<p>A N\u00e9z\u0151pont-csoport vez\u00e9rigazgat\u00f3ja szerint Orb\u00e1n Viktor minisztereln\u00f6k vil\u00e1gos elk\u00e9pzel\u00e9s\u00e9ket k\u00f6z\u00f6lt h\u00e9tpontos programj\u00e1ban a bev\u00e1ndorl\u00e1s meg\u00e1ll\u00edt\u00e1s\u00e1ra, egy\u00e9rtelm\u0171v\u00e9 t\u00e9ve, hogy mit akar kezdeni az eur\u00f3pai parlamenti (EP-) v\u00e1laszt\u00e1si felhatalmaz\u00e1s\u00e1val.<\/p>\n","protected":false},"author":1,"featured_media":0,"comment_status":"closed","ping_status":"open","sticky":false,"template":"","format":"standard","meta":[],"categories":[4,18],"tags":[],"_links":{"self":[{"href":"https:\/\/gazdasagportal.hu\/index.php\/wp-json\/wp\/v2\/posts\/115049"}],"collection":[{"href":"https:\/\/gazdasagportal.hu\/index.php\/wp-json\/wp\/v2\/posts"}],"about":[{"href":"https:\/\/gazdasagportal.hu\/index.php\/wp-json\/wp\/v2\/types\/post"}],"author":[{"embeddable":true,"href":"https:\/\/gazdasagportal.hu\/index.php\/wp-json\/wp\/v2\/users\/1"}],"replies":[{"embeddable":true,"href":"https:\/\/gazdasagportal.hu\/index.php\/wp-json\/wp\/v2\/comments?post=115049"}],"version-history":[{"count":1,"href":"https:\/\/gazdasagportal.hu\/index.php\/wp-json\/wp\/v2\/posts\/115049\/revisions"}],"predecessor-version":[{"id":115050,"href":"https:\/\/gazdasagportal.hu\/index.php\/wp-json\/wp\/v2\/posts\/115049\/revisions\/115050"}],"wp:attachment":[{"href":"https:\/\/gazdasagportal.hu\/index.php\/wp-json\/wp\/v2\/media?parent=115049"}],"wp:term":[{"taxonomy":"category","embeddable":true,"href":"https:\/\/gazdasagportal.hu\/index.php\/wp-json\/wp\/v2\/categories?post=115049"},{"taxonomy":"post_tag","embeddable":true,"href":"https:\/\/gazdasagportal.hu\/index.php\/wp-json\/wp\/v2\/tags?post=115049"}],"curies":[{"name":"wp","href":"https:\/\/api.w.org\/{rel}","templated":true}]}}