{"id":115047,"date":"2019-04-08T11:33:16","date_gmt":"2019-04-08T09:33:16","guid":{"rendered":"http:\/\/gazdasagportal.hu\/?p=115047"},"modified":"2019-04-08T11:14:01","modified_gmt":"2019-04-08T09:14:01","slug":"javult-a-sentix-aprilisi-euroovezeti-uzleti-hangulatindexe","status":"publish","type":"post","link":"https:\/\/gazdasagportal.hu\/index.php\/javult-a-sentix-aprilisi-euroovezeti-uzleti-hangulatindexe\/","title":{"rendered":"Javult a Sentix \u00e1prilisi eur\u00f3\u00f6vezeti \u00fczleti hangulatindexe"},"content":{"rendered":"<p><strong>V\u00e1rtn\u00e1l jobban javult a frankfurti Sentix GmbH gazs\u00e1gkutat\u00f3 int\u00e9zet eur\u00f3\u00f6vezeti \u00fczleti hangulatindexe.<\/strong><!--more--><\/p>\n<div class=\"ads-in-post1\"><div id=\"gazdasagportal.hu_fullbanner_wideboard\"><\/div>\r\n<\/div>\n<p>    A Sentix h\u00e9tf\u0151n azt k\u00f6z\u00f6lte, hogy az \u00e1prilisi eur\u00f3\u00f6vezeti \u00fczleti hangulatindexe m\u00ednusz 0,3 pontra er\u0151s\u00f6d\u00f6tt a m\u00e1rciusi m\u00ednusz 2,2 pontr\u00f3l. Elemz\u0151k kev\u00e9sb\u00e9 javul\u00f3 \u00e9rt\u00e9kre, m\u00ednusz 2,1 pontra sz\u00e1m\u00edtottak.<br \/>\n    A febru\u00e1ri mutat\u00f3 m\u00ednusz 3,7 ponton \u00e1llt, ami 2014 novembere \u00f3ta a legalacsonyabb volt.<br \/>\n<div class=\"ads-in-post2\"><script async src=\"https:\/\/pagead2.googlesyndication.com\/pagead\/js\/adsbygoogle.js\"><\/script>\r\n<ins class=\"adsbygoogle\"\r\n     style=\"display:block\"\r\n     data-ad-format=\"fluid\"\r\n     data-ad-layout-key=\"-6t+ed+2i-1n-4w\"\r\n     data-ad-client=\"ca-pub-1959107119989764\"\r\n     data-ad-slot=\"4008251320\"><\/ins>\r\n<script>\r\n     (adsbygoogle = window.adsbygoogle || []).push({});\r\n<\/script><\/div>\n    Az \u00e1prilisi mutat\u00f3nak az aktu\u00e1lis kond\u00edci\u00f3k meg\u00edt\u00e9l\u00e9s\u00e9t sz\u00e1mszer\u0171s\u00edt\u0151 \u00f6sszetev\u0151je azonban m\u00e1r a nyolcadik egym\u00e1st k\u00f6vet\u0151 h\u00f3napban romlott \u00e9s 2015 febru\u00e1rja \u00f3ta a legalacsonyabb \u00e9rt\u00e9ket \u00e9rte el 3,8 ponton a m\u00e1rciusi 6,3 pont ut\u00e1n.<br \/>\n    A kil\u00e1t\u00e1sok meg\u00edt\u00e9l\u00e9s\u00e9t sz\u00e1mszer\u0171s\u00edt\u0151 mutat\u00f3 azonban m\u00e1r sorban a harmadik h\u00f3napja javult. Az \u00e1prilisi mutat\u00f3 \u00e9rt\u00e9ke m\u00ednusz 4,3 pontra, tavaly m\u00e1jus \u00f3ta legmagasabb szintre emelkedett a m\u00e1rciusi m\u00ednusz 10,3 pontr\u00f3l.(MTI)<\/p>\n","protected":false},"excerpt":{"rendered":"<p>V\u00e1rtn\u00e1l jobban javult a frankfurti Sentix GmbH gazs\u00e1gkutat\u00f3 int\u00e9zet eur\u00f3\u00f6vezeti \u00fczleti hangulatindexe.<\/p>\n","protected":false},"author":1,"featured_media":0,"comment_status":"closed","ping_status":"open","sticky":false,"template":"","format":"standard","meta":[],"categories":[246],"tags":[],"_links":{"self":[{"href":"https:\/\/gazdasagportal.hu\/index.php\/wp-json\/wp\/v2\/posts\/115047"}],"collection":[{"href":"https:\/\/gazdasagportal.hu\/index.php\/wp-json\/wp\/v2\/posts"}],"about":[{"href":"https:\/\/gazdasagportal.hu\/index.php\/wp-json\/wp\/v2\/types\/post"}],"author":[{"embeddable":true,"href":"https:\/\/gazdasagportal.hu\/index.php\/wp-json\/wp\/v2\/users\/1"}],"replies":[{"embeddable":true,"href":"https:\/\/gazdasagportal.hu\/index.php\/wp-json\/wp\/v2\/comments?post=115047"}],"version-history":[{"count":1,"href":"https:\/\/gazdasagportal.hu\/index.php\/wp-json\/wp\/v2\/posts\/115047\/revisions"}],"predecessor-version":[{"id":115048,"href":"https:\/\/gazdasagportal.hu\/index.php\/wp-json\/wp\/v2\/posts\/115047\/revisions\/115048"}],"wp:attachment":[{"href":"https:\/\/gazdasagportal.hu\/index.php\/wp-json\/wp\/v2\/media?parent=115047"}],"wp:term":[{"taxonomy":"category","embeddable":true,"href":"https:\/\/gazdasagportal.hu\/index.php\/wp-json\/wp\/v2\/categories?post=115047"},{"taxonomy":"post_tag","embeddable":true,"href":"https:\/\/gazdasagportal.hu\/index.php\/wp-json\/wp\/v2\/tags?post=115047"}],"curies":[{"name":"wp","href":"https:\/\/api.w.org\/{rel}","templated":true}]}}