{"id":115035,"date":"2019-04-07T21:18:32","date_gmt":"2019-04-07T19:18:32","guid":{"rendered":"http:\/\/gazdasagportal.hu\/?p=115035"},"modified":"2019-04-07T21:18:32","modified_gmt":"2019-04-07T19:18:32","slug":"csapadekosabb-ido-varhato-a-jovo-heten","status":"publish","type":"post","link":"https:\/\/gazdasagportal.hu\/index.php\/csapadekosabb-ido-varhato-a-jovo-heten\/","title":{"rendered":"Csapad\u00e9kosabb id\u0151 v\u00e1rhat\u00f3 a j\u00f6v\u0151 h\u00e9ten"},"content":{"rendered":"<p><strong>Csapad\u00e9kosabb, de tov\u00e1bbra is meleg id\u0151 v\u00e1rhat\u00f3 a j\u00f6v\u0151 h\u00e9ten &#8211; der\u00fcl ki az Orsz\u00e1gos Meteorol\u00f3giai Szolg\u00e1lat orsz\u00e1gos, k\u00f6z\u00e9pt\u00e1v\u00fa el\u0151rejelz\u00e9s\u00e9b\u0151l, amelyet vas\u00e1rnap juttattak el az MTI-nek. <\/strong><!--more--><\/p>\n<div class=\"ads-in-post1\"><div id=\"gazdasagportal.hu_fullbanner_wideboard\"><\/div>\r\n<\/div>\n<p>    H\u00e9tf\u0151re virrad\u00f3ra foltokban p\u00e1ra, illetve k\u00f6d is k\u00e9pz\u0151dhet. A nyugati hat\u00e1rvid\u00e9k ment\u00e9n z\u00e1pores\u0151, esetleg zivatar el\u0151fordulhat. A h\u0151m\u00e9rs\u00e9klet hajnalban 3 \u00e9s 10 fok k\u00f6z\u00f6tt alakul. Az \u00c9szaki-k\u00f6z\u00e9phegys\u00e9g v\u00f6lgyeiben, az Alf\u00f6ld homokh\u00e1ts\u00e1gain enn\u00e9l p\u00e1r fokkal hidegebb lehet a reggel. A legmagasabb nappali h\u0151m\u00e9rs\u00e9klet 18 \u00e9s 25 fok k\u00f6z\u00f6tt v\u00e1rhat\u00f3, az alacsonyabb \u00e9rt\u00e9kek a z\u00e1porok \u00e1ltal \u00e9rintett dun\u00e1nt\u00fali t\u00e1jakon lehetnek.<br \/>\n    Kedden t\u00f6bb\u00f3r\u00e1s naps\u00fct\u00e9s mellett kiemelten a Dun\u00e1nt\u00falon er\u0151teljes nappali gomolyfelh\u0151-k\u00e9pz\u0151d\u00e9s v\u00e1rhat\u00f3, a legkevesebb naps\u00fct\u00e9s \u00e9szakkeleten lesz. Elsz\u00f3rtan alakulhat ki z\u00e1por, n\u00e9hol zivatar. A k\u00f6z\u00e9ps\u0151 orsz\u00e1gr\u00e9szben a legkisebb a csapad\u00e9k es\u00e9lye, m\u00edg az Alpokalj\u00e1n jelent\u0151sebb mennyis\u00e9g, de \u00edgy is csak n\u00e9h\u00e1ny millim\u00e9ternyi es\u0151 eshet. Az \u00e9szakkeleti, \u00e9szaki sz\u00e9l f\u0151k\u00e9nt az \u00c9szak-Alf\u00f6ld\u00f6n er\u0151s\u00f6dik meg. A legalacsonyabb \u00e9jszakai h\u0151m\u00e9rs\u00e9klet 5 \u00e9s 12, a legmagasabb nappali h\u0151m\u00e9rs\u00e9klet 19 \u00e9s 23 fok k\u00f6z\u00f6tt alakul.<br \/>\n<div class=\"ads-in-post2\"><script async src=\"https:\/\/pagead2.googlesyndication.com\/pagead\/js\/adsbygoogle.js\"><\/script>\r\n<ins class=\"adsbygoogle\"\r\n     style=\"display:block\"\r\n     data-ad-format=\"fluid\"\r\n     data-ad-layout-key=\"-6t+ed+2i-1n-4w\"\r\n     data-ad-client=\"ca-pub-1959107119989764\"\r\n     data-ad-slot=\"4008251320\"><\/ins>\r\n<script>\r\n     (adsbygoogle = window.adsbygoogle || []).push({});\r\n<\/script><\/div>\n    Szerd\u00e1n t\u00f6bbf\u00e9le v\u00e1rhat\u00f3ak z\u00e1porok, zivatarok. A leghidegebb \u00f3r\u00e1kban 6-12 fok lehet, napk\u00f6zben 14-21 fokig melegszik a leveg\u0151.<br \/>\n    Cs\u00fct\u00f6rt\u00f6k\u00f6n is sz\u00e1m\u00edtani lehet z\u00e1porokra, zivatarokra. A minimumh\u0151m\u00e9rs\u00e9klet 6 \u00e9s 12, a maximumh\u0151m\u00e9rs\u00e9klet 14-21 fok k\u00f6z\u00f6tt val\u00f3sz\u00edn\u0171.<br \/>\n    P\u00e9nteken \u00e9s szombaton sz\u00f3rv\u00e1nyosan val\u00f3sz\u00edn\u0171 es\u0151, z\u00e1por. Helyenk\u00e9nt a sz\u00e9l is meger\u0151s\u00f6dik. A legalacsonyabb h\u0151m\u00e9rs\u00e9klet mindk\u00e9t nap 3 \u00e9s 8, a legmagasabb nappali h\u0151m\u00e9rs\u00e9klet 10 \u00e9s 17 fok k\u00f6z\u00f6tt alakul.<br \/>\n    Vas\u00e1rnap elsz\u00f3rtan el\u0151fordulhat kisebb es\u0151. Az \u00e9szaki sz\u00e9l meg\u00e9l\u00e9nk\u00fcl, helyenk\u00e9nt meger\u0151s\u00f6dik. A legalacsonyabb \u00e9jszakai h\u0151m\u00e9rs\u00e9klet 1 \u00e9s 7, a legmagasabb nappali h\u0151m\u00e9rs\u00e9klet 12 \u00e9s 17 fok k\u00f6z\u00f6tt alakul.(MTI)<\/p>\n","protected":false},"excerpt":{"rendered":"<p>Csapad\u00e9kosabb, de tov\u00e1bbra is meleg id\u0151 v\u00e1rhat\u00f3 a j\u00f6v\u0151 h\u00e9ten &#8211; der\u00fcl ki az Orsz\u00e1gos Meteorol\u00f3giai Szolg\u00e1lat orsz\u00e1gos, k\u00f6z\u00e9pt\u00e1v\u00fa el\u0151rejelz\u00e9s\u00e9b\u0151l, amelyet vas\u00e1rnap juttattak el az MTI-nek.<\/p>\n","protected":false},"author":1001003,"featured_media":0,"comment_status":"closed","ping_status":"open","sticky":false,"template":"","format":"standard","meta":[],"categories":[4],"tags":[],"_links":{"self":[{"href":"https:\/\/gazdasagportal.hu\/index.php\/wp-json\/wp\/v2\/posts\/115035"}],"collection":[{"href":"https:\/\/gazdasagportal.hu\/index.php\/wp-json\/wp\/v2\/posts"}],"about":[{"href":"https:\/\/gazdasagportal.hu\/index.php\/wp-json\/wp\/v2\/types\/post"}],"author":[{"embeddable":true,"href":"https:\/\/gazdasagportal.hu\/index.php\/wp-json\/wp\/v2\/users\/1001003"}],"replies":[{"embeddable":true,"href":"https:\/\/gazdasagportal.hu\/index.php\/wp-json\/wp\/v2\/comments?post=115035"}],"version-history":[{"count":1,"href":"https:\/\/gazdasagportal.hu\/index.php\/wp-json\/wp\/v2\/posts\/115035\/revisions"}],"predecessor-version":[{"id":115036,"href":"https:\/\/gazdasagportal.hu\/index.php\/wp-json\/wp\/v2\/posts\/115035\/revisions\/115036"}],"wp:attachment":[{"href":"https:\/\/gazdasagportal.hu\/index.php\/wp-json\/wp\/v2\/media?parent=115035"}],"wp:term":[{"taxonomy":"category","embeddable":true,"href":"https:\/\/gazdasagportal.hu\/index.php\/wp-json\/wp\/v2\/categories?post=115035"},{"taxonomy":"post_tag","embeddable":true,"href":"https:\/\/gazdasagportal.hu\/index.php\/wp-json\/wp\/v2\/tags?post=115035"}],"curies":[{"name":"wp","href":"https:\/\/api.w.org\/{rel}","templated":true}]}}