{"id":115032,"date":"2019-04-07T14:59:15","date_gmt":"2019-04-07T12:59:15","guid":{"rendered":"http:\/\/gazdasagportal.hu\/?p=115032"},"modified":"2019-04-07T13:00:14","modified_gmt":"2019-04-07T11:00:14","slug":"jelentosen-bovult-azon-egeszsegugyi-problemak-a-kore-amelyek-utan-adokedvezmeny-igenyelheto","status":"publish","type":"post","link":"https:\/\/gazdasagportal.hu\/index.php\/jelentosen-bovult-azon-egeszsegugyi-problemak-a-kore-amelyek-utan-adokedvezmeny-igenyelheto\/","title":{"rendered":"Jelent\u0151sen b\u0151v\u00fclt azon eg\u00e9szs\u00e9g\u00fcgyi probl\u00e9m\u00e1k a k\u00f6re, amelyek ut\u00e1n ad\u00f3kedvezm\u00e9ny ig\u00e9nyelhet\u0151"},"content":{"rendered":"<p><strong>Id\u00e9n jelent\u0151sen b\u0151v\u00fclt azoknak a tart\u00f3s eg\u00e9szs\u00e9g\u00fcgyi probl\u00e9m\u00e1knak a k\u00f6re, amelyek ut\u00e1n a dolgoz\u00f3k a minim\u00e1lb\u00e9r 5 sz\u00e1zal\u00e9k\u00e1nak megfelel\u0151 \u00f6sszeget &#8211; id\u00e9n 7450 forintot &#8211; ig\u00e9nyelhetnek vissza havonta a szem\u00e9lyi j\u00f6vedelemad\u00f3jukb\u00f3l (szja), a kedvezm\u00e9nyt azonban egy \u00f6sszegben is k\u00e9rhetik az szja-bevall\u00e1skor.<\/strong><!--more--><\/p>\n<div class=\"ads-in-post1\"><div id=\"gazdasagportal.hu_fullbanner_wideboard\"><\/div>\r\n<\/div>\n<p>    A Trenkwalder Szem\u00e9lyzeti Szolg\u00e1ltat\u00f3 Kft. MTI-hez eljuttatott k\u00f6zlem\u00e9nye szerint az erre vonatkoz\u00f3 korm\u00e1nyrendelet 18 betegs\u00e9gcsoportot, ezen bel\u00fcl mintegy 700 olyan betegs\u00e9get hat\u00e1roz meg, amelyeknek \u00e9rintettjei jogosultt\u00e1 v\u00e1lhatnak az \u00e9ves szinten 90 ezer forintot jelent\u0151 ad\u00f3kedvezm\u00e9nyre.<br \/>\n       Id\u00e9n janu\u00e1r elsej\u00e9t\u0151l ebbe a k\u00f6rbe tartozik az endometri\u00f3zis, illetve az eml\u0151-, m\u00e9hnyak-, petef\u00e9szek-, prosztata- \u00e9s heredaganat is.<br \/>\n     Kiemelt\u00e9k, hogy b\u00e1r a jogosults\u00e1got csak az \u00e9v elej\u00e9t\u0151l \u00e1llap\u00edtott\u00e1k meg, a kedvezm\u00e9ny az eddigi betegs\u00e9gekhez hasonl\u00f3an ak\u00e1r \u00f6t \u00e9vre visszamen\u0151leg is j\u00e1rhat, amennyiben a betegs\u00e9get ennyivel kor\u00e1bban meg\u00e1llap\u00edtott\u00e1k.<br \/>\n     Az ad\u00f3kedvezm\u00e9nyt a munkav\u00e1llal\u00f3k vagy havonta kapj\u00e1k meg &#8211; ehhez az \u00e9v els\u0151 h\u00f3napj\u00e1ban ad\u00f3el\u0151leg-nyilatkozatot kell leadniuk -, vagy az \u00e9ves ad\u00f3bevall\u00e1sukban ig\u00e9nyelhetik vissza egy \u00f6sszegben. A kor\u00e1bbi \u00e9vekre visszamen\u0151leg j\u00e1r\u00f3 ad\u00f3kedvezm\u00e9nyhez (ez az akkor \u00e9rv\u00e9nyes minim\u00e1lb\u00e9rek 5 sz\u00e1zal\u00e9k\u00e1t jelenti) az \u00e9rintett \u00e9vekre vonatkoz\u00f3 ad\u00f3bevall\u00e1sok ut\u00f3lagos rev\u00edzi\u00f3j\u00e1val lehet hozz\u00e1jutni. A kedvezm\u00e9ny ig\u00e9nybe v\u00e9tel\u00e9nek felt\u00e9tele a betegs\u00e9g fenn\u00e1ll\u00e1s\u00e1t bizony\u00edt\u00f3 orvosi igazol\u00e1s, amely szakambulancia vagy k\u00f3rh\u00e1zi szakorvos diagn\u00f3zis\u00e1ra \u00e9p\u00fcl &#8211; olvashat\u00f3 a k\u00f6zlem\u00e9nyben.<br \/>\n<div class=\"ads-in-post2\"><script async src=\"https:\/\/pagead2.googlesyndication.com\/pagead\/js\/adsbygoogle.js\"><\/script>\r\n<ins class=\"adsbygoogle\"\r\n     style=\"display:block\"\r\n     data-ad-format=\"fluid\"\r\n     data-ad-layout-key=\"-6t+ed+2i-1n-4w\"\r\n     data-ad-client=\"ca-pub-1959107119989764\"\r\n     data-ad-slot=\"4008251320\"><\/ins>\r\n<script>\r\n     (adsbygoogle = window.adsbygoogle || []).push({});\r\n<\/script><\/div>\n     A k\u00f6zlem\u00e9ny id\u00e9zi Balog Lajost, a Trenkwalder rehabilit\u00e1ci\u00f3s \u00fczlet\u00e1g\u00e1nak vezet\u0151j\u00e9t, aki elmondta: &#8222;mivel jelent\u0151s \u00f6sszegr\u0151l van sz\u00f3, minden olyan munkav\u00e1llal\u00f3nak, aki valamilyen tart\u00f3s eg\u00e9szs\u00e9g\u00fcgyi probl\u00e9m\u00e1val \u00e9l, javasolhat\u00f3, hogy konzult\u00e1ljon kezel\u0151orvos\u00e1val arr\u00f3l, hogy betegs\u00e9ge ut\u00e1n j\u00e1r-e neki ad\u00f3kedvezm\u00e9ny&#8221;. Hozz\u00e1f\u0171zte: a kedvezm\u00e9nyezett betegs\u00e9gek k\u00f6z\u00e9 a k\u00fcl\u00f6nb\u00f6z\u0151 \u00e9rz\u00e9kel\u00e9si \u00e9s mozg\u00e1sszervi fogyat\u00e9koss\u00e1gok, ment\u00e1lis viselked\u00e9szavarok mellett olyan eg\u00e9szs\u00e9g\u00fcgyi probl\u00e9m\u00e1k is beletartozhatnak, mint a lakt\u00f3zintolerancia, a cukorbetegs\u00e9g vagy a Crohn-betegs\u00e9g.<br \/>\n     A Nemzeti Ad\u00f3- \u00e9s V\u00e1mhivatal kor\u00e1bbi t\u00e1j\u00e9koztat\u00e1sa szerint 2017-ben 217 ezren \u00e9ltek a betegs\u00e9gek ut\u00e1n j\u00e1r\u00f3 szja-kedvezm\u00e9ny lehet\u0151s\u00e9g\u00e9vel, egyes becsl\u00e9sek szerint a kedvezm\u00e9nyezetti k\u00f6r kib\u0151v\u00edt\u00e9s\u00e9vel ez a sz\u00e1m id\u00e9n ak\u00e1r meg is k\u00e9tszerez\u0151dhet.(MTI)<\/p>\n","protected":false},"excerpt":{"rendered":"<p>Id\u00e9n jelent\u0151sen b\u0151v\u00fclt azoknak a tart\u00f3s eg\u00e9szs\u00e9g\u00fcgyi probl\u00e9m\u00e1knak a k\u00f6re, amelyek ut\u00e1n a dolgoz\u00f3k a minim\u00e1lb\u00e9r 5 sz\u00e1zal\u00e9k\u00e1nak megfelel\u0151 \u00f6sszeget &#8211; id\u00e9n 7450 forintot &#8211; ig\u00e9nyelhetnek vissza havonta a szem\u00e9lyi j\u00f6vedelemad\u00f3jukb\u00f3l (szja), a kedvezm\u00e9nyt azonban egy \u00f6sszegben is k\u00e9rhetik az szja-bevall\u00e1skor.<\/p>\n","protected":false},"author":1001003,"featured_media":0,"comment_status":"closed","ping_status":"open","sticky":false,"template":"","format":"standard","meta":[],"categories":[20,4,19],"tags":[],"_links":{"self":[{"href":"https:\/\/gazdasagportal.hu\/index.php\/wp-json\/wp\/v2\/posts\/115032"}],"collection":[{"href":"https:\/\/gazdasagportal.hu\/index.php\/wp-json\/wp\/v2\/posts"}],"about":[{"href":"https:\/\/gazdasagportal.hu\/index.php\/wp-json\/wp\/v2\/types\/post"}],"author":[{"embeddable":true,"href":"https:\/\/gazdasagportal.hu\/index.php\/wp-json\/wp\/v2\/users\/1001003"}],"replies":[{"embeddable":true,"href":"https:\/\/gazdasagportal.hu\/index.php\/wp-json\/wp\/v2\/comments?post=115032"}],"version-history":[{"count":1,"href":"https:\/\/gazdasagportal.hu\/index.php\/wp-json\/wp\/v2\/posts\/115032\/revisions"}],"predecessor-version":[{"id":115033,"href":"https:\/\/gazdasagportal.hu\/index.php\/wp-json\/wp\/v2\/posts\/115032\/revisions\/115033"}],"wp:attachment":[{"href":"https:\/\/gazdasagportal.hu\/index.php\/wp-json\/wp\/v2\/media?parent=115032"}],"wp:term":[{"taxonomy":"category","embeddable":true,"href":"https:\/\/gazdasagportal.hu\/index.php\/wp-json\/wp\/v2\/categories?post=115032"},{"taxonomy":"post_tag","embeddable":true,"href":"https:\/\/gazdasagportal.hu\/index.php\/wp-json\/wp\/v2\/tags?post=115032"}],"curies":[{"name":"wp","href":"https:\/\/api.w.org\/{rel}","templated":true}]}}