{"id":115030,"date":"2019-04-07T12:57:37","date_gmt":"2019-04-07T10:57:37","guid":{"rendered":"http:\/\/gazdasagportal.hu\/?p=115030"},"modified":"2019-04-07T13:13:44","modified_gmt":"2019-04-07T11:13:44","slug":"brexit-theresa-may-nincs-jele-hogy-a-megallapodast-a-kozeljovoben-el-lehetne-fogadtatni","status":"publish","type":"post","link":"https:\/\/gazdasagportal.hu\/index.php\/brexit-theresa-may-nincs-jele-hogy-a-megallapodast-a-kozeljovoben-el-lehetne-fogadtatni\/","title":{"rendered":"Brexit &#8211; Theresa May: nincs jele, hogy a meg\u00e1llapod\u00e1st a k\u00f6zelj\u00f6v\u0151ben el lehetne fogadtatni"},"content":{"rendered":"<p><strong>Theresa May szerint nincsenek arra utal\u00f3 jelek, hogy a brit EU-tags\u00e1g megsz\u0171n\u00e9s\u00e9nek (Brexit) felt\u00e9telrendszer\u00e9t r\u00f6gz\u00edt\u0151, a londoni als\u00f3h\u00e1z \u00e1ltal eddig h\u00e1romszor elutas\u00edtott meg\u00e1llapod\u00e1st a k\u00f6zelj\u00f6v\u0151ben el lehetne fogadtatni, ez\u00e9rt \u00faj hozz\u00e1\u00e1ll\u00e1s v\u00e1lt sz\u00fcks\u00e9gess\u00e9.<\/strong><!--more--><\/p>\n<div class=\"ads-in-post1\"><div id=\"gazdasagportal.hu_fullbanner_wideboard\"><\/div>\r\n<\/div>\n<p>    A konzervat\u00edv p\u00e1rti brit minisztereln\u00f6k a Downing Street \u00e1ltal vas\u00e1rnap hajnalban ismertetett nyilatkozat\u00e1ban lesz\u00f6gezi: ha a konzervat\u00edv frakci\u00f3ban \u00e9s a kisebbs\u00e9gi tory korm\u00e1nyt k\u00edv\u00fclr\u0151l t\u00e1mogat\u00f3 \u00e9szak-\u00edrorsz\u00e1gi Demokratikus Unionista P\u00e1rt (DUP) k\u00e9pvisel\u0151csoportj\u00e1ban nem teremthet\u0151 meg a t\u00f6bbs\u00e9g a Brexit-meg\u00e1llapod\u00e1s elfogad\u00e1s\u00e1hoz, akkor nem marad egy\u00e9b lehet\u0151s\u00e9g, mint az als\u00f3h\u00e1zban jelenl\u00e9v\u0151 t\u00f6bbi p\u00e1rt megkeres\u00e9se.<br \/>\n    A korm\u00e1nyf\u0151 nyilatkozat\u00e1ban nem szerepel n\u00e9v szerint a legnagyobb ellenz\u00e9ki er\u0151, a Munk\u00e1sp\u00e1rt. May azonban m\u00e1r a h\u00e9t elej\u00e9n bejelentette, hogy a patthelyzet felold\u00e1sa v\u00e9gett k\u00e9sz Jeremy Corbynnal, a Munk\u00e1sp\u00e1rt vezet\u0151j\u00e9vel k\u00f6z\u00f6sen kidolgozni egy olyan tervet, amelynek alapj\u00e1n az Egyes\u00fclt Kir\u00e1lys\u00e1g rendezett m\u00f3don tud kil\u00e9pni az Eur\u00f3pai Uni\u00f3b\u00f3l.<br \/>\n    A korm\u00e1ny \u00e9s a Labour k\u00e9pvisel\u0151i &#8211; az els\u0151 alkalommal szem\u00e9lyesen May \u00e9s Corbyn &#8211; eddig h\u00e1romszor \u00fcltek t\u00e1rgyal\u00f3asztalhoz, egyel\u0151re \u00e9rdemi eredm\u00e9ny n\u00e9lk\u00fcl.<br \/>\n<div class=\"ads-in-post2\"><script async src=\"https:\/\/pagead2.googlesyndication.com\/pagead\/js\/adsbygoogle.js\"><\/script>\r\n<ins class=\"adsbygoogle\"\r\n     style=\"display:block\"\r\n     data-ad-format=\"fluid\"\r\n     data-ad-layout-key=\"-6t+ed+2i-1n-4w\"\r\n     data-ad-client=\"ca-pub-1959107119989764\"\r\n     data-ad-slot=\"4008251320\"><\/ins>\r\n<script>\r\n     (adsbygoogle = window.adsbygoogle || []).push({});\r\n<\/script><\/div>\n    Sir Keir Starmer, a Labour \u00e1rny\u00e9kkorm\u00e1ny\u00e1nak Brexit-\u00fcgyi miniszterjel\u00f6ltje m\u00e1r a t\u00e1rgyal\u00e1sok el\u0151tt jelezte, hogy a Munk\u00e1sp\u00e1rt a megbesz\u00e9l\u00e9s napirendj\u00e9re akarja venni az \u00fajabb EU-n\u00e9pszavaz\u00e1s ki\u00edr\u00e1s\u00e1t \u00e9s az \u00e1lland\u00f3 jelleg\u0171 v\u00e1muni\u00f3s viszonyrendszer kialak\u00edt\u00e1s\u00e1t az EU-val.<br \/>\n    A brit korm\u00e1ny azonban mindk\u00e9t lehet\u0151s\u00e9get hat\u00e1rozottan elveti, \u00e9s Jeremy Corbyn a p\u00e9nteken z\u00e1rult harmadik t\u00e1rgyal\u00e1si fordul\u00f3 ut\u00e1n kijelentette, hogy nem \u00e9szlelt &#8222;jelent\u0151sebb elmozdul\u00e1st&#8221; a korm\u00e1nyzati \u00e1ll\u00e1spontban.<br \/>\n    A Downing Street sz\u00f3viv\u0151je szerint ugyanakkor a korm\u00e1nyoldal komoly javaslatokat terjesztett el\u0151, \u00e9s hajland\u00f3 v\u00e1ltoztat\u00e1sokra is a Brexit-meg\u00e1llapod\u00e1shoz kapcsol\u00f3d\u00f3 politikai nyilatkozatban, amely &#8211; egyel\u0151re v\u00e1zlatosan, k\u00f6telez\u0151 jogi hat\u00e1ly n\u00e9lk\u00fcl &#8211; az Egyes\u00fclt Kir\u00e1lys\u00e1g \u00e9s az EU j\u00f6v\u0151beni kapcsolatrendszer\u00e9t k\u00f6rvonalazza.<br \/>\n    Az Eur\u00f3pai Uni\u00f3 egy\u00e9rtelm\u0171 \u00e1ll\u00e1spontja az, hogy az 585 oldalas Brexit-meg\u00e1llapod\u00e1s &#8211; amelyr\u0151l novemberben \u00e1llapodott meg London \u00e9s Br\u00fcsszel &#8211; nem nyithat\u00f3 \u00fajra, de az EU a 26 oldalas politikai nyilatkozat m\u00f3dos\u00edt\u00e1s\u00e1t\u00f3l nem z\u00e1rk\u00f3zik el.<br \/>\n    A Konzervat\u00edv P\u00e1rt kem\u00e9nyvonalas Brexit-t\u00e1bor\u00e1n bel\u00fcl heves indulatokat kavart, hogy Theresa May bevonta a Brexit-meg\u00e1llapod\u00e1s sors\u00e1r\u00f3l sz\u00f3l\u00f3 egyeztet\u00e9sekbe a Munk\u00e1sp\u00e1rtot.<br \/>\n    Jacob Rees-Mogg, az als\u00f3h\u00e1zi tory frakci\u00f3 legbefoly\u00e1sosabb kem\u00e9nyvonalas Brexit-p\u00e1rti csoportj\u00e1nak &#8211; European Research Group (Eur\u00f3pai Kutat\u00e1si Csoport, ERG) &#8211; vezet\u0151je minapi nyilatkozat\u00e1ban Jeremy Corbynra utalva \u00fagy fogalmazott, hogy Theresa May &#8222;egy ismert marxist\u00e1val&#8221; k\u00e9sz\u00fcl egy\u00fcttm\u0171k\u00f6d\u00e9sre l\u00e9pni, \u00e9s ez &#8222;nem kelt t\u00fal nagy bizalmat konzervat\u00edv k\u00f6r\u00f6kben&#8221;.<br \/>\n    May azonban vas\u00e1rnapi nyilatkozat\u00e1ban lesz\u00f6gezi, hogy a kil\u00e9p\u00e9sr\u0151l d\u00f6nt\u0151 2016-os n\u00e9pszavaz\u00e1s kamp\u00e1nya nem a p\u00e1rtok k\u00f6z\u00f6tti v\u00e1laszt\u00f3vonalak ment\u00e9n zajlott, \u00e9s a Brexit \u00fcgy\u00e9ben vannak olyan k\u00e9rd\u00e9sek, amelyekben a Konzervat\u00edv P\u00e1rt \u00e9s a Munk\u00e1sp\u00e1rt egyet\u00e9rt.<br \/>\n    A korm\u00e1nyf\u0151 ezek k\u00f6z\u00f6tt eml\u00edtette, hogy mindk\u00e9t nagy p\u00e1rt szerint meg kell sz\u00fcntetni az EU-n bel\u00fcli szabad mozg\u00e1s alapelv\u00e9nek nagy-britanniai \u00e9rv\u00e9nyes\u00edt\u00e9s\u00e9t, j\u00f3 meg\u00e1llapod\u00e1ssal kell kil\u00e9pni az EU-b\u00f3l, \u00e9s meg kell v\u00e9deni a brit munkahelyeket.<br \/>\n    Theresa May szerint ez alapot k\u00edn\u00e1l egy olyan kompromisszumhoz, amely m\u00f6g\u00e9 t\u00f6bbs\u00e9g sorakoztathat\u00f3 fel a parlamentben.<br \/>\n    May nyilatkozata szerint azonban min\u00e9l tov\u00e1bb tart mindez, ann\u00e1l nagyobb a kock\u00e1zata annak, hogy az Egyes\u00fclt Kir\u00e1lys\u00e1g soha nem l\u00e9p ki az EU-b\u00f3l, m\u00e1rpedig alapvet\u0151 fontoss\u00e1g\u00fa a n\u00e9pszavaz\u00e1s d\u00f6nt\u00e9s\u00e9nek teljes\u00edt\u00e9se.<br \/>\n    A korm\u00e1nyf\u0151 k\u00f6zli, hogy ennek el\u00e9r\u00e9se v\u00e9gett a j\u00f6v\u0151 heti soron k\u00edv\u00fcli EU-cs\u00facson szem\u00e9lyesen is k\u00e9ri majd a Brexit tov\u00e1bbi &#8222;r\u00f6vid&#8221; halaszt\u00e1s\u00e1hoz a t\u00f6bbi uni\u00f3s vezet\u0151 beleegyez\u00e9s\u00e9t, \u00e9s ha e halad\u00e9k ideje alatt Londonban siker\u00fcl egyezs\u00e9gre jutni a Brexit-meg\u00e1llapod\u00e1sr\u00f3l, akkor az Egyes\u00fclt Kir\u00e1lys\u00e1g hat h\u00e9ten bel\u00fcl kil\u00e9phet az EU-b\u00f3l.<br \/>\n    Theresa May hivatalosan m\u00e1r p\u00e9nteken k\u00e9rte a Brexit legfeljebb j\u00fanius 30-ig terjed\u0151 halaszt\u00e1s\u00e1t Donald Tuskhoz, az Eur\u00f3pai Tan\u00e1cs eln\u00f6k\u00e9hez int\u00e9zett level\u00e9ben. A javaslat szerint ha e hat\u00e1rid\u0151 el\u0151tt siker\u00fcl ratifik\u00e1lni a Brexit-meg\u00e1llapod\u00e1st, akkor a halaszt\u00e1si id\u0151szak is el\u0151bb v\u00e9get \u00e9rne.<br \/>\n    May levele szerint London val\u00f3j\u00e1ban olyan ratifik\u00e1ci\u00f3s menetrendre t\u00f6rekszik, amely m\u00e9g m\u00e1jus 23. el\u0151tt lehet\u0151v\u00e9 tenn\u00e9 a kil\u00e9p\u00e9st az Eur\u00f3pai Uni\u00f3b\u00f3l, ugyanis \u00edgy az Egyes\u00fclt Kir\u00e1lys\u00e1gnak nem kellene r\u00e9szt vennie az aznap kezd\u0151d\u0151 eur\u00f3pai parlamenti v\u00e1laszt\u00e1sokon.<br \/>\n    A brit EU-tags\u00e1g az eredeti menetrend szerint m\u00e1rcius 29-\u00e9n sz\u0171nt volna meg, de a t\u00f6bbi uni\u00f3s tag\u00e1llam egy halaszt\u00e1st m\u00e1r j\u00f3v\u00e1hagyott a brit korm\u00e1nynak.(MTI)<\/p>\n","protected":false},"excerpt":{"rendered":"<p>Theresa May szerint nincsenek arra utal\u00f3 jelek, hogy a brit EU-tags\u00e1g megsz\u0171n\u00e9s\u00e9nek (Brexit) felt\u00e9telrendszer\u00e9t r\u00f6gz\u00edt\u0151, a londoni als\u00f3h\u00e1z \u00e1ltal eddig h\u00e1romszor elutas\u00edtott meg\u00e1llapod\u00e1st a k\u00f6zelj\u00f6v\u0151ben el lehetne fogadtatni, ez\u00e9rt \u00faj hozz\u00e1\u00e1ll\u00e1s v\u00e1lt sz\u00fcks\u00e9gess\u00e9.<\/p>\n","protected":false},"author":1001003,"featured_media":0,"comment_status":"closed","ping_status":"open","sticky":false,"template":"","format":"standard","meta":[],"categories":[12,246],"tags":[],"_links":{"self":[{"href":"https:\/\/gazdasagportal.hu\/index.php\/wp-json\/wp\/v2\/posts\/115030"}],"collection":[{"href":"https:\/\/gazdasagportal.hu\/index.php\/wp-json\/wp\/v2\/posts"}],"about":[{"href":"https:\/\/gazdasagportal.hu\/index.php\/wp-json\/wp\/v2\/types\/post"}],"author":[{"embeddable":true,"href":"https:\/\/gazdasagportal.hu\/index.php\/wp-json\/wp\/v2\/users\/1001003"}],"replies":[{"embeddable":true,"href":"https:\/\/gazdasagportal.hu\/index.php\/wp-json\/wp\/v2\/comments?post=115030"}],"version-history":[{"count":2,"href":"https:\/\/gazdasagportal.hu\/index.php\/wp-json\/wp\/v2\/posts\/115030\/revisions"}],"predecessor-version":[{"id":115034,"href":"https:\/\/gazdasagportal.hu\/index.php\/wp-json\/wp\/v2\/posts\/115030\/revisions\/115034"}],"wp:attachment":[{"href":"https:\/\/gazdasagportal.hu\/index.php\/wp-json\/wp\/v2\/media?parent=115030"}],"wp:term":[{"taxonomy":"category","embeddable":true,"href":"https:\/\/gazdasagportal.hu\/index.php\/wp-json\/wp\/v2\/categories?post=115030"},{"taxonomy":"post_tag","embeddable":true,"href":"https:\/\/gazdasagportal.hu\/index.php\/wp-json\/wp\/v2\/tags?post=115030"}],"curies":[{"name":"wp","href":"https:\/\/api.w.org\/{rel}","templated":true}]}}