{"id":115028,"date":"2019-04-07T10:40:45","date_gmt":"2019-04-07T08:40:45","guid":{"rendered":"http:\/\/gazdasagportal.hu\/?p=115028"},"modified":"2019-04-07T10:40:45","modified_gmt":"2019-04-07T08:40:45","slug":"heti-tozsdei-osszefoglalo-csokkeno-forgalomban-emelkedett-a-bux-a-heten-13","status":"publish","type":"post","link":"https:\/\/gazdasagportal.hu\/index.php\/heti-tozsdei-osszefoglalo-csokkeno-forgalomban-emelkedett-a-bux-a-heten-13\/","title":{"rendered":"Heti t\u0151zsdei \u00f6sszefoglal\u00f3 &#8211; Cs\u00f6kken\u0151 forgalomban emelkedett a BUX a h\u00e9ten"},"content":{"rendered":"<p><strong>Cs\u00f6kken\u0151 forgalomban emelkedett a Budapesti \u00c9rt\u00e9kt\u0151zsde (B\u00c9T) r\u00e9szv\u00e9nyindexe a h\u00e9ten, a BUX 41 841,92 ponton z\u00e1rt p\u00e9nteken, 158,14 ponttal, 0,38 sz\u00e1zal\u00e9kkal magasabban az el\u0151z\u0151 heti z\u00e1r\u00f3\u00e9rt\u00e9k\u00e9n\u00e9l.<\/strong><!--more--><\/p>\n<div class=\"ads-in-post1\"><div id=\"gazdasagportal.hu_fullbanner_wideboard\"><\/div>\r\n<\/div>\n<p>    A r\u00e9szv\u00e9nypiac heti forgalma 36,99 milli\u00e1rd forint volt az el\u0151z\u0151 heti 62,25 milli\u00e1rd forint ut\u00e1n, a vezet\u0151 r\u00e9szv\u00e9nyek a Mol kiv\u00e9tel\u00e9vel dr\u00e1gultak.<br \/>\n    Az Equilor Befektet\u00e9si Zrt. MTI-hez k\u00fcld\u00f6tt elemz\u00e9s\u00e9ben a h\u00e9t h\u00edrei k\u00f6z\u00fcl kiemelte, hogy meg nem er\u0151s\u00edtett forr\u00e1sok szerint a 4iG megv\u00e1s\u00e1roln\u00e1 a Telekomt\u00f3l a T-Systems c\u00e9get. A v\u00e1llalat a 2017-es \u00e9ves besz\u00e1mol\u00f3 alapj\u00e1n k\u00f6nyv szerinti \u00e9rt\u00e9ken 40,8 milli\u00e1rd forintot \u00e9r. A k\u00f6zszf\u00e9r\u00e1b\u00f3l \u00e9rkez\u0151 megrendel\u00e9sek bev\u00e9tel\u00e9nek a fel\u00e9t adj\u00e1k. A T-Systems 2017-ben 95 milli\u00e1rdos \u00e1rbev\u00e9tel mellett 1,5 milli\u00e1rdos ad\u00f3zott eredm\u00e9nyt \u00e9rt el. A Telekom 2018-as 657 milli\u00e1rdos bev\u00e9tele j\u00f3csk\u00e1n meg\u00e9rezn\u00e9 az eg\u00e9sz T-Systems kies\u00e9s\u00e9t. Profit soron m\u00e1r j\u00f3val kisebb lenne a jelent\u0151s\u00e9ge, ugyanis 2018-ban a Magyar Telekom csoport \u00f6sszprofitja 43 milli\u00e1rd forint volt &#8211; \u00edrja az Equilor.<br \/>\n<div class=\"ads-in-post2\"><script async src=\"https:\/\/pagead2.googlesyndication.com\/pagead\/js\/adsbygoogle.js\"><\/script>\r\n<ins class=\"adsbygoogle\"\r\n     style=\"display:block\"\r\n     data-ad-format=\"fluid\"\r\n     data-ad-layout-key=\"-6t+ed+2i-1n-4w\"\r\n     data-ad-client=\"ca-pub-1959107119989764\"\r\n     data-ad-slot=\"4008251320\"><\/ins>\r\n<script>\r\n     (adsbygoogle = window.adsbygoogle || []).push({});\r\n<\/script><\/div>\n    A befektet\u00e9si t\u00e1rsas\u00e1g heti elemz\u00e9s\u00e9ben r\u00e1mutat arra, hogy a v\u00e1rtn\u00e1l nagyobb m\u00e9rt\u00e9kben cs\u00f6kkent az \u00e1llamad\u00f3ss\u00e1g 2018-ban. A P\u00e9nz\u00fcgyminiszt\u00e9rium bejelent\u00e9se szerint tavaly 73,4 sz\u00e1zal\u00e9kr\u00f3l 70,8 sz\u00e1zal\u00e9kra cs\u00f6kkent Magyarorsz\u00e1g GDP-ar\u00e1nyos \u00e1llamad\u00f3ss\u00e1ga, az \u00e1llamh\u00e1ztart\u00e1si hi\u00e1ny pedig a tervezett 2,4 sz\u00e1zal\u00e9k helyett 2,2 sz\u00e1zal\u00e9kot tett ki. Varga Mih\u00e1ly p\u00e9nz\u00fcgyminiszter a h\u00e9ten tartott sajt\u00f3t\u00e1j\u00e9koztat\u00f3n lesz\u00f6gezte, hogy tov\u00e1bbra is 1,8 sz\u00e1zal\u00e9kos hi\u00e1nnyal sz\u00e1molnak az idei \u00e9vben, \u00e9s v\u00e1rakoz\u00e1suk szerint \u00e9v v\u00e9g\u00e9re 70 sz\u00e1zal\u00e9k al\u00e1 cs\u00f6kkenhet a GDP-ar\u00e1nyos \u00e1llamad\u00f3ss\u00e1g.<br \/>\n    A h\u00e9ten az OTP \u00e1rfolyama 0,95 sz\u00e1zal\u00e9kkal emelkedett, p\u00e9nteken 12 720 forinton z\u00e1rt, heti forgalma meghaladta a 15,24 milli\u00e1rd forintot.<br \/>\n    A Magyar Telekom \u00e1rfolyama 1,52 sz\u00e1zal\u00e9kkal er\u0151s\u00f6d\u00f6tt, a h\u00e9t utols\u00f3 keresked\u00e9si napj\u00e1n 469 forinton z\u00e1rt, heti forgalma t\u00fall\u00e9pte az egymilli\u00e1rd forintot.<br \/>\n    A Mol 1,46 sz\u00e1zal\u00e9kkal gyeng\u00fclt, 3230 forinton fejezte be a hetet, heti forgalma mintegy 6,7 milli\u00e1rd forintot tett ki.<br \/>\n    A Richter \u00e1rfolyama 1,11 sz\u00e1zal\u00e9kkal emelkedett a h\u00e9ten, p\u00e9nteki z\u00e1r\u00f3\u00e1ra 5460 forint volt, heti forgalma meghaladta a 4,2 milli\u00e1rd forintot.<br \/>\n    A kis- \u00e9s k\u00f6zepes r\u00e9szv\u00e9nyek indexe, a BUMIX 4410,61 ponton z\u00e1rt p\u00e9nteken, az el\u0151z\u0151 h\u00e9thez k\u00e9pest 64,39 ponttal, 1,48 sz\u00e1zal\u00e9kkal magasabban.(MTI)<\/p>\n","protected":false},"excerpt":{"rendered":"<p>Cs\u00f6kken\u0151 forgalomban emelkedett a Budapesti \u00c9rt\u00e9kt\u0151zsde (B\u00c9T) r\u00e9szv\u00e9nyindexe a h\u00e9ten, a BUX 41 841,92 ponton z\u00e1rt p\u00e9nteken, 158,14 ponttal, 0,38 sz\u00e1zal\u00e9kkal magasabban az el\u0151z\u0151 heti z\u00e1r\u00f3\u00e9rt\u00e9k\u00e9n\u00e9l.<\/p>\n","protected":false},"author":1001003,"featured_media":84207,"comment_status":"closed","ping_status":"open","sticky":false,"template":"","format":"standard","meta":[],"categories":[146,7],"tags":[],"_links":{"self":[{"href":"https:\/\/gazdasagportal.hu\/index.php\/wp-json\/wp\/v2\/posts\/115028"}],"collection":[{"href":"https:\/\/gazdasagportal.hu\/index.php\/wp-json\/wp\/v2\/posts"}],"about":[{"href":"https:\/\/gazdasagportal.hu\/index.php\/wp-json\/wp\/v2\/types\/post"}],"author":[{"embeddable":true,"href":"https:\/\/gazdasagportal.hu\/index.php\/wp-json\/wp\/v2\/users\/1001003"}],"replies":[{"embeddable":true,"href":"https:\/\/gazdasagportal.hu\/index.php\/wp-json\/wp\/v2\/comments?post=115028"}],"version-history":[{"count":1,"href":"https:\/\/gazdasagportal.hu\/index.php\/wp-json\/wp\/v2\/posts\/115028\/revisions"}],"predecessor-version":[{"id":115029,"href":"https:\/\/gazdasagportal.hu\/index.php\/wp-json\/wp\/v2\/posts\/115028\/revisions\/115029"}],"wp:featuredmedia":[{"embeddable":true,"href":"https:\/\/gazdasagportal.hu\/index.php\/wp-json\/wp\/v2\/media\/84207"}],"wp:attachment":[{"href":"https:\/\/gazdasagportal.hu\/index.php\/wp-json\/wp\/v2\/media?parent=115028"}],"wp:term":[{"taxonomy":"category","embeddable":true,"href":"https:\/\/gazdasagportal.hu\/index.php\/wp-json\/wp\/v2\/categories?post=115028"},{"taxonomy":"post_tag","embeddable":true,"href":"https:\/\/gazdasagportal.hu\/index.php\/wp-json\/wp\/v2\/tags?post=115028"}],"curies":[{"name":"wp","href":"https:\/\/api.w.org\/{rel}","templated":true}]}}