{"id":115018,"date":"2019-04-06T21:34:55","date_gmt":"2019-04-06T19:34:55","guid":{"rendered":"http:\/\/gazdasagportal.hu\/?p=115018"},"modified":"2019-04-06T21:34:55","modified_gmt":"2019-04-06T19:34:55","slug":"ep-valasztas-csak-egy-kereskedelmi-mediaszolgaltato-tenne-kozze-politikai-reklamokat-a-kampanyban","status":"publish","type":"post","link":"https:\/\/gazdasagportal.hu\/index.php\/ep-valasztas-csak-egy-kereskedelmi-mediaszolgaltato-tenne-kozze-politikai-reklamokat-a-kampanyban\/","title":{"rendered":"EP-v\u00e1laszt\u00e1s &#8211; Csak egy kereskedelmi m\u00e9diaszolg\u00e1ltat\u00f3 tenne k\u00f6zz\u00e9 politikai rekl\u00e1mokat a kamp\u00e1nyban"},"content":{"rendered":"<p><strong>Csak egy kereskedelmi m\u00e9diaszolg\u00e1ltat\u00f3 jelentkezett a Nemzeti V\u00e1laszt\u00e1si Bizotts\u00e1gn\u00e1l (NVB), hogy a szombaton indult v\u00e1laszt\u00e1si kamp\u00e1nyban politikai rekl\u00e1mot k\u00edv\u00e1n k\u00f6zz\u00e9tenni &#8211; k\u00f6z\u00f6lte a Nemzeti V\u00e1laszt\u00e1si Iroda (NVI) az MTI \u00e9rdekl\u0151d\u00e9s\u00e9re szombaton. <\/strong><!--more--><\/p>\n<div class=\"ads-in-post1\"><div id=\"gazdasagportal.hu_fullbanner_wideboard\"><\/div>\r\n<\/div>\n<p>    A v\u00e1laszt\u00e1si kamp\u00e1nyban a jel\u00f6ltek, jel\u00f6l\u0151szervezetek n\u00e9pszer\u0171s\u00edt\u00e9s\u00e9t c\u00e9lz\u00f3 politikai rekl\u00e1m telev\u00edzi\u00f3ban, r\u00e1di\u00f3ban jelenik meg. A t\u00f6rv\u00e9ny szerint a nem k\u00f6zszolg\u00e1lati m\u00e9diaszolg\u00e1ltat\u00f3k nem k\u00f6telesek ilyen jelleg\u0171 politikai rekl\u00e1mot sug\u00e1rozni, de v\u00e1llalhatj\u00e1k azt.     A jogszab\u00e1ly szerint amennyiben a k\u00f6zszolg\u00e1latinak nem min\u0151s\u00fcl\u0151, orsz\u00e1gosan el\u00e9rhet\u0151 line\u00e1ris m\u00e9diaszolg\u00e1ltat\u00e1st ny\u00fajt\u00f3 szolg\u00e1ltat\u00f3k biztos\u00edtani k\u00edv\u00e1nj\u00e1k politikai rekl\u00e1m k\u00f6zz\u00e9t\u00e9tel\u00e9nek lehet\u0151s\u00e9g\u00e9t, ezt k\u00f6telesek k\u00f6z\u00f6lni a NVB-vel. A nem k\u00f6zszolg\u00e1lati m\u00e9diaszolg\u00e1ltat\u00f3knak szombat 16 \u00f3r\u00e1ig volt lehet\u0151s\u00e9g\u00fck ilyen bejelent\u00e9st tenni.     Az NVI t\u00e1j\u00e9koztat\u00e1sa szerint hat\u00e1rid\u0151ig mind\u00f6ssze egy kereskedelmi m\u00e9diaszolg\u00e1ltat\u00f3 jelentkezett be: a Magyar RTL Telev\u00edzi\u00f3 Zrt., amely 150 percben jel\u00f6lte meg a k\u00f6zz\u00e9t\u00e9tel \u00f6sszes id\u0151tartam\u00e1t.       A v\u00e1laszt\u00e1si elj\u00e1r\u00e1sr\u00f3l sz\u00f3l\u00f3 t\u00f6rv\u00e9ny szerint az EP-v\u00e1laszt\u00e1s kamp\u00e1ny\u00e1ban a nem k\u00f6zszolg\u00e1lati m\u00e9diaszolg\u00e1ltat\u00f3 egyenl\u0151 felt\u00e9telek mellett teheti k\u00f6zz\u00e9 a list\u00e1t \u00e1ll\u00edt\u00f3 jel\u00f6l\u0151szervezetek politikai rekl\u00e1mjait, k\u00f6z\u00f6s lista eset\u00e9n a jel\u00f6l\u0151szervezetek egy\u00fcttesen jogosultak a politikai rekl\u00e1m megrendel\u00e9s\u00e9re. <\/p>\n<div class=\"ads-in-post2\"><script async src=\"https:\/\/pagead2.googlesyndication.com\/pagead\/js\/adsbygoogle.js\"><\/script>\r\n<ins class=\"adsbygoogle\"\r\n     style=\"display:block\"\r\n     data-ad-format=\"fluid\"\r\n     data-ad-layout-key=\"-6t+ed+2i-1n-4w\"\r\n     data-ad-client=\"ca-pub-1959107119989764\"\r\n     data-ad-slot=\"4008251320\"><\/ins>\r\n<script>\r\n     (adsbygoogle = window.adsbygoogle || []).push({});\r\n<\/script><\/div>\n    A politikai rekl\u00e1mhoz v\u00e9lem\u00e9nyt, \u00e9rt\u00e9kel\u0151 magyar\u00e1zatot f\u0171zni tilos. A politikai rekl\u00e1m k\u00f6zz\u00e9t\u00e9tel\u00e9\u00e9rt a m\u00e9diaszolg\u00e1ltat\u00f3 ellenszolg\u00e1ltat\u00e1st nem k\u00e9rhet, \u00e9s nem fogadhat el.     Az EP-v\u00e1laszt\u00e1s kamp\u00e1ny\u00e1ban politikai rekl\u00e1mot nem csak a kereskedelmi csatorn\u00e1n l\u00e1thatnak majd a v\u00e1laszt\u00f3polg\u00e1rok. A t\u00f6rv\u00e9ny ugyanis el\u0151\u00edrja, hogy a k\u00f6zszolg\u00e1lati m\u00e9diaszolg\u00e1ltat\u00f3nak is k\u00f6zz\u00e9 kell tennie a list\u00e1t \u00e1ll\u00edt\u00f3 p\u00e1rtok politikai rekl\u00e1mjait. A Duna M\u00e9diaszolg\u00e1ltat\u00f3 Nonprofit Zrt. &#8211; a Duna Telev\u00edzi\u00f3 \u00e9s a Pet\u0151fi R\u00e1di\u00f3 &#8211; naponta h\u00e1rom alkalommal, a 6-8, 12-14 \u00e9s 18-20 \u00f3ra k\u00f6z\u00f6tti id\u0151s\u00e1vokban, megszak\u00edt\u00e1s n\u00e9lk\u00fcl k\u00f6teles biztos\u00edtani a politikai rekl\u00e1mok k\u00f6zz\u00e9t\u00e9tel\u00e9t. A politikai rekl\u00e1mokat \u00f6sszesen 300 percben teszi k\u00f6zz\u00e9 a Duna M\u00e9diaszolg\u00e1ltat\u00f3, ezt az id\u0151tartamot egyenl\u0151 ar\u00e1nyban kell felosztani a list\u00e1t \u00e1ll\u00edt\u00f3 p\u00e1rtok k\u00f6z\u00f6tt. (MTI)<\/p>\n","protected":false},"excerpt":{"rendered":"<p>Csak egy kereskedelmi m\u00e9diaszolg\u00e1ltat\u00f3 jelentkezett a Nemzeti V\u00e1laszt\u00e1si Bizotts\u00e1gn\u00e1l (NVB), hogy a szombaton indult v\u00e1laszt\u00e1si kamp\u00e1nyban politikai rekl\u00e1mot k\u00edv\u00e1n k\u00f6zz\u00e9tenni &#8211; k\u00f6z\u00f6lte a Nemzeti V\u00e1laszt\u00e1si Iroda (NVI) az MTI \u00e9rdekl\u0151d\u00e9s\u00e9re szombaton.<\/p>\n","protected":false},"author":1001003,"featured_media":0,"comment_status":"closed","ping_status":"open","sticky":false,"template":"","format":"standard","meta":[],"categories":[4,18],"tags":[],"_links":{"self":[{"href":"https:\/\/gazdasagportal.hu\/index.php\/wp-json\/wp\/v2\/posts\/115018"}],"collection":[{"href":"https:\/\/gazdasagportal.hu\/index.php\/wp-json\/wp\/v2\/posts"}],"about":[{"href":"https:\/\/gazdasagportal.hu\/index.php\/wp-json\/wp\/v2\/types\/post"}],"author":[{"embeddable":true,"href":"https:\/\/gazdasagportal.hu\/index.php\/wp-json\/wp\/v2\/users\/1001003"}],"replies":[{"embeddable":true,"href":"https:\/\/gazdasagportal.hu\/index.php\/wp-json\/wp\/v2\/comments?post=115018"}],"version-history":[{"count":1,"href":"https:\/\/gazdasagportal.hu\/index.php\/wp-json\/wp\/v2\/posts\/115018\/revisions"}],"predecessor-version":[{"id":115019,"href":"https:\/\/gazdasagportal.hu\/index.php\/wp-json\/wp\/v2\/posts\/115018\/revisions\/115019"}],"wp:attachment":[{"href":"https:\/\/gazdasagportal.hu\/index.php\/wp-json\/wp\/v2\/media?parent=115018"}],"wp:term":[{"taxonomy":"category","embeddable":true,"href":"https:\/\/gazdasagportal.hu\/index.php\/wp-json\/wp\/v2\/categories?post=115018"},{"taxonomy":"post_tag","embeddable":true,"href":"https:\/\/gazdasagportal.hu\/index.php\/wp-json\/wp\/v2\/tags?post=115018"}],"curies":[{"name":"wp","href":"https:\/\/api.w.org\/{rel}","templated":true}]}}