{"id":115012,"date":"2019-04-06T17:07:18","date_gmt":"2019-04-06T15:07:18","guid":{"rendered":"http:\/\/gazdasagportal.hu\/?p=115012"},"modified":"2019-04-06T10:08:33","modified_gmt":"2019-04-06T08:08:33","slug":"mav-tobb-vasutvonalon-valtozasok-lepnek-eletbe-vasarnaptol","status":"publish","type":"post","link":"https:\/\/gazdasagportal.hu\/index.php\/mav-tobb-vasutvonalon-valtozasok-lepnek-eletbe-vasarnaptol\/","title":{"rendered":"M\u00c1V: t\u00f6bb vas\u00fatvonalon v\u00e1ltoz\u00e1sok l\u00e9pnek \u00e9letbe vas\u00e1rnapt\u00f3l"},"content":{"rendered":"<p><strong>Az utasok sz\u00e1m\u00e1ra kedvez\u0151 v\u00e1ltoz\u00e1sok l\u00e9pnek \u00e9letbe vas\u00e1rnapt\u00f3l t\u00f6bb vas\u00fatvonalon &#8211; k\u00f6z\u00f6lte a M\u00c1V szombaton az MTI-vel.<\/strong><!--more--><\/p>\n<div class=\"ads-in-post1\"><div id=\"gazdasagportal.hu_fullbanner_wideboard\"><\/div>\r\n<\/div>\n<p>    A k\u00f6zlem\u00e9ny szerint a l\u00e9nyegesebb m\u00f3dos\u00edt\u00e1sok a Budapest-Debrecen-Ny\u00edregyh\u00e1za, a Budapest-Gy\u0151r, a Sz\u00e9kesfeh\u00e9rv\u00e1r-Szombathely, a Sz\u00e9kesfeh\u00e9rv\u00e1r-Pusztaszabolcs \u00e9s a Budapest-Kelebia vonalakon utaz\u00f3kat \u00e9rintik.<br \/>\n    A Budapest-Debrecen-Ny\u00edregyh\u00e1za vonalon \u00faj InterCity k\u00f6zlekedik S\u00f3st\u00f3 IC n\u00e9ven iskolaid\u0151szakban, p\u00e9ntekenk\u00e9nt \u00e9s vas\u00e1rnaponk\u00e9nt. A kelabiai vonalon vas\u00e1rnapt\u00f3l eg\u00e9szen december 7-ig a szem\u00e9lysz\u00e1ll\u00edt\u00f3 vonatok Budapestr\u0151l, a Keleti p\u00e1lyaudvarr\u00f3l indulnak \u00e9s oda is \u00e9rkeznek.<br \/>\n<div class=\"ads-in-post2\"><script async src=\"https:\/\/pagead2.googlesyndication.com\/pagead\/js\/adsbygoogle.js\"><\/script>\r\n<ins class=\"adsbygoogle\"\r\n     style=\"display:block\"\r\n     data-ad-format=\"fluid\"\r\n     data-ad-layout-key=\"-6t+ed+2i-1n-4w\"\r\n     data-ad-client=\"ca-pub-1959107119989764\"\r\n     data-ad-slot=\"4008251320\"><\/ins>\r\n<script>\r\n     (adsbygoogle = window.adsbygoogle || []).push({});\r\n<\/script><\/div>\n    A Pusztaszabolcs-B\u00f6rg\u00f6nd-Sz\u00e9kesfeh\u00e9rv\u00e1r vonalon a Bz motorvonatok helyett korszer\u0171 Desiro motorvonat \u00e1ll forgalomba &#8211; \u00edrt\u00e1k.<br \/>\n    K\u00f6z\u00f6lt\u00e9k azt is, \u00e1prilis 27-t\u0151l elkezdik az \u00fagynevezett el\u0151szezoni, Balatonra tart\u00f3 vonatok forgalomba \u00e1ll\u00edt\u00e1s\u00e1t, ami azt jelenti, hogy t\u00f6bb vonat megy majd a t\u00f3hoz.(MTI)<\/p>\n","protected":false},"excerpt":{"rendered":"<p>Az utasok sz\u00e1m\u00e1ra kedvez\u0151 v\u00e1ltoz\u00e1sok l\u00e9pnek \u00e9letbe vas\u00e1rnapt\u00f3l t\u00f6bb vas\u00fatvonalon &#8211; k\u00f6z\u00f6lte a M\u00c1V szombaton az MTI-vel.<\/p>\n","protected":false},"author":1001003,"featured_media":0,"comment_status":"closed","ping_status":"open","sticky":false,"template":"","format":"standard","meta":[],"categories":[4],"tags":[],"_links":{"self":[{"href":"https:\/\/gazdasagportal.hu\/index.php\/wp-json\/wp\/v2\/posts\/115012"}],"collection":[{"href":"https:\/\/gazdasagportal.hu\/index.php\/wp-json\/wp\/v2\/posts"}],"about":[{"href":"https:\/\/gazdasagportal.hu\/index.php\/wp-json\/wp\/v2\/types\/post"}],"author":[{"embeddable":true,"href":"https:\/\/gazdasagportal.hu\/index.php\/wp-json\/wp\/v2\/users\/1001003"}],"replies":[{"embeddable":true,"href":"https:\/\/gazdasagportal.hu\/index.php\/wp-json\/wp\/v2\/comments?post=115012"}],"version-history":[{"count":1,"href":"https:\/\/gazdasagportal.hu\/index.php\/wp-json\/wp\/v2\/posts\/115012\/revisions"}],"predecessor-version":[{"id":115014,"href":"https:\/\/gazdasagportal.hu\/index.php\/wp-json\/wp\/v2\/posts\/115012\/revisions\/115014"}],"wp:attachment":[{"href":"https:\/\/gazdasagportal.hu\/index.php\/wp-json\/wp\/v2\/media?parent=115012"}],"wp:term":[{"taxonomy":"category","embeddable":true,"href":"https:\/\/gazdasagportal.hu\/index.php\/wp-json\/wp\/v2\/categories?post=115012"},{"taxonomy":"post_tag","embeddable":true,"href":"https:\/\/gazdasagportal.hu\/index.php\/wp-json\/wp\/v2\/tags?post=115012"}],"curies":[{"name":"wp","href":"https:\/\/api.w.org\/{rel}","templated":true}]}}