{"id":115010,"date":"2019-04-06T15:05:19","date_gmt":"2019-04-06T13:05:19","guid":{"rendered":"http:\/\/gazdasagportal.hu\/?p=115010"},"modified":"2019-04-06T21:37:07","modified_gmt":"2019-04-06T19:37:07","slug":"ep-valasztas-ma-kezdodik-az-alairasgyujtes","status":"publish","type":"post","link":"https:\/\/gazdasagportal.hu\/index.php\/ep-valasztas-ma-kezdodik-az-alairasgyujtes\/","title":{"rendered":"EP-v\u00e1laszt\u00e1s &#8211; Ma kezd\u0151dik az al\u00e1\u00edr\u00e1sgy\u0171jt\u00e9s"},"content":{"rendered":"<p><strong>M\u00e1t\u00f3l kaphatj\u00e1k meg a Nemzeti V\u00e1laszt\u00e1si Irod\u00e1t\u00f3l a p\u00e1rtok az aj\u00e1nl\u00f3\u00edveket a m\u00e1jus 26-ai eur\u00f3pai parlamenti (EP-) v\u00e1laszt\u00e1son indul\u00e1shoz. A v\u00e1laszt\u00e1son indulni sz\u00e1nd\u00e9koz\u00f3knak 20 ezer \u00e9rv\u00e9nyes t\u00e1mogat\u00f3 al\u00e1\u00edr\u00e1st kell \u00f6sszegy\u0171jteni\u00fck. <\/strong><!--more--><\/p>\n<div class=\"ads-in-post1\"><div id=\"gazdasagportal.hu_fullbanner_wideboard\"><\/div>\r\n<\/div>\n    Bejelentkezni\u00fck a v\u00e1laszt\u00e1son indulni sz\u00e1nd\u00e9koz\u00f3 p\u00e1rtoknak a Nemzeti V\u00e1laszt\u00e1si Bizotts\u00e1gn\u00e1l (NVB) kell. A test\u00fclet eddig 24 p\u00e1rtot vett nyilv\u00e1ntart\u00e1sba. A nyilv\u00e1ntart\u00e1sba vett p\u00e1rtok szombaton reggel 8 \u00f3r\u00e1t\u00f3l vehetik \u00e1t az \u00edveket, \u00e9s ezzel kezdet\u00e9t veszi a t\u00f6bb mint k\u00e9t h\u00e9tig tart\u00f3 al\u00e1\u00edr\u00e1sgy\u0171jt\u00e9s. Szombatig mintegy 80 ezer aj\u00e1nl\u00f3\u00edvet nyomtattak ki.<br \/>\n    Mivel az EP-v\u00e1laszt\u00e1son v\u00e1laszt\u00f3joga van &#8211; \u00e9s \u00edgy lista aj\u00e1nl\u00e1s\u00e1ra is jogosult &#8211; annak a magyar \u00e1llampolg\u00e1rnak is, akinek az Eur\u00f3pai Uni\u00f3n k\u00edv\u00fcli lak\u00f3helye van, k\u00fcl\u00f6n aj\u00e1nl\u00f3\u00edv szolg\u00e1l a magyarorsz\u00e1gi lakc\u00edmmel \u00e9s szem\u00e9lyi azonos\u00edt\u00f3val rendelkez\u0151 v\u00e1laszt\u00f3polg\u00e1rok aj\u00e1nl\u00e1sainak gy\u0171jt\u00e9s\u00e9re, illetve a magyarorsz\u00e1gi lakc\u00edmmel vagy szem\u00e9lyi azonos\u00edt\u00f3val nem rendelkez\u0151 v\u00e1laszt\u00f3polg\u00e1rok aj\u00e1nl\u00e1sainak gy\u0171jt\u00e9s\u00e9re. A v\u00e1laszt\u00f3polg\u00e1r t\u00f6bb list\u00e1t is aj\u00e1nlhat, de egy list\u00e1t \u00e9rv\u00e9nyesen csak egyszer.<br \/>\n    A p\u00e1rtok \u00e1prilis 23-\u00e1n 16 \u00f3r\u00e1ig gy\u0171jthetik \u00f6ssze az indul\u00e1shoz sz\u00fcks\u00e9ges 20 ezer aj\u00e1nl\u00e1st, \u00e9s eddig jelenthetik be orsz\u00e1gos list\u00e1ikat az NVB-n\u00e9l.<br \/>\n<div class=\"ads-in-post2\"><script async src=\"https:\/\/pagead2.googlesyndication.com\/pagead\/js\/adsbygoogle.js\"><\/script>\r\n<ins class=\"adsbygoogle\"\r\n     style=\"display:block\"\r\n     data-ad-format=\"fluid\"\r\n     data-ad-layout-key=\"-6t+ed+2i-1n-4w\"\r\n     data-ad-client=\"ca-pub-1959107119989764\"\r\n     data-ad-slot=\"4008251320\"><\/ins>\r\n<script>\r\n     (adsbygoogle = window.adsbygoogle || []).push({});\r\n<\/script><\/div>\n    Aj\u00e1nl\u00e1sokat a v\u00e1laszt\u00f3polg\u00e1rok zaklat\u00e1sa n\u00e9lk\u00fcl b\u00e1rhol lehet gy\u0171jteni. A t\u00f6rv\u00e9ny azonban tiltja az aj\u00e1nl\u00e1s gy\u0171jt\u00e9s\u00e9t az aj\u00e1nl\u00f3 \u00e9s a gy\u0171jt\u0151 munkahely\u00e9n munkaid\u0151ben vagy munkav\u00e9gz\u00e9se k\u00f6zben, a Magyar Honv\u00e9ds\u00e9gn\u00e9l \u00e9s a k\u00f6zponti \u00e1llamigazgat\u00e1si szervekn\u00e9l szolg\u00e1lati viszonyban l\u00e9v\u0151t\u0151l a szolg\u00e1lati helyen vagy szolg\u00e1lati feladat teljes\u00edt\u00e9se k\u00f6zben. Tilos aj\u00e1nl\u00e1st gy\u0171jteni k\u00f6z\u00f6ss\u00e9gi k\u00f6zleked\u00e9si eszk\u00f6z\u00f6n, \u00e1llami, helyi \u00e9s nemzetis\u00e9gi \u00f6nkorm\u00e1nyzat hivatali helyis\u00e9geiben, fels\u0151oktat\u00e1si \u00e9s k\u00f6znevel\u00e9si int\u00e9zm\u00e9nyben, valamint eg\u00e9szs\u00e9g\u00fcgyi szolg\u00e1ltat\u00f3 helyis\u00e9geiben, illetve a tulajdonos el\u0151zetes, \u00edr\u00e1sbeli hozz\u00e1j\u00e1rul\u00e1s\u00e1nak hi\u00e1ny\u00e1ban k\u00f6zforgalom sz\u00e1m\u00e1ra nyitva \u00e1ll\u00f3 mag\u00e1nter\u00fcleten (p\u00e9ld\u00e1ul \u00e1ruh\u00e1zi parkol\u00f3ban).<br \/>\n    A v\u00e1laszt\u00f3polg\u00e1roknak figyelni\u00fck kell arra, hogy csak az az aj\u00e1nl\u00f3\u00edv hiteles, amelyen szerepel  az \u00edv sorsz\u00e1ma, \u00e9s felt\u00fcntett\u00e9k rajta az al\u00e1\u00edr\u00e1sgy\u0171jt\u0151 polg\u00e1r nev\u00e9t \u00e9s al\u00e1\u00edr\u00e1s\u00e1t. A p\u00e1rtoknak figyelni\u00fck kell arra, hogy az aj\u00e1nl\u00e1st gy\u0171jt\u0151 pontosan adja meg az adatait, mert amennyiben azok hib\u00e1sak (p\u00e9ld\u00e1ul el\u00edrja a szem\u00e9lyi azonos\u00edt\u00f3j\u00e1t), az aj\u00e1nl\u00f3\u00edven szerepl\u0151 \u00f6sszes aj\u00e1nl\u00e1s \u00e9rv\u00e9nytelen.<br \/>\n    A gy\u0171jt\u00e9s befejez\u00e9sekor az \u00f6sszes \u00edvet (azt is, amelyen egy aj\u00e1nl\u00e1st sem tettek) le kell adniuk a p\u00e1rtoknak, k\u00fcl\u00f6nben le nem adott \u00edvenk\u00e9nt ezer forint b\u00edrs\u00e1got szab ki a Nemzeti V\u00e1laszt\u00e1si Bizotts\u00e1g. A 2014-es EP-v\u00e1laszt\u00e1son a p\u00e1rtokat \u00f6sszesen 92 milli\u00f3 forintra b\u00edrs\u00e1golt\u00e1k az id\u0151ben le nem adott aj\u00e1nl\u00f3\u00edvek miatt.<br \/>\n(MTI)<\/p>\n","protected":false},"excerpt":{"rendered":"<p>M\u00e1t\u00f3l kaphatj\u00e1k meg a Nemzeti V\u00e1laszt\u00e1si Irod\u00e1t\u00f3l a p\u00e1rtok az aj\u00e1nl\u00f3\u00edveket a m\u00e1jus 26-ai eur\u00f3pai parlamenti (EP-) v\u00e1laszt\u00e1son indul\u00e1shoz. A v\u00e1laszt\u00e1son indulni sz\u00e1nd\u00e9koz\u00f3knak 20 ezer \u00e9rv\u00e9nyes t\u00e1mogat\u00f3 al\u00e1\u00edr\u00e1st kell \u00f6sszegy\u0171jteni\u00fck.<\/p>\n","protected":false},"author":1001003,"featured_media":0,"comment_status":"closed","ping_status":"open","sticky":false,"template":"","format":"standard","meta":[],"categories":[4,18],"tags":[],"_links":{"self":[{"href":"https:\/\/gazdasagportal.hu\/index.php\/wp-json\/wp\/v2\/posts\/115010"}],"collection":[{"href":"https:\/\/gazdasagportal.hu\/index.php\/wp-json\/wp\/v2\/posts"}],"about":[{"href":"https:\/\/gazdasagportal.hu\/index.php\/wp-json\/wp\/v2\/types\/post"}],"author":[{"embeddable":true,"href":"https:\/\/gazdasagportal.hu\/index.php\/wp-json\/wp\/v2\/users\/1001003"}],"replies":[{"embeddable":true,"href":"https:\/\/gazdasagportal.hu\/index.php\/wp-json\/wp\/v2\/comments?post=115010"}],"version-history":[{"count":2,"href":"https:\/\/gazdasagportal.hu\/index.php\/wp-json\/wp\/v2\/posts\/115010\/revisions"}],"predecessor-version":[{"id":115020,"href":"https:\/\/gazdasagportal.hu\/index.php\/wp-json\/wp\/v2\/posts\/115010\/revisions\/115020"}],"wp:attachment":[{"href":"https:\/\/gazdasagportal.hu\/index.php\/wp-json\/wp\/v2\/media?parent=115010"}],"wp:term":[{"taxonomy":"category","embeddable":true,"href":"https:\/\/gazdasagportal.hu\/index.php\/wp-json\/wp\/v2\/categories?post=115010"},{"taxonomy":"post_tag","embeddable":true,"href":"https:\/\/gazdasagportal.hu\/index.php\/wp-json\/wp\/v2\/tags?post=115010"}],"curies":[{"name":"wp","href":"https:\/\/api.w.org\/{rel}","templated":true}]}}