{"id":115008,"date":"2019-04-06T13:24:49","date_gmt":"2019-04-06T11:24:49","guid":{"rendered":"http:\/\/gazdasagportal.hu\/?p=115008"},"modified":"2019-04-06T09:27:01","modified_gmt":"2019-04-06T07:27:01","slug":"ep-valasztas-hivatalosan-megkezdodott-a-kampanyidoszak","status":"publish","type":"post","link":"https:\/\/gazdasagportal.hu\/index.php\/ep-valasztas-hivatalosan-megkezdodott-a-kampanyidoszak\/","title":{"rendered":"EP-v\u00e1laszt\u00e1s &#8211; Hivatalosan megkezd\u0151d\u00f6tt a kamp\u00e1nyid\u0151szak"},"content":{"rendered":"<p><strong>Hivatalosan megkezd\u0151d\u00f6tt szombaton az eur\u00f3pai parlamenti (EP-) v\u00e1laszt\u00e1si kamp\u00e1ny id\u0151szaka. A v\u00e1laszt\u00e1si elj\u00e1r\u00e1sr\u00f3l sz\u00f3l\u00f3 t\u00f6rv\u00e9ny szerint a kamp\u00e1ny a v\u00e1laszt\u00e1st megel\u0151z\u0151 50. napon indul \u00e9s a szavaz\u00e1s napj\u00e1n a voksol\u00e1s befejez\u00e9s\u00e9ig tart.<\/strong><!--more--><\/p>\n<div class=\"ads-in-post1\"><div id=\"gazdasagportal.hu_fullbanner_wideboard\"><\/div>\r\n<\/div>\n<p>    A hivatalos kamp\u00e1nyid\u0151szak kezdet\u00e9re vonatkoz\u00f3 szab\u00e1lyoz\u00e1st az id\u0151 t\u00falhaladta, ma m\u00e1r gyakorlatilag szinte folyamatos, v\u00e1laszt\u00e1st\u00f3l v\u00e1laszt\u00e1sig tart\u00f3 verseng\u00e9s folyik, t\u00f6bb p\u00e1rt a kamp\u00e1ny kezdet\u00e9t\u0151l f\u00fcggetlen\u00fcl m\u00e1r j\u00f3val azt megel\u0151z\u0151en bejelentette r\u00e9szv\u00e9tel\u00e9t, ismertette programj\u00e1t. A Nemzeti V\u00e1laszt\u00e1si Bizotts\u00e1g \u00e9s a K\u00faria k\u00f6vetkezetes gyakorlata szerint csak a hivatalos kamp\u00e1nyid\u0151szakban v\u00e9gzett politikai tev\u00e9kenys\u00e9g sz\u00e1m\u00edt kamp\u00e1nyol\u00e1snak, ezekkel kapcsolatban lehet a v\u00e1laszt\u00e1si szervekhez fordulni, a kamp\u00e1nyid\u0151szakon k\u00edv\u00fcli sz\u00f3r\u00f3lapoz\u00e1s, plak\u00e1tol\u00e1s, a v\u00e1laszt\u00f3k k\u00f6zvetlen megkeres\u00e9se nem tekinthet\u0151 kamp\u00e1nytev\u00e9kenys\u00e9gnek.<br \/>\n    A jogszab\u00e1ly szerint kamp\u00e1nytev\u00e9kenys\u00e9g minden olyan tev\u00e9kenys\u00e9g, amely alkalmas a v\u00e1laszt\u00f3i akarat befoly\u00e1sol\u00e1s\u00e1ra vagy annak megk\u00eds\u00e9rl\u00e9s\u00e9re, kamp\u00e1nyeszk\u00f6z pedig p\u00e9ld\u00e1ul a plak\u00e1t, a v\u00e1laszt\u00f3k jel\u00f6lt vagy jel\u00f6l\u0151szervezet \u00e1ltali k\u00f6zvetlen megkeres\u00e9se, a politikai rekl\u00e1m \u00e9s politikai hirdet\u00e9s, valamint a v\u00e1laszt\u00e1si gy\u0171l\u00e9s.<br \/>\n    Nem min\u0151s\u00fcl v\u00e1laszt\u00e1si kamp\u00e1nynak a v\u00e1laszt\u00e1si szervek tev\u00e9kenys\u00e9ge, az \u00e1llampolg\u00e1rok &#8211; mint mag\u00e1nszem\u00e9lyek &#8211; k\u00f6z\u00f6tti szem\u00e9lyes kommunik\u00e1ci\u00f3, f\u00fcggetlen\u00fcl annak tartalm\u00e1t\u00f3l \u00e9s form\u00e1j\u00e1t\u00f3l, tov\u00e1bb\u00e1 az Alkotm\u00e1nyb\u00edr\u00f3s\u00e1g, a b\u00edr\u00f3s\u00e1gok, a helyi \u00f6nkorm\u00e1nyzatok \u00e9s m\u00e1s \u00e1llami szervek jogszab\u00e1lyban meghat\u00e1rozott feladatuk sor\u00e1n v\u00e9gzett tev\u00e9kenys\u00e9ge.<br \/>\n<div class=\"ads-in-post2\"><script async src=\"https:\/\/pagead2.googlesyndication.com\/pagead\/js\/adsbygoogle.js\"><\/script>\r\n<ins class=\"adsbygoogle\"\r\n     style=\"display:block\"\r\n     data-ad-format=\"fluid\"\r\n     data-ad-layout-key=\"-6t+ed+2i-1n-4w\"\r\n     data-ad-client=\"ca-pub-1959107119989764\"\r\n     data-ad-slot=\"4008251320\"><\/ins>\r\n<script>\r\n     (adsbygoogle = window.adsbygoogle || []).push({});\r\n<\/script><\/div>\n    A v\u00e1laszt\u00e1si kamp\u00e1ny v\u00e9g\u00e9ig a p\u00e1rtok enged\u00e9ly n\u00e9lk\u00fcl k\u00e9sz\u00edthetnek plak\u00e1tot (v\u00e1laszt\u00e1si falragaszt, sz\u00f3r\u00f3lapot, vet\u00edtett k\u00e9pet, embl\u00e9m\u00e1t) m\u00e9rett\u0151l \u00e9s hordoz\u00f3anyagt\u00f3l f\u00fcggetlen\u00fcl, de ezeken is fel kell t\u00fcntetni impresszumszer\u0171en a kiad\u00f3 adatait, \u00edgy a kiad\u00f3 nev\u00e9t, sz\u00e9khely\u00e9t \u00e9s a kiad\u00e1s felel\u0151s\u00e9nek nev\u00e9t is.<br \/>\n    A v\u00e1laszt\u00e1si elj\u00e1r\u00e1si t\u00f6rv\u00e9ny szerint kamp\u00e1nyid\u0151szakban korl\u00e1toz\u00e1s n\u00e9lk\u00fcl lehet plak\u00e1tokat elhelyezni. A jogszab\u00e1ly azonban el\u0151\u00edrja, hogy plak\u00e1tot elhelyezni mag\u00e1ntulajdon\u00fa ingatlanon, \u00e9p\u00edtm\u00e9nyen, oszlopon kiz\u00e1r\u00f3lag a tulajdonos vagy a b\u00e9rl\u0151, \u00e1llami vagy \u00f6nkorm\u00e1nyzati tulajdon\u00fan pedig csak a vagyonkezel\u0151i jog gyakorl\u00f3j\u00e1nak el\u0151zetes, \u00edr\u00e1sbeli hozz\u00e1j\u00e1rul\u00e1s\u00e1val lehet. Tilos plak\u00e1tolni v\u00e9dett m\u0171eml\u00e9ken, \u00e9p\u00edt\u00e9szeti \u00f6r\u00f6ks\u00e9gen, v\u00e9dett term\u00e9szeti ter\u00fcleten, valamint \u00e1llami vagy \u00f6nkorm\u00e1nyzati hat\u00f3s\u00e1g elhelyez\u00e9s\u00e9re szolg\u00e1l\u00f3 \u00e9p\u00fcleten vagy azon bel\u00fcl. A jogszab\u00e1ly tavaly \u00e9v v\u00e9gi m\u00f3dosul\u00e1sa k\u00f6vetkezt\u00e9ben m\u00e1r nem lehet p\u00e9ld\u00e1ul villanyoszlopokon a tulajdonos enged\u00e9lye n\u00e9lk\u00fcl plak\u00e1tot elhelyezni, tiltott az \u00fatra, j\u00e1rd\u00e1ra felf\u00fajt hirdet\u00e9s is.<br \/>\n    A v\u00e1laszt\u00e1si kamp\u00e1nyt szolg\u00e1l\u00f3 \u00f6n\u00e1ll\u00f3 hirdet\u0151berendez\u00e9s elhelyez\u00e9s\u00e9re, valamint az \u00f3ri\u00e1splak\u00e1tok vonatkoz\u00e1s\u00e1ban a k\u00f6zter\u00fclet-haszn\u00e1latr\u00f3l sz\u00f3l\u00f3 jogszab\u00e1lyokat kell alkalmazni.<br \/>\n    A plak\u00e1tot \u00fagy kell elhelyezni, hogy ne fedje m\u00e1s jel\u00f6lt vagy p\u00e1rt plak\u00e1tj\u00e1t, \u00e9s k\u00e1rokoz\u00e1s n\u00e9lk\u00fcl elt\u00e1vol\u00edthat\u00f3 legyen. A plak\u00e1tot annak kell elt\u00e1vol\u00edtania a v\u00e1laszt\u00e1st k\u00f6vet\u0151 30 napon bel\u00fcl, aki elhelyezte.<br \/>\n    A kamp\u00e1ny ideje alatt tehetnek k\u00f6zz\u00e9 a jel\u00f6l\u0151szervezeteknek politikai hirdet\u00e9st \u00e9s rekl\u00e1mot.<br \/>\n    A jogszab\u00e1ly politikai hirdet\u00e9snek nevezi az ellen\u00e9rt\u00e9k fej\u00e9ben, valamely jel\u00f6l\u0151szervezet vagy f\u00fcggetlen jel\u00f6lt n\u00e9pszer\u0171s\u00edt\u00e9s\u00e9t szolg\u00e1l\u00f3 \u00e9s t\u00e1mogat\u00e1s\u00e1ra \u00f6szt\u00f6nz\u0151, sajt\u00f3term\u00e9kben (valamint az interneten \u00e9s moziban) k\u00f6zz\u00e9tett tartalmat. A kamp\u00e1nyban csak azok a sajt\u00f3term\u00e9kek k\u00f6z\u00f6lhetnek politikai hirdet\u00e9st, amelyek m\u00e1rcius 8-\u00e1ig jelezt\u00e9k ezt a sz\u00e1nd\u00e9kukat az \u00c1llami Sz\u00e1mvev\u0151sz\u00e9knek (\u00c1SZ), \u00e9s ott nyilv\u00e1ntart\u00e1sba is vett\u00e9k a sajt\u00f3org\u00e1num hirdet\u00e9si \u00e1rjegyz\u00e9k\u00e9t. Az \u00c1SZ 121 nyomtatott \u00e9s 85 elektronikus sajt\u00f3term\u00e9k hirdet\u00e9si \u00e1rjegyz\u00e9k\u00e9t vette nyilv\u00e1ntart\u00e1sba. A politikai hirdet\u00e9snek azonnal felismerhet\u0151nek \u00e9s m\u00e1s m\u00e9diatartalmakt\u00f3l megk\u00fcl\u00f6nb\u00f6ztethet\u0151nek kell lennie, fel kell t\u00fcntetni rajta a megrendel\u0151 nev\u00e9t \u00e9s lak\u00f3hely\u00e9t, illetve sz\u00e9khely\u00e9t.<br \/>\n    A politikai rekl\u00e1mot &#8211; amelynek a c\u00e9lja ugyancsak a jel\u00f6ltek, jel\u00f6l\u0151szervezetek n\u00e9pszer\u0171s\u00edt\u00e9se &#8211; telev\u00edzi\u00f3ban, r\u00e1di\u00f3ban lehet k\u00f6zz\u00e9tenni. Ez\u00e9rt a m\u00e9diaszolg\u00e1ltat\u00f3 (telev\u00edzi\u00f3, r\u00e1di\u00f3) nem k\u00e9rhet ellenszolg\u00e1ltat\u00e1st. A kereskedelmi m\u0171sorszolg\u00e1ltat\u00f3knak szombaton, \u00e1prilis 6-\u00e1n 16 \u00f3r\u00e1ig kell jelezni\u00fck a Nemzeti V\u00e1laszt\u00e1si Bizotts\u00e1gn\u00e1l, hogy a kamp\u00e1nyban politikai rekl\u00e1mot akarnak k\u00f6zz\u00e9tenni. A m\u0171sorszolg\u00e1ltat\u00f3k a jel\u00f6l\u0151szervezetek politikai rekl\u00e1mjait azonos felt\u00e9telek mellett tehetik k\u00f6zz\u00e9, ahhoz v\u00e9lem\u00e9nyt, \u00e9rt\u00e9kel\u0151 magyar\u00e1zatot f\u0171zni tilos. A szavaz\u00e1s napj\u00e1n politikai rekl\u00e1mot nem lehet k\u00f6zz\u00e9tenni.<br \/>\n    A kamp\u00e1nyid\u0151szakban v\u00e1laszt\u00e1si gy\u0171l\u00e9seket is lehet tartani, ezek a gy\u00fclekez\u00e9si jogr\u00f3l sz\u00f3l\u00f3 t\u00f6rv\u00e9ny hat\u00e1lya al\u00e1 tartoznak. Aki k\u00f6zter\u00fcleten nyilv\u00e1nos gy\u0171l\u00e9st szervez, azt a megtart\u00e1sa el\u0151tt legfeljebb h\u00e1rom h\u00f3nappal, a meghirdet\u00e9se el\u0151tt legal\u00e1bb 48 \u00f3r\u00e1val k\u00f6teles bejelenteni az illet\u00e9kes rend\u0151rkapit\u00e1nys\u00e1gnak. A szavaz\u00e1s napj\u00e1n nem lehet v\u00e1laszt\u00e1si gy\u0171l\u00e9st tartani.(MTI)<\/p>\n","protected":false},"excerpt":{"rendered":"<p>Hivatalosan megkezd\u0151d\u00f6tt szombaton az eur\u00f3pai parlamenti (EP-) v\u00e1laszt\u00e1si kamp\u00e1ny id\u0151szaka. A v\u00e1laszt\u00e1si elj\u00e1r\u00e1sr\u00f3l sz\u00f3l\u00f3 t\u00f6rv\u00e9ny szerint a kamp\u00e1ny a v\u00e1laszt\u00e1st megel\u0151z\u0151 50. napon indul \u00e9s a szavaz\u00e1s napj\u00e1n a voksol\u00e1s befejez\u00e9s\u00e9ig tart.<\/p>\n","protected":false},"author":1001003,"featured_media":95339,"comment_status":"closed","ping_status":"open","sticky":false,"template":"","format":"standard","meta":[],"categories":[146,4,12],"tags":[],"_links":{"self":[{"href":"https:\/\/gazdasagportal.hu\/index.php\/wp-json\/wp\/v2\/posts\/115008"}],"collection":[{"href":"https:\/\/gazdasagportal.hu\/index.php\/wp-json\/wp\/v2\/posts"}],"about":[{"href":"https:\/\/gazdasagportal.hu\/index.php\/wp-json\/wp\/v2\/types\/post"}],"author":[{"embeddable":true,"href":"https:\/\/gazdasagportal.hu\/index.php\/wp-json\/wp\/v2\/users\/1001003"}],"replies":[{"embeddable":true,"href":"https:\/\/gazdasagportal.hu\/index.php\/wp-json\/wp\/v2\/comments?post=115008"}],"version-history":[{"count":1,"href":"https:\/\/gazdasagportal.hu\/index.php\/wp-json\/wp\/v2\/posts\/115008\/revisions"}],"predecessor-version":[{"id":115009,"href":"https:\/\/gazdasagportal.hu\/index.php\/wp-json\/wp\/v2\/posts\/115008\/revisions\/115009"}],"wp:featuredmedia":[{"embeddable":true,"href":"https:\/\/gazdasagportal.hu\/index.php\/wp-json\/wp\/v2\/media\/95339"}],"wp:attachment":[{"href":"https:\/\/gazdasagportal.hu\/index.php\/wp-json\/wp\/v2\/media?parent=115008"}],"wp:term":[{"taxonomy":"category","embeddable":true,"href":"https:\/\/gazdasagportal.hu\/index.php\/wp-json\/wp\/v2\/categories?post=115008"},{"taxonomy":"post_tag","embeddable":true,"href":"https:\/\/gazdasagportal.hu\/index.php\/wp-json\/wp\/v2\/tags?post=115008"}],"curies":[{"name":"wp","href":"https:\/\/api.w.org\/{rel}","templated":true}]}}