{"id":115006,"date":"2019-04-06T11:23:32","date_gmt":"2019-04-06T09:23:32","guid":{"rendered":"http:\/\/gazdasagportal.hu\/?p=115006"},"modified":"2019-04-06T09:24:36","modified_gmt":"2019-04-06T07:24:36","slug":"metrofelujitas-szombaton-indul-a-masodik-utem-valtozik-a-kozlekedesi-rend-del-pesten","status":"publish","type":"post","link":"https:\/\/gazdasagportal.hu\/index.php\/metrofelujitas-szombaton-indul-a-masodik-utem-valtozik-a-kozlekedesi-rend-del-pesten\/","title":{"rendered":"Metr\u00f3fel\u00faj\u00edt\u00e1s &#8211; Szombaton indul a m\u00e1sodik \u00fctem, v\u00e1ltozik a k\u00f6zleked\u00e9si rend D\u00e9l-Pesten"},"content":{"rendered":"<p><strong>Ma indul a 3-as metr\u00f3 fel\u00faj\u00edt\u00e1s\u00e1nak m\u00e1sodik \u00fcteme, amelynek keret\u00e9ben a d\u00e9li szakaszt \u00faj\u00edtj\u00e1k fel a Nagyv\u00e1rad t\u00e9r \u00e9s K\u0151b\u00e1nya-Kispest k\u00f6z\u00f6tt. Jelent\u0151s v\u00e1ltoz\u00e1sok lesznek a k\u00f6zleked\u00e9sben is.<\/strong><!--more--><\/p>\n<div class=\"ads-in-post1\"><div id=\"gazdasagportal.hu_fullbanner_wideboard\"><\/div>\r\n<\/div>\n<p>A Budapesti K\u00f6zleked\u00e9si K\u00f6zpont (BKK) MTI-hez eljuttatott k\u00f6zlem\u00e9ny\u00e9ben eml\u00e9keztetett, hogy a fel\u00faj\u00edt\u00e1s ideje alatt K\u0151b\u00e1nya-Kispest \u00e9s a Nagyv\u00e1rad t\u00e9r k\u00f6z\u00f6tt alacsonypadl\u00f3s, l\u00e9gkondicion\u00e1lt metr\u00f3p\u00f3tl\u00f3 buszok k\u00f6zlekednek cs\u00facsid\u0151ben 45 m\u00e1sodpercenk\u00e9nt indulva, sz\u00e1mukra az \u00dcll\u0151i \u00faton buszs\u00e1vot jel\u00f6ltek ki.<br \/>\nA metr\u00f3p\u00f3tl\u00f3 buszok mellett \u00faj buszj\u00e1ratok is seg\u00edtik a k\u00f6zleked\u00e9st, egyes megl\u00e9v\u0151 j\u00e1ratok pedig meghosszabb\u00edtott \u00fatvonalon, s\u0171r\u0171bben k\u00f6zlekednek. A Budapest-b\u00e9rlettel rendelkez\u0151k a Nyugati p\u00e1lyaudvar \u00e9s K\u0151b\u00e1nya-Kispest, illetve Ferihegy vas\u00fat\u00e1llom\u00e1s k\u00f6z\u00f6tt k\u00f6zleked\u0151 InterCity \u00e9s gyorsvonatokat az egy\u00e9bk\u00e9nt sz\u00fcks\u00e9ges fel\u00e1r megfizet\u00e9se n\u00e9lk\u00fcl vehetik ig\u00e9nybe a f\u0151v\u00e1rosi szakaszon.<br \/>\n<div class=\"ads-in-post2\"><script async src=\"https:\/\/pagead2.googlesyndication.com\/pagead\/js\/adsbygoogle.js\"><\/script>\r\n<ins class=\"adsbygoogle\"\r\n     style=\"display:block\"\r\n     data-ad-format=\"fluid\"\r\n     data-ad-layout-key=\"-6t+ed+2i-1n-4w\"\r\n     data-ad-client=\"ca-pub-1959107119989764\"\r\n     data-ad-slot=\"4008251320\"><\/ins>\r\n<script>\r\n     (adsbygoogle = window.adsbygoogle || []).push({});\r\n<\/script><\/div>\nA metr\u00f3fel\u00faj\u00edt\u00e1sr\u00f3l a projekt hivatalos honlapj\u00e1n, a\u00a0<a title=\"Hely megnyit\u00e1sa\" href=\"http:\/\/www.m3felujitas.hu-n\/\" target=\"_blank\" rel=\"noopener noreferrer\">http:\/\/www.m3felujitas.hu-n<\/a>, a menetrenddel kapcsolatban a\u00a0<a title=\"Hely megnyit\u00e1sa\" href=\"https:\/\/www.bkk.hu\/m3felujitas\/\" target=\"_blank\" rel=\"noopener noreferrer\">https:\/\/www.bkk.hu\/m3felujitas\/<\/a>\u00a0oldalon t\u00e1j\u00e9koz\u00f3dhatnak.(MTI)<\/p>\n<p>&nbsp;<\/p><div id=\"gazda-819980090\" class=\"gazda-tartalomban gazda-entity-placement\"><script async src=\"https:\/\/pagead2.googlesyndication.com\/pagead\/js\/adsbygoogle.js\"><\/script>\r\n<ins class=\"adsbygoogle\"\r\n     style=\"display:block\"\r\n     data-ad-format=\"fluid\"\r\n     data-ad-layout-key=\"-6t+ed+2i-1n-4w\"\r\n     data-ad-client=\"ca-pub-1959107119989764\"\r\n     data-ad-slot=\"4008251320\"><\/ins>\r\n<script>\r\n     (adsbygoogle = window.adsbygoogle || []).push({});\r\n<\/script><\/div>\n","protected":false},"excerpt":{"rendered":"<p>Ma indul a 3-as metr\u00f3 fel\u00faj\u00edt\u00e1s\u00e1nak m\u00e1sodik \u00fcteme, amelynek keret\u00e9ben a d\u00e9li szakaszt \u00faj\u00edtj\u00e1k fel a Nagyv\u00e1rad t\u00e9r \u00e9s K\u0151b\u00e1nya-Kispest k\u00f6z\u00f6tt. Jelent\u0151s v\u00e1ltoz\u00e1sok lesznek a k\u00f6zleked\u00e9sben is.<\/p>\n","protected":false},"author":1001003,"featured_media":0,"comment_status":"closed","ping_status":"open","sticky":false,"template":"","format":"standard","meta":[],"categories":[4],"tags":[],"_links":{"self":[{"href":"https:\/\/gazdasagportal.hu\/index.php\/wp-json\/wp\/v2\/posts\/115006"}],"collection":[{"href":"https:\/\/gazdasagportal.hu\/index.php\/wp-json\/wp\/v2\/posts"}],"about":[{"href":"https:\/\/gazdasagportal.hu\/index.php\/wp-json\/wp\/v2\/types\/post"}],"author":[{"embeddable":true,"href":"https:\/\/gazdasagportal.hu\/index.php\/wp-json\/wp\/v2\/users\/1001003"}],"replies":[{"embeddable":true,"href":"https:\/\/gazdasagportal.hu\/index.php\/wp-json\/wp\/v2\/comments?post=115006"}],"version-history":[{"count":1,"href":"https:\/\/gazdasagportal.hu\/index.php\/wp-json\/wp\/v2\/posts\/115006\/revisions"}],"predecessor-version":[{"id":115007,"href":"https:\/\/gazdasagportal.hu\/index.php\/wp-json\/wp\/v2\/posts\/115006\/revisions\/115007"}],"wp:attachment":[{"href":"https:\/\/gazdasagportal.hu\/index.php\/wp-json\/wp\/v2\/media?parent=115006"}],"wp:term":[{"taxonomy":"category","embeddable":true,"href":"https:\/\/gazdasagportal.hu\/index.php\/wp-json\/wp\/v2\/categories?post=115006"},{"taxonomy":"post_tag","embeddable":true,"href":"https:\/\/gazdasagportal.hu\/index.php\/wp-json\/wp\/v2\/tags?post=115006"}],"curies":[{"name":"wp","href":"https:\/\/api.w.org\/{rel}","templated":true}]}}