{"id":115004,"date":"2019-04-06T09:21:58","date_gmt":"2019-04-06T07:21:58","guid":{"rendered":"http:\/\/gazdasagportal.hu\/?p=115004"},"modified":"2019-04-06T09:21:58","modified_gmt":"2019-04-06T07:21:58","slug":"az-orszag-szinte-minden-telepulesen-nott-az-erdeklodes-az-elado-lakasok-irant","status":"publish","type":"post","link":"https:\/\/gazdasagportal.hu\/index.php\/az-orszag-szinte-minden-telepulesen-nott-az-erdeklodes-az-elado-lakasok-irant\/","title":{"rendered":"Az orsz\u00e1g szinte minden telep\u00fcl\u00e9s\u00e9n n\u0151tt az \u00e9rdekl\u0151d\u00e9s az elad\u00f3 lak\u00e1sok ir\u00e1nt"},"content":{"rendered":"<p><strong>Az orsz\u00e1g szinte minden telep\u00fcl\u00e9s\u00e9n n\u0151tt az \u00e9rdekl\u0151d\u00e9s az elad\u00f3 lak\u00e1sok ir\u00e1nt &#8211; mondta Balogh L\u00e1szl\u00f3, az ingatlan.com vezet\u0151 gazdas\u00e1gi szak\u00e9rt\u0151je szombat reggel az M1 aktu\u00e1lis csatorn\u00e1n.<\/strong><!--more--><\/p>\n<div class=\"ads-in-post1\"><div id=\"gazdasagportal.hu_fullbanner_wideboard\"><\/div>\r\n<\/div>\n<p>    A szak\u00e9rt\u0151 elmondta, a f\u0151v\u00e1ros mellett Kom\u00e1rom-Esztergom megy\u00e9ben, J\u00e1sz-Nagykun-Szolnok megy\u00e9ben \u00e9s N\u00f3gr\u00e1d megy\u00e9ben n\u0151tt legink\u00e1bb az \u00e9rdekl\u0151d\u00e9s.<br \/>\n    Hozz\u00e1tette, m\u00edg a lak\u00e1sok ir\u00e1nti \u00e9rdekl\u0151d\u00e9s n\u00f6veked\u00e9se \u00e9s az ezzel j\u00e1r\u00f3 \u00e1rrobban\u00e1s 2014-ben Budapesten kezd\u0151d\u00f6tt, mostanra ez kiterjedt szinte az eg\u00e9sz orsz\u00e1gra \u00e9s a kisebb telep\u00fcl\u00e9sekre is.(MTI)<br \/>\n<div class=\"ads-in-post2\"><script async src=\"https:\/\/pagead2.googlesyndication.com\/pagead\/js\/adsbygoogle.js\"><\/script>\r\n<ins class=\"adsbygoogle\"\r\n     style=\"display:block\"\r\n     data-ad-format=\"fluid\"\r\n     data-ad-layout-key=\"-6t+ed+2i-1n-4w\"\r\n     data-ad-client=\"ca-pub-1959107119989764\"\r\n     data-ad-slot=\"4008251320\"><\/ins>\r\n<script>\r\n     (adsbygoogle = window.adsbygoogle || []).push({});\r\n<\/script><\/div>\n","protected":false},"excerpt":{"rendered":"<p>Az orsz\u00e1g szinte minden telep\u00fcl\u00e9s\u00e9n n\u0151tt az \u00e9rdekl\u0151d\u00e9s az elad\u00f3 lak\u00e1sok ir\u00e1nt &#8211; mondta Balogh L\u00e1szl\u00f3, az ingatlan.com vezet\u0151 gazdas\u00e1gi szak\u00e9rt\u0151je szombat reggel az M1 aktu\u00e1lis csatorn\u00e1n.<\/p>\n","protected":false},"author":1001003,"featured_media":0,"comment_status":"closed","ping_status":"open","sticky":false,"template":"","format":"standard","meta":[],"categories":[4,19,22],"tags":[],"_links":{"self":[{"href":"https:\/\/gazdasagportal.hu\/index.php\/wp-json\/wp\/v2\/posts\/115004"}],"collection":[{"href":"https:\/\/gazdasagportal.hu\/index.php\/wp-json\/wp\/v2\/posts"}],"about":[{"href":"https:\/\/gazdasagportal.hu\/index.php\/wp-json\/wp\/v2\/types\/post"}],"author":[{"embeddable":true,"href":"https:\/\/gazdasagportal.hu\/index.php\/wp-json\/wp\/v2\/users\/1001003"}],"replies":[{"embeddable":true,"href":"https:\/\/gazdasagportal.hu\/index.php\/wp-json\/wp\/v2\/comments?post=115004"}],"version-history":[{"count":1,"href":"https:\/\/gazdasagportal.hu\/index.php\/wp-json\/wp\/v2\/posts\/115004\/revisions"}],"predecessor-version":[{"id":115005,"href":"https:\/\/gazdasagportal.hu\/index.php\/wp-json\/wp\/v2\/posts\/115004\/revisions\/115005"}],"wp:attachment":[{"href":"https:\/\/gazdasagportal.hu\/index.php\/wp-json\/wp\/v2\/media?parent=115004"}],"wp:term":[{"taxonomy":"category","embeddable":true,"href":"https:\/\/gazdasagportal.hu\/index.php\/wp-json\/wp\/v2\/categories?post=115004"},{"taxonomy":"post_tag","embeddable":true,"href":"https:\/\/gazdasagportal.hu\/index.php\/wp-json\/wp\/v2\/tags?post=115004"}],"curies":[{"name":"wp","href":"https:\/\/api.w.org\/{rel}","templated":true}]}}