{"id":114998,"date":"2019-04-05T16:46:42","date_gmt":"2019-04-05T14:46:42","guid":{"rendered":"http:\/\/gazdasagportal.hu\/?p=114998"},"modified":"2019-04-05T16:46:42","modified_gmt":"2019-04-05T14:46:42","slug":"ne-feledjuk-kerni-a-betegsegek-utan-jaro-adokedvezmenyt-az-szja-bevallasban","status":"publish","type":"post","link":"https:\/\/gazdasagportal.hu\/index.php\/ne-feledjuk-kerni-a-betegsegek-utan-jaro-adokedvezmenyt-az-szja-bevallasban\/","title":{"rendered":"Ne feledj\u00fck k\u00e9rni a betegs\u00e9gek ut\u00e1n j\u00e1r\u00f3 ad\u00f3kedvezm\u00e9nyt az SZJA-bevall\u00e1sban!"},"content":{"rendered":"<p><strong>Id\u00e9n jelent\u0151sen b\u0151v\u00fclt azon tart\u00f3s eg\u00e9szs\u00e9g\u00fcgyi probl\u00e9m\u00e1k k\u00f6re, amelyek ut\u00e1n a dolgoz\u00f3k jogosultak arra, hogy a minim\u00e1lb\u00e9r 5 sz\u00e1zal\u00e9k\u00e1t, vagyis az idei \u00e9vben havi 7\u00a0450 forintot a saj\u00e1t szem\u00e9lyi j\u00f6vedelemad\u00f3jukb\u00f3l levonjanak. Imm\u00e1r jogosult a kedvezm\u00e9nyre t\u00f6bbek k\u00f6z\u00f6tt az a mintegy 200 ezer n\u0151 is, akin\u00e9l endometri\u00f3zist \u00e1llap\u00edtottak meg. A kedvezm\u00e9ny m\u00e1r a havi ad\u00f3el\u0151leg levon\u00e1sakor is k\u00e9rhet\u0151 a munk\u00e1ltat\u00f3n\u00e1l, de \u00e9rv\u00e9nyes\u00edthet\u0151 az SZJA-bevall\u00e1sban, egy \u00f6sszegben is. <\/strong><!--more--><\/p>\n<div class=\"ads-in-post1\"><div id=\"gazdasagportal.hu_fullbanner_wideboard\"><\/div>\r\n<\/div>\n<p><strong>\u00a0<\/strong><\/p>\n<p>A vonatkoz\u00f3 korm\u00e1nyrendelet \u00f6sszesen 18 betegs\u00e9gcsoportot, ezen bel\u00fcl mintegy 700 olyan betegs\u00e9get hat\u00e1roz meg, amely jogosultt\u00e1 tesz az \u00e9ves szinten 90 ezer forintot jelent\u0151 ad\u00f3kedvezm\u00e9nyre. 2019 janu\u00e1r elsej\u00e9t\u0151l ebbe a k\u00f6rbe tartozik az endometri\u00f3zis, illetve az eml\u0151-, m\u00e9hnyak-, petef\u00e9szek-, prosztata- \u00e9s heredaganat is. Noha a jogosults\u00e1got csak az \u00e9v elej\u00e9t\u0151l \u00e1llap\u00edtott\u00e1k meg<strong>, fontos tudni, hogy a kedvezm\u00e9ny az eddigi betegs\u00e9gekhez hasonl\u00f3 m\u00f3don ak\u00e1r \u00f6t \u00e9vre visszamen\u0151leg is j\u00e1rhat, amennyiben a betegs\u00e9g diagnosztiz\u00e1l\u00e1sa ennyi id\u0151vel kor\u00e1bban megt\u00f6rt\u00e9nt.<\/strong><\/p>\n<p>&nbsp;<\/p><div id=\"gazda-3826667619\" class=\"gazda-tartalomban gazda-entity-placement\"><script async src=\"https:\/\/pagead2.googlesyndication.com\/pagead\/js\/adsbygoogle.js\"><\/script>\r\n<ins class=\"adsbygoogle\"\r\n     style=\"display:block\"\r\n     data-ad-format=\"fluid\"\r\n     data-ad-layout-key=\"-6t+ed+2i-1n-4w\"\r\n     data-ad-client=\"ca-pub-1959107119989764\"\r\n     data-ad-slot=\"4008251320\"><\/ins>\r\n<script>\r\n     (adsbygoogle = window.adsbygoogle || []).push({});\r\n<\/script><\/div>\n<p>Az endometri\u00f3zis egy n\u0151gy\u00f3gy\u00e1szati k\u00f3rk\u00e9p, melyben a norm\u00e1lisan csak a m\u00e9h bels\u0151 felsz\u00edn\u00e9n jelen l\u00e9v\u0151 ny\u00e1lkah\u00e1rtya a m\u00e9h \u00fcreg\u00e9n k\u00edv\u00fcl is megtal\u00e1lhat\u00f3. Egyik gyakori oka a kr\u00f3nikus (menstru\u00e1ci\u00f3 sor\u00e1n feler\u0151s\u00f6d\u0151) alhasi f\u00e1jdalmaknak, illetve a medd\u0151s\u00e9gnek is. El\u0151fordul\u00e1sa gyakori, Magyarorsz\u00e1gon becsl\u00e9sek szerint mintegy 200 ezer n\u0151t \u00e9rint enyh\u00e9bb vagy s\u00falyosabb form\u00e1ban ez a betegs\u00e9g.<\/p>\n<p>&nbsp;<\/p>\n<p>Az ad\u00f3kedvezm\u00e9nyt a munkav\u00e1llal\u00f3k vagy havonta kapj\u00e1k meg \u2013 ehhez az \u00e9v els\u0151 h\u00f3napj\u00e1ban ad\u00f3el\u0151leg-nyilatkozatot kell leadniuk \u2013, vagy az \u00e9ves ad\u00f3bevall\u00e1sukban ig\u00e9nylik vissza egy \u00f6sszegben. A kor\u00e1bbi \u00e9vekre visszamen\u0151leg j\u00e1r\u00f3 ad\u00f3kedvezm\u00e9nyhez (ez az akkor \u00e9rv\u00e9nyes minim\u00e1lb\u00e9rek 5 sz\u00e1zal\u00e9k\u00e1t jelenti) az \u00e9rintett \u00e9vekre vonatkoz\u00f3 ad\u00f3bevall\u00e1sok ut\u00f3lagos rev\u00edzi\u00f3j\u00e1val lehet hozz\u00e1jutni. A kedvezm\u00e9ny ig\u00e9nybe v\u00e9tel\u00e9nek <strong>felt\u00e9tele a betegs\u00e9g fenn\u00e1ll\u00e1s\u00e1t bizony\u00edt\u00f3 orvosi igazol\u00e1s, amely szakambulancia vagy k\u00f3rh\u00e1zi szakorvos diagn\u00f3zis\u00e1ra \u00e9p\u00fcl<\/strong>.<\/p>\n<p>&nbsp;<br \/>\n<div class=\"ads-in-post2\"><script async src=\"https:\/\/pagead2.googlesyndication.com\/pagead\/js\/adsbygoogle.js\"><\/script>\r\n<ins class=\"adsbygoogle\"\r\n     style=\"display:block\"\r\n     data-ad-format=\"fluid\"\r\n     data-ad-layout-key=\"-6t+ed+2i-1n-4w\"\r\n     data-ad-client=\"ca-pub-1959107119989764\"\r\n     data-ad-slot=\"4008251320\"><\/ins>\r\n<script>\r\n     (adsbygoogle = window.adsbygoogle || []).push({});\r\n<\/script><\/div>\n<p>\u201eMivel jelent\u0151s \u00f6sszegr\u0151l van sz\u00f3, minden olyan munkav\u00e1llal\u00f3nak, aki valamilyen tart\u00f3s eg\u00e9szs\u00e9g\u00fcgyi probl\u00e9m\u00e1val \u00e9l, javasoljuk, hogy konzult\u00e1ljon kezel\u0151orvos\u00e1val arr\u00f3l, hogy betegs\u00e9ge jogos\u00edthatja-e \u0151t az ad\u00f3kedvezm\u00e9nyre \u2013 javasolja Balog Lajos, a Trenkwalder Rehabilit\u00e1ci\u00f3s \u00fczlet\u00e1g\u00e1nak vezet\u0151je. \u2013 A kedvezm\u00e9nyezett betegs\u00e9gek k\u00f6z\u00e9 ugyanis a k\u00fcl\u00f6nb\u00f6z\u0151 \u00e9rz\u00e9kel\u00e9si \u00e9s mozg\u00e1sszervi fogyat\u00e9koss\u00e1gok, ment\u00e1lis viselked\u00e9szavarok mellett olyan l\u00e1tsz\u00f3lag enyhe, h\u00e9tk\u00f6znapi betegs\u00e9gnek sz\u00e1m\u00edt\u00f3 eg\u00e9szs\u00e9g\u00fcgyi probl\u00e9m\u00e1k is beletartozhatnak, mint a lakt\u00f3zintolerancia. a cukorbetegs\u00e9g vagy a Crohn-betegs\u00e9g.\u201d<\/p>\n<p>&nbsp;<\/p>\n<p>A Nemzeti Ad\u00f3- \u00e9s V\u00e1mhivatal kor\u00e1bbi t\u00e1j\u00e9koztat\u00e1sa szerint 2017-ben 217 ezren \u00e9ltek a betegs\u00e9gek ut\u00e1n j\u00e1r\u00f3 szja-kedvezm\u00e9ny lehet\u0151s\u00e9g\u00e9vel, egyes becsl\u00e9sek szerint a kedvezm\u00e9nyezetti k\u00f6r kib\u0151v\u00edt\u00e9s\u00e9vel ez a sz\u00e1m id\u00e9n ak\u00e1r meg is k\u00e9tszerez\u0151dhet.<\/p>\n<p>&nbsp;<\/p>\n<p>&nbsp;<\/p>\n<p><strong>\u00a0<\/strong><\/p>\n<p><strong>Trenkwalder Szem\u00e9lyzeti Szolg\u00e1ltat\u00f3 Kft.<\/strong><\/p>\n<p>A Magyarorsz\u00e1gon imm\u00e1r t\u00f6bb mint k\u00e9t \u00e9vtizede jelenl\u00e9v\u0151 Trenkwalder Szem\u00e9lyzeti Szolg\u00e1ltat\u00f3 Kft. a munkaer\u0151-k\u00f6lcs\u00f6nz\u00e9s ter\u00fclet\u00e9n az egyik piacvezet\u0151 t\u00e1rsas\u00e1g: 2017-ben t\u00f6bb mint 5\u00a0000 f\u0151 k\u00f6lcs\u00f6nz\u00f6tt munkav\u00e1llal\u00f3t foglalkoztatott, nett\u00f3 \u00e1rbev\u00e9tele pedig megk\u00f6zel\u00edti a 18 milli\u00e1rd forintot.<\/p>\n<p>&nbsp;<\/p>\n<p>A Trenkwalder t\u00f6bb mint 20 irod\u00e1b\u00f3l \u00e1ll\u00f3 orsz\u00e1gos lefedetts\u00e9g\u0171 h\u00e1l\u00f3zatot m\u0171k\u00f6dtetve komplex szolg\u00e1ltat\u00e1sokat ny\u00fajt munkaer\u0151-k\u00f6lcs\u00f6nz\u00e9s, -k\u00f6zvet\u00edt\u00e9s, vezet\u0151kiv\u00e1laszt\u00e1s, b\u00e9rsz\u00e1mfejt\u00e9s-kiszervez\u00e9s, di\u00e1kmunka \u00e9s egy\u00e9b HR szolg\u00e1ltat\u00e1sok ter\u00e9n. Partnerei f\u0151k\u00e9nt ipari gy\u00e1rt\u00f3\/termel\u0151 v\u00e1llalatok \u00e9s besz\u00e1ll\u00edt\u00f3ik, kereskedelmi \u00e9s szolg\u00e1ltat\u00f3 c\u00e9gek, valamint a p\u00e9nz\u00fcgyi szektor, a hazai telekommunik\u00e1ci\u00f3 \u00e9s az FMCG prominens k\u00e9pvisel\u0151i.<\/p>\n<p>A Trenkwalder International AG piacvezet\u0151 szerepet t\u00f6lt be Ausztri\u00e1ban \u00e9s vezet\u0151 szem\u00e9lyzeti szolg\u00e1ltat\u00f3 K\u00f6z\u00e9p- \u00e9s Kelet-, valamint D\u00e9l-Eur\u00f3p\u00e1ban. A t\u00f6bb mint 50 000 embert foglalkoztat\u00f3 c\u00e9gcsoport t\u00f6bb mint 300 kirendelts\u00e9g\u00e9vel Eur\u00f3pa 17 orsz\u00e1g\u00e1ban van jelen. 2011 \u00f3ta a Trenkwalder a n\u00e9met Droege International AG csoport tagja.<\/p>\n<p>&nbsp;<\/p>\n","protected":false},"excerpt":{"rendered":"<p>Id\u00e9n jelent\u0151sen b\u0151v\u00fclt azon tart\u00f3s eg\u00e9szs\u00e9g\u00fcgyi probl\u00e9m\u00e1k k\u00f6re, amelyek ut\u00e1n a dolgoz\u00f3k jogosultak arra, hogy a minim\u00e1lb\u00e9r 5 sz\u00e1zal\u00e9k\u00e1t, vagyis az idei \u00e9vben havi 7\u00a0450 forintot a saj\u00e1t szem\u00e9lyi j\u00f6vedelemad\u00f3jukb\u00f3l levonjanak. Imm\u00e1r jogosult a kedvezm\u00e9nyre t\u00f6bbek k\u00f6z\u00f6tt az a mintegy 200 ezer n\u0151 is, akin\u00e9l endometri\u00f3zist \u00e1llap\u00edtottak meg. A kedvezm\u00e9ny m\u00e1r a havi ad\u00f3el\u0151leg levon\u00e1sakor &#8230;<\/p>\n","protected":false},"author":1,"featured_media":0,"comment_status":"closed","ping_status":"open","sticky":false,"template":"","format":"standard","meta":[],"categories":[19],"tags":[],"_links":{"self":[{"href":"https:\/\/gazdasagportal.hu\/index.php\/wp-json\/wp\/v2\/posts\/114998"}],"collection":[{"href":"https:\/\/gazdasagportal.hu\/index.php\/wp-json\/wp\/v2\/posts"}],"about":[{"href":"https:\/\/gazdasagportal.hu\/index.php\/wp-json\/wp\/v2\/types\/post"}],"author":[{"embeddable":true,"href":"https:\/\/gazdasagportal.hu\/index.php\/wp-json\/wp\/v2\/users\/1"}],"replies":[{"embeddable":true,"href":"https:\/\/gazdasagportal.hu\/index.php\/wp-json\/wp\/v2\/comments?post=114998"}],"version-history":[{"count":1,"href":"https:\/\/gazdasagportal.hu\/index.php\/wp-json\/wp\/v2\/posts\/114998\/revisions"}],"predecessor-version":[{"id":114999,"href":"https:\/\/gazdasagportal.hu\/index.php\/wp-json\/wp\/v2\/posts\/114998\/revisions\/114999"}],"wp:attachment":[{"href":"https:\/\/gazdasagportal.hu\/index.php\/wp-json\/wp\/v2\/media?parent=114998"}],"wp:term":[{"taxonomy":"category","embeddable":true,"href":"https:\/\/gazdasagportal.hu\/index.php\/wp-json\/wp\/v2\/categories?post=114998"},{"taxonomy":"post_tag","embeddable":true,"href":"https:\/\/gazdasagportal.hu\/index.php\/wp-json\/wp\/v2\/tags?post=114998"}],"curies":[{"name":"wp","href":"https:\/\/api.w.org\/{rel}","templated":true}]}}