{"id":114989,"date":"2019-04-05T13:33:35","date_gmt":"2019-04-05T11:33:35","guid":{"rendered":"http:\/\/gazdasagportal.hu\/?p=114989"},"modified":"2019-04-05T13:33:35","modified_gmt":"2019-04-05T11:33:35","slug":"elemzok-varakozasokon-felul-teljesitett-a-magyar-ipar-februarban-is","status":"publish","type":"post","link":"https:\/\/gazdasagportal.hu\/index.php\/elemzok-varakozasokon-felul-teljesitett-a-magyar-ipar-februarban-is\/","title":{"rendered":"Elemz\u0151k: v\u00e1rakoz\u00e1sokon fel\u00fcl teljes\u00edtett a magyar ipar febru\u00e1rban is"},"content":{"rendered":"<p><strong>A magyar ipar a v\u00e1rakoz\u00e1sokon fel\u00fcl teljes\u00edtett febru\u00e1rban is, ami a v\u00e1rtn\u00e1l nagyobb ellen\u00e1ll\u00f3k\u00e9pess\u00e9gre utal az exportpiacok roml\u00f3 konjunkt\u00fara kil\u00e1t\u00e1saival szemben &#8211; \u00edgy komment\u00e1lt\u00e1k az MTI-nek nyilatkoz\u00f3 piaci elemz\u0151k a statisztikai hivatal p\u00e9ntek reggel kiadott els\u0151 becsl\u00e9s\u00e9t a febru\u00e1ri ipari termel\u00e9sr\u0151l. <\/strong><!--more--><\/p>\n<div class=\"ads-in-post1\"><div id=\"gazdasagportal.hu_fullbanner_wideboard\"><\/div>\r\n<\/div>\n<p>    A K\u00f6zponti Statisztikai Hivatal (KSH) azt k\u00f6z\u00f6lte, hogy az ipari termel\u00e9s volumene febru\u00e1rban 5,9 sz\u00e1zal\u00e9kkal haladta meg az egy \u00e9vvel kor\u00e1bbit, az el\u0151z\u0151 h\u00f3naphoz viszony\u00edtva 1,0 sz\u00e1zal\u00e9kkal n\u0151tt. Az \u00e9v els\u0151 k\u00e9t h\u00f3napj\u00e1ban 5,2 sz\u00e1zal\u00e9kkal volt nagyobb az ipar kibocs\u00e1t\u00e1sa, mint az el\u0151z\u0151 \u00e9v azonos id\u0151szak\u00e1ban.<br \/>\n    N\u00e9meth D\u00e1vid, a K&#038;H Bank vezet\u0151 elemz\u0151je meg\u00e1llap\u00edtotta: f\u0151k\u00e9nt az aut\u00f3- \u00e9s elektronikai cikkek gy\u00e1rt\u00e1s\u00e1nak k\u00f6sz\u00f6nhet\u0151en gyorsabb n\u00f6veked\u00e9sre v\u00e1ltott a magyar ipar febru\u00e1rban.<br \/>\n    Az ipar alapvet\u0151en v\u00e1ltoz\u00e9kony eredm\u00e9nyt mutat, de tavaly szeptember \u00f3ta gyorsul\u00e1s figyelhet\u0151 meg, ami az\u00e9rt \u00e9rdekes, mert ebben az id\u0151szakban az eur\u00f3pai gazdas\u00e1g a lassul\u00e1s jeleit mutatta. &#8222;Val\u00f3sz\u00edn\u0171leg a magyar iparba bel\u00e9p\u0151 \u00faj kapacit\u00e1sok adj\u00e1k a t\u00f6bbletet. R\u00e1ad\u00e1sul ezek az \u00faj kapacit\u00e1sok nem csak kompenz\u00e1lj\u00e1k a lanyhul\u00f3 nemzetk\u00f6zi keresletet, hanem egy kis pluszt is tudnak adni az \u00e1gazatnak&#8221; &#8211; tette hozz\u00e1.<br \/>\n<div class=\"ads-in-post2\"><script async src=\"https:\/\/pagead2.googlesyndication.com\/pagead\/js\/adsbygoogle.js\"><\/script>\r\n<ins class=\"adsbygoogle\"\r\n     style=\"display:block\"\r\n     data-ad-format=\"fluid\"\r\n     data-ad-layout-key=\"-6t+ed+2i-1n-4w\"\r\n     data-ad-client=\"ca-pub-1959107119989764\"\r\n     data-ad-slot=\"4008251320\"><\/ins>\r\n<script>\r\n     (adsbygoogle = window.adsbygoogle || []).push({});\r\n<\/script><\/div>\n    A K&#038;H elemz\u0151je szerint a mostani kil\u00e1t\u00e1sok alapj\u00e1n az id\u00e9n 4 \u00e9s 5 sz\u00e1zal\u00e9k k\u00f6z\u00f6tti n\u00f6veked\u00e9sre lehet k\u00e9pes a magyar ipar, de az er\u0151s \u00e9vkezd\u00e9s miatt ink\u00e1bb az 5 sz\u00e1zal\u00e9khoz lesz k\u00f6zel a v\u00e9geredm\u00e9ny.<br \/>\n    Suppan Gergely, a Takar\u00e9kbank elemz\u0151j\u00e9nek meg\u00edt\u00e9l\u00e9se szerint a j\u00e1rm\u0171gy\u00e1rt\u00e1s gyorsul\u00e1s\u00e1hoz hozz\u00e1j\u00e1rulhatott, hogy az Audi gy\u00e1rban p\u00f3tolhatt\u00e1k a janu\u00e1ri sztr\u00e1jk miatt kiesett termel\u00e9st. Id\u00e9n \u00faj g\u00e9pkocsi modellek gy\u00e1rt\u00e1sa \u00e9s tov\u00e1bbi feldolgoz\u00f3ipari kapacit\u00e1sok \u00fczembe helyez\u00e9se, valamint a robosztus bels\u0151 kereslet adhat tov\u00e1bbi lend\u00fcletet az ipari termel\u00e9snek, amit a magas bizalmi indexek is t\u00fckr\u00f6znek. A meredeken cs\u00f6kken\u0151 eur\u00f3pai konjunkt\u00fara, a glob\u00e1lis \u00e9s a k\u00ednai gazdas\u00e1gi n\u00f6veked\u00e9s lassul\u00e1sa, valamint a Brexit k\u00f6r\u00fcli bizonytalans\u00e1g azonban jelent\u0151s kock\u00e1zatokat jelenthet.<br \/>\n    A Takar\u00e9kbank elemz\u0151i id\u00e9n az ipari kibocs\u00e1t\u00e1s 5,5 sz\u00e1zal\u00e9kos n\u00f6veked\u00e9s\u00e9t v\u00e1rj\u00e1k a tavalyi 3,6 sz\u00e1zal\u00e9k ut\u00e1n.<br \/>\n    Nyeste Orsolya, az Erste Bank szenior makrogazdas\u00e1gi elemz\u0151je hangs\u00falyozta: janu\u00e1rhoz hasonl\u00f3an febru\u00e1rban is pozit\u00edv meglepet\u00e9st hoztak az ipari termel\u00e9s adatai. Az els\u0151 k\u00e9t h\u00f3nap adatai \u00f6sszess\u00e9g\u00e9ben kifejezetten pozit\u00edv \u00e9vkezdetr\u0151l tan\u00faskodnak, a magyar ipari termel\u00e9s meglehet\u0151sen ellen\u00e1ll\u00f3nak bizonyult a glob\u00e1lis n\u00f6veked\u00e9si kil\u00e1t\u00e1sok roml\u00e1s\u00e1nak, illetve az \u00fczleti bizalom roml\u00e1s\u00e1nak \u00e9s a konjunkt\u00fara lassul\u00e1s\u00e1nak a f\u0151bb exportpiacokon.<br \/>\n    Az elemz\u0151 szerint tov\u00e1bbra is neh\u00e9z azonban az ipar r\u00f6vid t\u00e1v\u00fa kil\u00e1t\u00e1sainak meg\u00edt\u00e9l\u00e9se. A m\u00e1rciusi beszerz\u00e9simenedzser-index m\u00e1r cs\u00f6kken\u00e9st mutatott, ami figyelmeztet\u0151 jel lehet, \u00e9s n\u00e9mi lassul\u00e1st sugall, azonban a kor\u00e1bbi beruh\u00e1z\u00e1sok term\u0151re fordul\u00e1sa tov\u00e1bbra is t\u00e1mogathatja a szektort. Az Erste Bank szak\u00e9rt\u0151je \u00f6sszess\u00e9g\u00e9ben \u00f3vatos optimizmussal alapvet\u0151en konszolid\u00e1lt ipari teljes\u00edtm\u00e9nyt v\u00e1r az elk\u00f6vetkez\u0151 h\u00f3napokra. A termel\u00e9s n\u00f6veked\u00e9se az \u00e9v eg\u00e9sz\u00e9ben 4,5-5 sz\u00e1zal\u00e9kos s\u00e1vban lehet a v\u00e1rakoz\u00e1sa szerint.<br \/>\n    Reg\u0151s G\u00e1bor, a Sz\u00e1zadv\u00e9g Gazdas\u00e1gkutat\u00f3 makrogazdas\u00e1gi \u00fczlet\u00e1gvezet\u0151je kiemelte, hogy az ipar febru\u00e1ri n\u00f6veked\u00e9se meghaladta az elemz\u0151i v\u00e1rakoz\u00e1sokat, vagyis v\u00e1ls\u00e1gjelek helyett tov\u00e1bbi n\u00f6veked\u00e9s l\u00e1tszik az \u00e1gazatban. A j\u00e1rm\u0171ipar, illetve az eg\u00e9sz ipar kedvez\u0151 teljes\u00edtm\u00e9nye az \u00e9l\u00e9nk bels\u0151 kereslet mellett azzal is \u00f6sszef\u00fcgg\u00e9sben \u00e1llhat, hogy febru\u00e1rban m\u00e1r a n\u00e9met ipar teljes\u00edtm\u00e9nye sem volt olyan kedvez\u0151tlen, mint a kor\u00e1bbiakban.(MTI)<\/p>\n","protected":false},"excerpt":{"rendered":"<p>A magyar ipar a v\u00e1rakoz\u00e1sokon fel\u00fcl teljes\u00edtett febru\u00e1rban is, ami a v\u00e1rtn\u00e1l nagyobb ellen\u00e1ll\u00f3k\u00e9pess\u00e9gre utal az exportpiacok roml\u00f3 konjunkt\u00fara kil\u00e1t\u00e1saival szemben &#8211; \u00edgy komment\u00e1lt\u00e1k az MTI-nek nyilatkoz\u00f3 piaci elemz\u0151k a statisztikai hivatal p\u00e9ntek reggel kiadott els\u0151 becsl\u00e9s\u00e9t a febru\u00e1ri ipari termel\u00e9sr\u0151l.<\/p>\n","protected":false},"author":1,"featured_media":0,"comment_status":"closed","ping_status":"open","sticky":false,"template":"","format":"standard","meta":[],"categories":[19],"tags":[],"_links":{"self":[{"href":"https:\/\/gazdasagportal.hu\/index.php\/wp-json\/wp\/v2\/posts\/114989"}],"collection":[{"href":"https:\/\/gazdasagportal.hu\/index.php\/wp-json\/wp\/v2\/posts"}],"about":[{"href":"https:\/\/gazdasagportal.hu\/index.php\/wp-json\/wp\/v2\/types\/post"}],"author":[{"embeddable":true,"href":"https:\/\/gazdasagportal.hu\/index.php\/wp-json\/wp\/v2\/users\/1"}],"replies":[{"embeddable":true,"href":"https:\/\/gazdasagportal.hu\/index.php\/wp-json\/wp\/v2\/comments?post=114989"}],"version-history":[{"count":1,"href":"https:\/\/gazdasagportal.hu\/index.php\/wp-json\/wp\/v2\/posts\/114989\/revisions"}],"predecessor-version":[{"id":114990,"href":"https:\/\/gazdasagportal.hu\/index.php\/wp-json\/wp\/v2\/posts\/114989\/revisions\/114990"}],"wp:attachment":[{"href":"https:\/\/gazdasagportal.hu\/index.php\/wp-json\/wp\/v2\/media?parent=114989"}],"wp:term":[{"taxonomy":"category","embeddable":true,"href":"https:\/\/gazdasagportal.hu\/index.php\/wp-json\/wp\/v2\/categories?post=114989"},{"taxonomy":"post_tag","embeddable":true,"href":"https:\/\/gazdasagportal.hu\/index.php\/wp-json\/wp\/v2\/tags?post=114989"}],"curies":[{"name":"wp","href":"https:\/\/api.w.org\/{rel}","templated":true}]}}