{"id":114961,"date":"2019-04-04T16:56:58","date_gmt":"2019-04-04T14:56:58","guid":{"rendered":"http:\/\/gazdasagportal.hu\/?p=114961"},"modified":"2019-04-04T16:56:58","modified_gmt":"2019-04-04T14:56:58","slug":"osszehangolhatja-a-kozossegi-kozlekedest-a-videki-szolgaltatokkal-a-mav-start","status":"publish","type":"post","link":"https:\/\/gazdasagportal.hu\/index.php\/osszehangolhatja-a-kozossegi-kozlekedest-a-videki-szolgaltatokkal-a-mav-start\/","title":{"rendered":"\u00d6sszehangolhatja a k\u00f6z\u00f6ss\u00e9gi k\u00f6zleked\u00e9st a vid\u00e9ki szolg\u00e1ltat\u00f3kkal a M\u00c1V-Start"},"content":{"rendered":"<p><strong>A M\u00c1V-Start nyitott arra, hogy a vonattal el\u00e9rhet\u0151 vid\u00e9ki nagyv\u00e1rosokkal \u00e9s megyesz\u00e9khelyekkel \u00f6sszehangolja a vas\u00fati szem\u00e9lysz\u00e1ll\u00edt\u00e1st \u00e9s a helyi k\u00f6z\u00f6ss\u00e9gi k\u00f6zleked\u00e9st &#8211; v\u00e1laszolta a vas\u00fatt\u00e1rsas\u00e1g cs\u00fct\u00f6rt\u00f6k\u00f6n az MTI k\u00e9rd\u00e9s\u00e9re. <\/strong><!--more--><\/p>\n<div class=\"ads-in-post1\"><div id=\"gazdasagportal.hu_fullbanner_wideboard\"><\/div>\r\n<\/div>\n<p>    A M\u00c1V-Start k\u00f6z\u00f6lte, hogy megkezd\u0151d\u00f6tt az egy\u00fcttm\u0171k\u00f6d\u00e9s el\u0151k\u00e9sz\u00edt\u00e9se Debrecennel, a V-Busz Veszpr\u00e9mi K\u00f6zleked\u00e9si Kft.-vel pedig m\u00e1r meg is k\u00f6t\u00f6tt\u00e9k a meg\u00e1llapod\u00e1st.<br \/>\n    Ut\u00f3bbi alapj\u00e1n a v\u00e1rosi szolg\u00e1ltat\u00f3 gyakrabban ind\u00edt buszokat a veszpr\u00e9mi p\u00e1lyaudvarhoz, \u00e9s val\u00f3s idej\u0171 menetrendi inform\u00e1ci\u00f3kat kap az \u00e9rkez\u0151 \u00e9s indul\u00f3 vonatokr\u00f3l. A meg\u00e1llapod\u00e1s keret\u00e9ben k\u00f6z\u00f6s d\u00edjterm\u00e9kek bevezet\u00e9s\u00e9t is tervezik, ami a vas\u00fatt\u00e1rsas\u00e1g szerint szint\u00e9n kedvezhet az utasoknak.<br \/>\n    A M\u00c1V-Start arra sz\u00e1m\u00edt, hogy az \u00f6sszehangolt helyi \u00e9s vonatk\u00f6zleked\u00e9s jobb \u00f6sszek\u00f6ttet\u00e9st eredm\u00e9nyez Veszpr\u00e9m \u00e9s Budapest k\u00f6z\u00f6tt, mint a k\u00f6zvetlen aut\u00f3buszos utaz\u00e1s.(MTI)<br \/>\n<div class=\"ads-in-post2\"><script async src=\"https:\/\/pagead2.googlesyndication.com\/pagead\/js\/adsbygoogle.js\"><\/script>\r\n<ins class=\"adsbygoogle\"\r\n     style=\"display:block\"\r\n     data-ad-format=\"fluid\"\r\n     data-ad-layout-key=\"-6t+ed+2i-1n-4w\"\r\n     data-ad-client=\"ca-pub-1959107119989764\"\r\n     data-ad-slot=\"4008251320\"><\/ins>\r\n<script>\r\n     (adsbygoogle = window.adsbygoogle || []).push({});\r\n<\/script><\/div>\n","protected":false},"excerpt":{"rendered":"<p>A M\u00c1V-Start nyitott arra, hogy a vonattal el\u00e9rhet\u0151 vid\u00e9ki nagyv\u00e1rosokkal \u00e9s megyesz\u00e9khelyekkel \u00f6sszehangolja a vas\u00fati szem\u00e9lysz\u00e1ll\u00edt\u00e1st \u00e9s a helyi k\u00f6z\u00f6ss\u00e9gi k\u00f6zleked\u00e9st &#8211; v\u00e1laszolta a vas\u00fatt\u00e1rsas\u00e1g cs\u00fct\u00f6rt\u00f6k\u00f6n az MTI k\u00e9rd\u00e9s\u00e9re.<\/p>\n","protected":false},"author":1,"featured_media":0,"comment_status":"closed","ping_status":"open","sticky":false,"template":"","format":"standard","meta":[],"categories":[4,19],"tags":[],"_links":{"self":[{"href":"https:\/\/gazdasagportal.hu\/index.php\/wp-json\/wp\/v2\/posts\/114961"}],"collection":[{"href":"https:\/\/gazdasagportal.hu\/index.php\/wp-json\/wp\/v2\/posts"}],"about":[{"href":"https:\/\/gazdasagportal.hu\/index.php\/wp-json\/wp\/v2\/types\/post"}],"author":[{"embeddable":true,"href":"https:\/\/gazdasagportal.hu\/index.php\/wp-json\/wp\/v2\/users\/1"}],"replies":[{"embeddable":true,"href":"https:\/\/gazdasagportal.hu\/index.php\/wp-json\/wp\/v2\/comments?post=114961"}],"version-history":[{"count":1,"href":"https:\/\/gazdasagportal.hu\/index.php\/wp-json\/wp\/v2\/posts\/114961\/revisions"}],"predecessor-version":[{"id":114962,"href":"https:\/\/gazdasagportal.hu\/index.php\/wp-json\/wp\/v2\/posts\/114961\/revisions\/114962"}],"wp:attachment":[{"href":"https:\/\/gazdasagportal.hu\/index.php\/wp-json\/wp\/v2\/media?parent=114961"}],"wp:term":[{"taxonomy":"category","embeddable":true,"href":"https:\/\/gazdasagportal.hu\/index.php\/wp-json\/wp\/v2\/categories?post=114961"},{"taxonomy":"post_tag","embeddable":true,"href":"https:\/\/gazdasagportal.hu\/index.php\/wp-json\/wp\/v2\/tags?post=114961"}],"curies":[{"name":"wp","href":"https:\/\/api.w.org\/{rel}","templated":true}]}}