{"id":114957,"date":"2019-04-04T15:44:30","date_gmt":"2019-04-04T13:44:30","guid":{"rendered":"http:\/\/gazdasagportal.hu\/?p=114957"},"modified":"2019-04-04T15:44:30","modified_gmt":"2019-04-04T13:44:30","slug":"az-ep-elfogadta-targyalasi-mandatumat-a-fuvarozoi-szektor-uj-szabalyozasarol","status":"publish","type":"post","link":"https:\/\/gazdasagportal.hu\/index.php\/az-ep-elfogadta-targyalasi-mandatumat-a-fuvarozoi-szektor-uj-szabalyozasarol\/","title":{"rendered":"Az EP elfogadta t\u00e1rgyal\u00e1si mand\u00e1tum\u00e1t a fuvaroz\u00f3i szektor \u00faj szab\u00e1lyoz\u00e1s\u00e1r\u00f3l"},"content":{"rendered":"<p><strong>Elfogadta a fuvaroz\u00f3i szektor \u00faj szab\u00e1lyoz\u00e1s\u00e1r\u00f3l sz\u00f3l\u00f3 t\u00e1rgyal\u00e1si mand\u00e1tum\u00e1t cs\u00fct\u00f6rt\u00f6k\u00f6n az Eur\u00f3pai Parlament (EP), \u00edgy megkezd\u0151dhetnek az int\u00e9zm\u00e9nyk\u00f6zi egyeztet\u00e9sek a k\u00f6z\u00f6ss\u00e9gi kik\u00fcldet\u00e9si ir\u00e1nyelvhez is kapcsol\u00f3d\u00f3 k\u00e9rd\u00e9sben.<\/strong><!--more--><\/p>\n<div class=\"ads-in-post1\"><div id=\"gazdasagportal.hu_fullbanner_wideboard\"><\/div>\r\n<\/div>\n<p>    A br\u00fcsszeli plen\u00e1ris \u00fcl\u00e9sen viszonylag sz\u0171k t\u00f6bbs\u00e9ggel megszavazott mobilit\u00e1si csomag legfontosabb vit\u00e1s pontja az, hogy a fuvaroz\u00f3i szektorra is vonatkozzanak-e a kik\u00fcldet\u00e9sben l\u00e9v\u0151 munkav\u00e1llal\u00f3kra \u00e9rv\u00e9nyes el\u0151\u00edr\u00e1sok.<br \/>\n    A k\u00e9pvisel\u0151k a kabot\u00e1zsra (nem honos fuvaroz\u00f3k \u00e1ltal v\u00e9gzett belf\u00f6ldi sz\u00e1ll\u00edt\u00e1s) \u00e9s a hat\u00e1r\u00e1tl\u00e9p\u00e9ssel j\u00e1r\u00f3 fuvarokra is kiterjeszten\u00e9k a kik\u00fcldet\u00e9si szab\u00e1lyokat. Kivonn\u00e1k ugyanakkor azok hat\u00e1lya al\u00f3l a tranzitfuvarokat, a k\u00e9toldal\u00fa sz\u00e1ll\u00edt\u00e1si m\u0171veleteket, illetve a c\u00e9lorsz\u00e1gok fel\u00e9 vezet\u0151 \u00faton \u00e9s visszafel\u00e9 egyar\u00e1nt egy-egy be- \u00e9s kirakod\u00e1ssal j\u00e1r\u00f3 k\u00e9toldal\u00fa fuvarokat.<br \/>\n    Egyebek mellett ez\u00e9rt a kelet- \u00e9s k\u00f6z\u00e9p-eur\u00f3pai tag\u00e1llamokb\u00f3l sz\u00e1rmaz\u00f3 k\u00e9pvisel\u0151k nagy t\u00f6bbs\u00e9ge nem t\u00e1mogatta az elfogadott sz\u00f6veget, mivel sokak szerint ezen \u00faj el\u0151\u00edr\u00e1sok kedvez\u0151tlen helyzetbe hozn\u00e1k a t\u00e9rs\u00e9g v\u00e1llalatait \u00e9s fuvaroz\u00f3it.<br \/>\n    Olyan elemeket is elfogadtak, amelyek jav\u00edtan\u00e1k a sof\u0151r\u00f6k pihen\u00e9si k\u00f6r\u00fclm\u00e9nyeit. A k\u00fcl\u00f6n\u00f6sen hossz\u00fa fuvarok visszaszor\u00edt\u00e1sa \u00e9rdek\u00e9ben a v\u00e1llalatoknak \u00fagy kellene \u00f6ssze\u00e1ll\u00edtaniuk a menetrendeket, hogy a sof\u0151r\u00f6k rendszeresen, de legal\u00e1bb n\u00e9gyhetente otthon t\u00f6lthess\u00e9k a heti pihen\u0151t, amelyet ezt lesz\u00e1m\u00edtva is a kamionon k\u00edv\u00fcl kell t\u00f6lteni\u00fck.<br \/>\n<div class=\"ads-in-post2\"><script async src=\"https:\/\/pagead2.googlesyndication.com\/pagead\/js\/adsbygoogle.js\"><\/script>\r\n<ins class=\"adsbygoogle\"\r\n     style=\"display:block\"\r\n     data-ad-format=\"fluid\"\r\n     data-ad-layout-key=\"-6t+ed+2i-1n-4w\"\r\n     data-ad-client=\"ca-pub-1959107119989764\"\r\n     data-ad-slot=\"4008251320\"><\/ins>\r\n<script>\r\n     (adsbygoogle = window.adsbygoogle || []).push({});\r\n<\/script><\/div>\n    A parlament a szab\u00e1lys\u00e9rt\u0151 fuvaroz\u00f3k kisz\u0171r\u00e9se \u00e9rdek\u00e9ben a kabot\u00e1zs fuvarokra jelenleg \u00e9rv\u00e9nyes sz\u00e1mszer\u0171 limitet h\u00e1romnapos id\u0151korl\u00e1ttal v\u00e1ltan\u00e1 fel, valamint k\u00f6telez\u0151v\u00e9 tenn\u00e9 a hat\u00e1r\u00e1tl\u00e9p\u00e9s r\u00f6gz\u00edt\u00e9s\u00e9t a j\u00e1rm\u0171 tachogr\u00e1fj\u00e1ban. A rendszerszer\u0171 kabot\u00e1zs elker\u00fcl\u00e9se c\u00e9lj\u00e1b\u00f3l a kamionoknak 60 \u00f3r\u00e1t mindig saj\u00e1t orsz\u00e1gaikban kellene t\u00f6lteni\u00fck, miel\u0151tt \u00fajabb kabot\u00e1zsra indulhatnak.<br \/>\n    Az \u00fagynevezett postafi\u00f3kc\u00e9gek felsz\u00e1mol\u00e1s\u00e1t c\u00e9lozza az a szab\u00e1lyoz\u00e1s, amelynek \u00e9rtelm\u00e9ben a fuvaroz\u00f3v\u00e1llalatoknak jelent\u0151s kiterjed\u00e9s\u0171 \u00fczleti tev\u00e9kenys\u00e9ggel kell rendelkezni\u00fck abban a tag\u00e1llamban, ahol bejegyezt\u00e9k \u0151ket.<br \/>\n    Az EP emellett a sof\u0151r\u00f6k munk\u00e1j\u00e1nak megk\u00f6nny\u00edt\u00e9se \u00e9s a k\u00f6z\u00fati ellen\u0151rz\u00e9sek ritk\u00edt\u00e1sa c\u00e9lj\u00e1b\u00f3l digit\u00e1lis technol\u00f3gi\u00e1k alkalmaz\u00e1s\u00e1t s\u00fcrgette. A test\u00fclet szerint az ellen\u0151rz\u00e9seket \u00e9s vizsg\u00e1latokat a nagy kock\u00e1zatot jelent\u0151 v\u00e1llalkoz\u00e1sokra kell \u00f6sszpontos\u00edtani, cs\u00f6kkentve a t\u00f6rv\u00e9nytisztel\u0151 c\u00e9gekre nehezed\u0151 adminisztrat\u00edv nyom\u00e1st.<br \/>\n    A kik\u00fcldet\u00e9si ir\u00e1nyelv \u00fcgy\u00e9ben szemben \u00e1ll\u00f3 \u00e1llamok szoci\u00e1lis d\u00f6mpinggel, illetve protekcionizmussal v\u00e1dolj\u00e1k egym\u00e1st. A kik\u00fcld\u00f6tt munkav\u00e1llal\u00f3kra elvileg azonos szab\u00e1lyok vonatkozn\u00e1nak a munkab\u00e9r \u00e9s a munkafelt\u00e9telek ter\u00e9n, mint a helyiekre, ami a b\u00edr\u00e1l\u00f3k szerint sok \u00fajonnan csatlakoz\u00f3 uni\u00f3s orsz\u00e1got h\u00e1tr\u00e1nyosan \u00e9rintene. \u00c9les vita folyt emellett p\u00e9ld\u00e1ul a kabinban alv\u00e1s lehet\u0151s\u00e9g\u00e9r\u0151l vagy tilalm\u00e1r\u00f3l is.<br \/>\n    M\u00falt h\u00e9ten k\u00fcl\u00f6nb\u00f6z\u0151 fuvaroz\u00f3i szakszervezetek t\u00fcntettek az Eur\u00f3pai Parlament br\u00fcsszeli sz\u00e9kh\u00e1za el\u0151tt, egyesek szerint ugyanis a mobilit\u00e1si csomag el\u0151\u00edr\u00e1sai t\u00fal szigor\u00faak, m\u00edg m\u00e1sok szerint t\u00fal laz\u00e1k.<br \/>\n    Az Eur\u00f3pai Uni\u00f3 m\u00e1sik t\u00e1rsjogalkot\u00f3 szerve, a tag\u00e1llamok korm\u00e1nyainak tan\u00e1csa decemberben m\u00e1r j\u00f3v\u00e1hagyta t\u00e1rgyal\u00e1si mand\u00e1tum\u00e1t kilenc orsz\u00e1g, k\u00f6zt\u00fck Magyarorsz\u00e1g ellenszavazata mellett, \u00edgy megkezd\u0151dhet az egyeztet\u00e9s az int\u00e9zm\u00e9nyek k\u00e9pvisel\u0151i k\u00f6z\u00f6tt, de szak\u00e9rt\u0151k szerint az esetleges meg\u00e1llapod\u00e1st meger\u0151s\u00edt\u0151 szavaz\u00e1sra m\u00e1r csak az \u00fajonnan fel\u00e1ll\u00f3 EP-ben fog sor ker\u00fclni.(MTI)<\/p>\n","protected":false},"excerpt":{"rendered":"<p>Elfogadta a fuvaroz\u00f3i szektor \u00faj szab\u00e1lyoz\u00e1s\u00e1r\u00f3l sz\u00f3l\u00f3 t\u00e1rgyal\u00e1si mand\u00e1tum\u00e1t cs\u00fct\u00f6rt\u00f6k\u00f6n az Eur\u00f3pai Parlament (EP), \u00edgy megkezd\u0151dhetnek az int\u00e9zm\u00e9nyk\u00f6zi egyeztet\u00e9sek a k\u00f6z\u00f6ss\u00e9gi kik\u00fcldet\u00e9si ir\u00e1nyelvhez is kapcsol\u00f3d\u00f3 k\u00e9rd\u00e9sben.<\/p>\n","protected":false},"author":1,"featured_media":0,"comment_status":"closed","ping_status":"open","sticky":false,"template":"","format":"standard","meta":[],"categories":[12,19,246],"tags":[],"_links":{"self":[{"href":"https:\/\/gazdasagportal.hu\/index.php\/wp-json\/wp\/v2\/posts\/114957"}],"collection":[{"href":"https:\/\/gazdasagportal.hu\/index.php\/wp-json\/wp\/v2\/posts"}],"about":[{"href":"https:\/\/gazdasagportal.hu\/index.php\/wp-json\/wp\/v2\/types\/post"}],"author":[{"embeddable":true,"href":"https:\/\/gazdasagportal.hu\/index.php\/wp-json\/wp\/v2\/users\/1"}],"replies":[{"embeddable":true,"href":"https:\/\/gazdasagportal.hu\/index.php\/wp-json\/wp\/v2\/comments?post=114957"}],"version-history":[{"count":1,"href":"https:\/\/gazdasagportal.hu\/index.php\/wp-json\/wp\/v2\/posts\/114957\/revisions"}],"predecessor-version":[{"id":114958,"href":"https:\/\/gazdasagportal.hu\/index.php\/wp-json\/wp\/v2\/posts\/114957\/revisions\/114958"}],"wp:attachment":[{"href":"https:\/\/gazdasagportal.hu\/index.php\/wp-json\/wp\/v2\/media?parent=114957"}],"wp:term":[{"taxonomy":"category","embeddable":true,"href":"https:\/\/gazdasagportal.hu\/index.php\/wp-json\/wp\/v2\/categories?post=114957"},{"taxonomy":"post_tag","embeddable":true,"href":"https:\/\/gazdasagportal.hu\/index.php\/wp-json\/wp\/v2\/tags?post=114957"}],"curies":[{"name":"wp","href":"https:\/\/api.w.org\/{rel}","templated":true}]}}