{"id":114953,"date":"2019-04-04T14:26:52","date_gmt":"2019-04-04T12:26:52","guid":{"rendered":"http:\/\/gazdasagportal.hu\/?p=114953"},"modified":"2019-04-04T14:26:52","modified_gmt":"2019-04-04T12:26:52","slug":"50-tonnaval-csokkenti-a-cukortartalmat-sajat-markas-termekeiben-a-spar","status":"publish","type":"post","link":"https:\/\/gazdasagportal.hu\/index.php\/50-tonnaval-csokkenti-a-cukortartalmat-sajat-markas-termekeiben-a-spar\/","title":{"rendered":"50 tonn\u00e1val cs\u00f6kkenti a cukortartalmat saj\u00e1t m\u00e1rk\u00e1s term\u00e9keiben a SPAR"},"content":{"rendered":"<p><strong>A SPAR az eg\u00e9szs\u00e9ges \u00e9letm\u00f3d ir\u00e1nt elk\u00f6telezett v\u00e1llalatk\u00e9nt \u2013 a saj\u00e1t el\u0151\u00e1ll\u00edt\u00e1s\u00fa term\u00e9kcsal\u00e1dja k\u00f6r\u00e9ben \u2013 jelent\u0151sen m\u00e9rs\u00e9keli a hozz\u00e1adott cukor mennyis\u00e9g\u00e9t, m\u00e9g az idei \u00e9vben. A Kevesebb cukor \u2013 t\u00f6bb vitalit\u00e1s! elnevez\u00e9s\u0171 kamp\u00e1nya mellett a p\u00e9k\u00e1ruk s\u00f3tartalm\u00e1nak cs\u00f6kkent\u00e9s\u00e9t is tervezi.<\/strong><!--more--><\/p>\n<div class=\"ads-in-post1\"><div id=\"gazdasagportal.hu_fullbanner_wideboard\"><\/div>\r\n<\/div>\n<p>\u201eAz eg\u00e9szs\u00e9ges \u00e9letm\u00f3d ir\u00e1nt a kezdetek \u00f3ta elk\u00f6telezett SPAR \u00fagy d\u00f6nt\u00f6tt, hogy \u2013 a tavalyi \u00e9ves elad\u00e1si mennyis\u00e9geket alapul v\u00e9ve \u2013 2019-ben legal\u00e1bb 50 tonn\u00e1val cs\u00f6kkenti a saj\u00e1t m\u00e1rk\u00e1s term\u00e9kei cukortartalm\u00e1t. Nagy hangs\u00falyt fektet\u00fcnk az eg\u00e9szs\u00e9gtudatos \u00e9letvitel \u00e9s a hozz\u00e1 kapcsol\u00f3d\u00f3 term\u00e9kk\u00edn\u00e1lat n\u00e9pszer\u0171s\u00edt\u00e9s\u00e9re, valamint az \u00e9telintoleranci\u00e1val \u00e9l\u0151 emberek seg\u00edt\u00e9s\u00e9re. A SPAR \u00e1ruh\u00e1zakban 2016 okt\u00f3ber\u00e9t\u0151l a glut\u00e9n- \u00e9s lakt\u00f3zmentes, a bio \u00e9s speci\u00e1lis \u00e9lelmiszereket, illetve a tudatos t\u00e1pl\u00e1lkoz\u00e1s term\u00e9keit elk\u00fcl\u00f6n\u00edtve, sz\u00ednk\u00f3dokkal \u00e9s piktogramokkal jel\u00f6lve k\u00edn\u00e1ljuk, ezzel is megk\u00f6nny\u00edtve a t\u00e1j\u00e9koz\u00f3d\u00e1st. A cukorcs\u00f6kkentett \u00e1ruk kapcs\u00e1n is \u00e9l\u00fcnk ezzel a lehet\u0151s\u00e9ggel, az \u00faj recept\u00far\u00e1k kialak\u00edt\u00e1s\u00e1val p\u00e1rhuzamosan \u00faj k\u00fcls\u0151t is kap az \u00e9rintett term\u00e9kek egy r\u00e9sze, illetve informat\u00edv kamp\u00e1nyt ind\u00edtunk Kevesebb cukor \u2013 t\u00f6bb vitalit\u00e1s! szlogennel\u201d \u2013 mondta Maczelka M\u00e1rk, a SPAR kommunik\u00e1ci\u00f3s vezet\u0151je.<\/p>\n<div class=\"ads-in-post2\"><script async src=\"https:\/\/pagead2.googlesyndication.com\/pagead\/js\/adsbygoogle.js\"><\/script>\r\n<ins class=\"adsbygoogle\"\r\n     style=\"display:block\"\r\n     data-ad-format=\"fluid\"\r\n     data-ad-layout-key=\"-6t+ed+2i-1n-4w\"\r\n     data-ad-client=\"ca-pub-1959107119989764\"\r\n     data-ad-slot=\"4008251320\"><\/ins>\r\n<script>\r\n     (adsbygoogle = window.adsbygoogle || []).push({});\r\n<\/script><\/div>\nA SPAR Magyarorsz\u00e1g a hazai fejleszt\u00e9s\u0171, illetve a nemzetk\u00f6zi beszerz\u00e9sb\u0151l sz\u00e1rmaz\u00f3 saj\u00e1t m\u00e1rk\u00e1s term\u00e9kei cukormennyis\u00e9g\u00e9nek jelent\u0151s m\u00e9rs\u00e9kl\u00e9s\u00e9t &#8211; az \u00e9desebb \u00edzeket prefer\u00e1l\u00f3 magyar v\u00e1s\u00e1rl\u00f3k fogyaszt\u00f3i szok\u00e1sait figyelembe v\u00e9ve &#8211; fokozatosan hajtja v\u00e9gre. M\u00e1r tavaly kiv\u00e1lasztott\u00e1k az els\u0151 k\u00f6rben \u00e1talak\u00edtand\u00f3 term\u00e9kcsoportok k\u00f6r\u00e9t \u2013 egyes tejdesszertek, alkoholmentes \u00fcd\u00edt\u0151- \u00e9s energiaitalok \u00e9s reggeliz\u0151 term\u00e9kek \u2013, id\u00e9n pedig a polcokra is ker\u00fcltek az els\u0151sorban a gyerekek \u00e9s fiatalok \u00e1ltal kedvelt \u00faj \u00f6sszet\u00e9tel\u0171, hazai fejleszt\u00e9s\u0171 \u00e1ruk. A SPAR sz\u00e1mos saj\u00e1t m\u00e1rk\u00e1s alternat\u00edv\u00e1t is k\u00edn\u00e1l a v\u00e1s\u00e1rl\u00f3knak a hagyom\u00e1nyos cukor helyettes\u00edt\u00e9s\u00e9re, mint p\u00e9ld\u00e1ul a SPAR Vital Eritrit, a SPAR Vital Stevia vagy a SPAR Vital Ny\u00edrfacukor \u00e9s Ny\u00edrfa porcukor term\u00e9keket.<\/p>\n<p>A SPAR c\u00e9lja a j\u00f6v\u0151ben, hogy a v\u00e1s\u00e1rl\u00f3k legsz\u00e9lesebb k\u00f6r\u00e9ben fogyasztott saj\u00e1t m\u00e1rk\u00e1s \u00e9lelmiszereinek s\u00f3tartalm\u00e1t is m\u00e9rs\u00e9kelje, az \u00edz\u00e9lm\u00e9ny megtart\u00e1sa mellett. Id\u00e9n elkezd\u0151dtek a kutat\u00e1sok \u00e9s vizsg\u00e1latok \u2013 t\u00f6bbek k\u00f6z\u00f6tt v\u00e1s\u00e1rl\u00f3i k\u00f3stoltat\u00e1sok \u00e9s \u00edztesztek seg\u00edts\u00e9g\u00e9vel \u2013, hogy jelent\u0151sen cs\u00f6kkentett s\u00f3tartalm\u00fa saj\u00e1t m\u00e1rk\u00e1s p\u00e9k\u00e1ruk ker\u00fclhessenek a SPAR \u00fczletekbe ak\u00e1r m\u00e1r a k\u00f6vetkez\u0151 \u00e9vben.<\/p><div id=\"gazda-3015489275\" class=\"gazda-tartalomban gazda-entity-placement\"><script async src=\"https:\/\/pagead2.googlesyndication.com\/pagead\/js\/adsbygoogle.js\"><\/script>\r\n<ins class=\"adsbygoogle\"\r\n     style=\"display:block\"\r\n     data-ad-format=\"fluid\"\r\n     data-ad-layout-key=\"-6t+ed+2i-1n-4w\"\r\n     data-ad-client=\"ca-pub-1959107119989764\"\r\n     data-ad-slot=\"4008251320\"><\/ins>\r\n<script>\r\n     (adsbygoogle = window.adsbygoogle || []).push({});\r\n<\/script><\/div>\n<p>A SPAR szeretn\u00e9 a felhaszn\u00e1lt p\u00e1lmaolaj mennyis\u00e9g\u00e9t is jelent\u0151sen visszafogni, mivel az alapanyag ir\u00e1nt vil\u00e1gszerte fokoz\u00f3d\u00f3 ig\u00e9nynek es\u0151erd\u0151k \u2013 \u00e9s \u00edgy sz\u00e1mos n\u00f6v\u00e9ny- \u00e9s \u00e1llatfaj \u2013 esik \u00e1ldozat\u00e1ul. Ez\u00e9rt az \u00e1ruh\u00e1zl\u00e1nc azt t\u0171zte ki c\u00e9lul, hogy m\u00e1r az idei \u00e9v v\u00e9g\u00e9re a t\u00f6bblet\u00e9rt\u00e9ket hordoz\u00f3 saj\u00e1t m\u00e1rk\u00e1ik \u2013 SPAR Natur*pur Bio, SPAR Premium, SPAR Vital, SPAR free from \u00e9s DESPAR \u2013 eset\u00e9ben el\u00e9rje a teljes p\u00e1lmaolajmentess\u00e9get.<\/p>\n","protected":false},"excerpt":{"rendered":"<p>A SPAR az eg\u00e9szs\u00e9ges \u00e9letm\u00f3d ir\u00e1nt elk\u00f6telezett v\u00e1llalatk\u00e9nt \u2013 a saj\u00e1t el\u0151\u00e1ll\u00edt\u00e1s\u00fa term\u00e9kcsal\u00e1dja k\u00f6r\u00e9ben \u2013 jelent\u0151sen m\u00e9rs\u00e9keli a hozz\u00e1adott cukor mennyis\u00e9g\u00e9t, m\u00e9g az idei \u00e9vben. A Kevesebb cukor \u2013 t\u00f6bb vitalit\u00e1s! elnevez\u00e9s\u0171 kamp\u00e1nya mellett a p\u00e9k\u00e1ruk s\u00f3tartalm\u00e1nak cs\u00f6kkent\u00e9s\u00e9t is tervezi.<\/p>\n","protected":false},"author":1,"featured_media":0,"comment_status":"closed","ping_status":"open","sticky":false,"template":"","format":"standard","meta":[],"categories":[4],"tags":[],"_links":{"self":[{"href":"https:\/\/gazdasagportal.hu\/index.php\/wp-json\/wp\/v2\/posts\/114953"}],"collection":[{"href":"https:\/\/gazdasagportal.hu\/index.php\/wp-json\/wp\/v2\/posts"}],"about":[{"href":"https:\/\/gazdasagportal.hu\/index.php\/wp-json\/wp\/v2\/types\/post"}],"author":[{"embeddable":true,"href":"https:\/\/gazdasagportal.hu\/index.php\/wp-json\/wp\/v2\/users\/1"}],"replies":[{"embeddable":true,"href":"https:\/\/gazdasagportal.hu\/index.php\/wp-json\/wp\/v2\/comments?post=114953"}],"version-history":[{"count":1,"href":"https:\/\/gazdasagportal.hu\/index.php\/wp-json\/wp\/v2\/posts\/114953\/revisions"}],"predecessor-version":[{"id":114954,"href":"https:\/\/gazdasagportal.hu\/index.php\/wp-json\/wp\/v2\/posts\/114953\/revisions\/114954"}],"wp:attachment":[{"href":"https:\/\/gazdasagportal.hu\/index.php\/wp-json\/wp\/v2\/media?parent=114953"}],"wp:term":[{"taxonomy":"category","embeddable":true,"href":"https:\/\/gazdasagportal.hu\/index.php\/wp-json\/wp\/v2\/categories?post=114953"},{"taxonomy":"post_tag","embeddable":true,"href":"https:\/\/gazdasagportal.hu\/index.php\/wp-json\/wp\/v2\/tags?post=114953"}],"curies":[{"name":"wp","href":"https:\/\/api.w.org\/{rel}","templated":true}]}}