{"id":114921,"date":"2019-04-03T17:24:29","date_gmt":"2019-04-03T15:24:29","guid":{"rendered":"http:\/\/gazdasagportal.hu\/?p=114921"},"modified":"2019-04-03T17:24:29","modified_gmt":"2019-04-03T15:24:29","slug":"a-szazadveg-javaslatokat-fogalmazott-meg-a-facebook-cenzura-ellen","status":"publish","type":"post","link":"https:\/\/gazdasagportal.hu\/index.php\/a-szazadveg-javaslatokat-fogalmazott-meg-a-facebook-cenzura-ellen\/","title":{"rendered":"A Sz\u00e1zadv\u00e9g javaslatokat fogalmazott meg a Facebook-cenz\u00fara ellen"},"content":{"rendered":"<p><strong>Javaslatokat fogalmazott meg a Sz\u00e1zadv\u00e9g Alap\u00edtv\u00e1ny a &#8222;Facebook-cenz\u00fara&#8221; ellen.<\/strong><!--more--><\/p>\n<div class=\"ads-in-post1\"><div id=\"gazdasagportal.hu_fullbanner_wideboard\"><\/div>\r\n<\/div>\n<p>A Sz\u00e1zadv\u00e9g az MTI-hez szerd\u00e1n eljuttatott k\u00f6zlem\u00e9ny\u00fckben azt \u00edrta: a k\u00f6z\u00f6ss\u00e9gi oldalak cenz\u00far\u00e1ja mor\u00e1lisan v\u00e9dhetetlen, mivel &#8222;l\u00e1bbal tiporja&#8221; a sz\u00f3l\u00e1sszabads\u00e1g elv\u00e9t. Politikailag vesz\u00e9lyes, mivel tagadja a nemzeti szuverenit\u00e1sokon alapul\u00f3 t\u00f6rv\u00e9nyek \u00e9s szab\u00e1lyok \u00e9rv\u00e9nyess\u00e9g\u00e9t. Ezen t\u00fal pedig megfosztja az embereket az igazs\u00e1g megismer\u00e9s\u00e9t\u0151l, mert annak teljes k\u00f6r\u0171 bemutat\u00e1s\u00e1t \u00e9s megismer\u00e9s\u00e9t tilalom al\u00e1 helyezi.<br \/>\nErre azzal kapcsolatban h\u00edvt\u00e1k fel a figyelmet, hogy Mark Zuckerberg, a Facebook k\u00f6z\u00f6ss\u00e9gi oldal alap\u00edt\u00f3ja \u00e9s vezet\u0151je a The Washington Post szombati sz\u00e1m\u00e1ban megjelent ny\u00edlt level\u00e9ben az internet t\u00f6rv\u00e9nyi szab\u00e1lyoz\u00e1s\u00e1ra \u00e9s ellen\u0151rz\u00e9s\u00e9re k\u00e9rte a korm\u00e1nyokat. Mintz \u00edrt\u00e1k, Mark Zuckerberg a demokratikus elk\u00f6telezetts\u00e9g\u0171 korm\u00e1nyokt\u00f3l azt v\u00e1rja, hogy glob\u00e1lis szab\u00e1lyokat alkotva &#8222;\u0151rk\u00f6djenek&#8221; az egy\u00e9ni online felhaszn\u00e1l\u00f3i \u00e9lm\u00e9ny &#8222;biztons\u00e1ga&#8221; felett.<br \/>\n<div class=\"ads-in-post2\"><script async src=\"https:\/\/pagead2.googlesyndication.com\/pagead\/js\/adsbygoogle.js\"><\/script>\r\n<ins class=\"adsbygoogle\"\r\n     style=\"display:block\"\r\n     data-ad-format=\"fluid\"\r\n     data-ad-layout-key=\"-6t+ed+2i-1n-4w\"\r\n     data-ad-client=\"ca-pub-1959107119989764\"\r\n     data-ad-slot=\"4008251320\"><\/ins>\r\n<script>\r\n     (adsbygoogle = window.adsbygoogle || []).push({});\r\n<\/script><\/div>\nA Sz\u00e1zadv\u00e9g szerint ha Mark Zuckerberg el\u00e9ri, amit akar, a &#8222;Facebook-cenz\u00fara szintet ugrik&#8221; \u00e9s a nemzetek nem lesznek k\u00e9pesek v\u00e9delmet ny\u00fajtani \u00e1llampolg\u00e1raiknak, hogy \u00e9lhessenek alkotm\u00e1nyosan biztos\u00edtott szabads\u00e1gjogaikkal.<br \/>\nKiemelt\u00e9k: a &#8222;nemzeteken a sor, hogy megv\u00e9dj\u00e9k a szabads\u00e1got&#8221;. Ehhez nyolc pontban fogalmazt\u00e1k meg javaslataikat. Egyebek mellett azt szorgalmazz\u00e1k, hogy min\u0151s\u00edts\u00e9k hagyom\u00e1nyos t\u00f6megm\u00e9di\u00e1nak a k\u00f6z\u00f6ss\u00e9gi m\u00e9di\u00e1t \u00e9s ugyan\u00fagy szab\u00e1lyozz\u00e1k, mint a t\u00f6bbi tartalomszolg\u00e1ltat\u00f3t. Emellett azt is javasolj\u00e1k, hogy terjessz\u00e9k ki a k\u00f6z\u00f6ss\u00e9gi m\u00e9dia tev\u00e9kenys\u00e9gi k\u00f6r\u00e9re a nemzet\u00e1llam ter\u00fcleti hat\u00e1ly\u00e1t \u00e9s alkotm\u00e1nyos szab\u00e1lyait, tov\u00e1bb\u00e1, hogy kem\u00e9nyebb jogi eszk\u00f6z\u00f6kkel l\u00e9pjenek fel a sz\u00f3l\u00e1s- \u00e9s v\u00e9lem\u00e9nyszabads\u00e1g alkotm\u00e1nyos jogainak k\u00fcls\u0151 korl\u00e1toz\u00f3ival &#8211; az &#8222;\u00f6njel\u00f6lt cenzorokkal&#8221; szemben.<br \/>\nA teljes tanulm\u00e1ny el\u00e9rhet\u0151 a Sz\u00e1zadv\u00e9g weboldal\u00e1n (<a title=\"Hely megnyit\u00e1sa\" href=\"https:\/\/szazadveg.hu\/uploads\/media\/5ca4b75e79eda\/tanulmany-a-szazadveg-javaslatai-a-facebook-cenzura-ellen-2019403.pdf\" target=\"_blank\" rel=\"noopener noreferrer\">https:\/\/szazadveg.hu\/uploads\/media\/5ca4b75e79eda\/tanulmany-a-szazadveg-javaslatai-a-facebook-cenzura-ellen-2019403.pdf<\/a>) &#8211; \u00e1ll a k\u00f6zlem\u00e9nyben.(MTI)<\/p>\n<p>&nbsp;<\/p><div id=\"gazda-3154876196\" class=\"gazda-tartalomban gazda-entity-placement\"><script async src=\"https:\/\/pagead2.googlesyndication.com\/pagead\/js\/adsbygoogle.js\"><\/script>\r\n<ins class=\"adsbygoogle\"\r\n     style=\"display:block\"\r\n     data-ad-format=\"fluid\"\r\n     data-ad-layout-key=\"-6t+ed+2i-1n-4w\"\r\n     data-ad-client=\"ca-pub-1959107119989764\"\r\n     data-ad-slot=\"4008251320\"><\/ins>\r\n<script>\r\n     (adsbygoogle = window.adsbygoogle || []).push({});\r\n<\/script><\/div>\n","protected":false},"excerpt":{"rendered":"<p>Javaslatokat fogalmazott meg a Sz\u00e1zadv\u00e9g Alap\u00edtv\u00e1ny a &#8222;Facebook-cenz\u00fara&#8221; ellen.<\/p>\n","protected":false},"author":1,"featured_media":0,"comment_status":"closed","ping_status":"open","sticky":false,"template":"","format":"standard","meta":[],"categories":[4],"tags":[],"_links":{"self":[{"href":"https:\/\/gazdasagportal.hu\/index.php\/wp-json\/wp\/v2\/posts\/114921"}],"collection":[{"href":"https:\/\/gazdasagportal.hu\/index.php\/wp-json\/wp\/v2\/posts"}],"about":[{"href":"https:\/\/gazdasagportal.hu\/index.php\/wp-json\/wp\/v2\/types\/post"}],"author":[{"embeddable":true,"href":"https:\/\/gazdasagportal.hu\/index.php\/wp-json\/wp\/v2\/users\/1"}],"replies":[{"embeddable":true,"href":"https:\/\/gazdasagportal.hu\/index.php\/wp-json\/wp\/v2\/comments?post=114921"}],"version-history":[{"count":1,"href":"https:\/\/gazdasagportal.hu\/index.php\/wp-json\/wp\/v2\/posts\/114921\/revisions"}],"predecessor-version":[{"id":114922,"href":"https:\/\/gazdasagportal.hu\/index.php\/wp-json\/wp\/v2\/posts\/114921\/revisions\/114922"}],"wp:attachment":[{"href":"https:\/\/gazdasagportal.hu\/index.php\/wp-json\/wp\/v2\/media?parent=114921"}],"wp:term":[{"taxonomy":"category","embeddable":true,"href":"https:\/\/gazdasagportal.hu\/index.php\/wp-json\/wp\/v2\/categories?post=114921"},{"taxonomy":"post_tag","embeddable":true,"href":"https:\/\/gazdasagportal.hu\/index.php\/wp-json\/wp\/v2\/tags?post=114921"}],"curies":[{"name":"wp","href":"https:\/\/api.w.org\/{rel}","templated":true}]}}