{"id":114919,"date":"2019-04-03T16:52:16","date_gmt":"2019-04-03T14:52:16","guid":{"rendered":"http:\/\/gazdasagportal.hu\/?p=114919"},"modified":"2019-04-03T16:52:16","modified_gmt":"2019-04-03T14:52:16","slug":"brexit-londoni-elemzok-lassitana-kozep-es-kelet-europa-novekedeset-a-rendezetlen-brexit","status":"publish","type":"post","link":"https:\/\/gazdasagportal.hu\/index.php\/brexit-londoni-elemzok-lassitana-kozep-es-kelet-europa-novekedeset-a-rendezetlen-brexit\/","title":{"rendered":"Brexit &#8211; Londoni elemz\u0151k: lass\u00edtan\u00e1 K\u00f6z\u00e9p- \u00e9s Kelet-Eur\u00f3pa n\u00f6veked\u00e9s\u00e9t a rendezetlen Brexit"},"content":{"rendered":"<p><strong>Londoni p\u00e9nz\u00fcgyi elemz\u0151k szerint lass\u00edtan\u00e1 a k\u00f6z\u00e9p- \u00e9s kelet-eur\u00f3pai gazdas\u00e1gok n\u00f6veked\u00e9si \u00fctem\u00e9t a brit EU-tags\u00e1g rendezetlen megsz\u0171n\u00e9se.<\/strong><!--more--><\/p>\n<div class=\"ads-in-post1\"><div id=\"gazdasagportal.hu_fullbanner_wideboard\"><\/div>\r\n<\/div>\n<p>    Az egyik legnagyobb londoni k\u00f6zpont\u00fa glob\u00e1lis p\u00e9nz\u00fcgyi-gazdas\u00e1gi elemz\u0151h\u00e1z, a Capital Economics szerd\u00e1n bemutatott tanulm\u00e1ny\u00e1ban k\u00f6z\u00f6lte: sz\u00e1m\u00edt\u00e1sai szerint Magyarorsz\u00e1g, Szlov\u00e1kia \u00e9s Csehorsz\u00e1g hazai \u00f6sszterm\u00e9ke (GDP) meg\u00e1llapod\u00e1s n\u00e9lk\u00fcli Brexit eset\u00e9n m\u00e1r a 2019-2020-as id\u0151szakban \u00e1tlagosan 0,3-0,5 sz\u00e1zal\u00e9kponttal lassabban n\u00f6vekedne ann\u00e1l az \u00fctemn\u00e9l, amelyet ezek a gazdas\u00e1gok rendezett brit kil\u00e9p\u00e9s eset\u00e9n ugyanebben az id\u0151t\u00e1vlatban el\u00e9rhetn\u00e9nek.<br \/>\n    A h\u00e1z szerint a szab\u00e1lyozatlan Brexit negat\u00edv n\u00f6veked\u00e9si hat\u00e1sainak egyik \u00e1tsz\u0171r\u0151d\u00e9si csatorn\u00e1ja a kereskedelem lenne, a brit piacra ir\u00e1nyul\u00f3 k\u00f6zvetlen export ugyanis az orsz\u00e1gcsoport \u00e9ves GDP-\u00e9rt\u00e9k\u00e9nek \u00e1tlagosan 4 sz\u00e1zal\u00e9k\u00e1val egyenl\u0151.<br \/>\n    Az esetleges meg\u00e1llapod\u00e1s n\u00e9lk\u00fcli Brexit a brit import n\u00f6veked\u00e9si \u00fctem\u00e9t a Capital Economics elemz\u0151inek becsl\u00e9se szerint 1,5-2 sz\u00e1zal\u00e9kponttal lass\u00edtan\u00e1 2019-2020-ban, cs\u00f6kkentve \u00edgy a k\u00f6z\u00e9p-eur\u00f3pai orsz\u00e1gok exportja ir\u00e1nti keresletet is.<br \/>\n<div class=\"ads-in-post2\"><script async src=\"https:\/\/pagead2.googlesyndication.com\/pagead\/js\/adsbygoogle.js\"><\/script>\r\n<ins class=\"adsbygoogle\"\r\n     style=\"display:block\"\r\n     data-ad-format=\"fluid\"\r\n     data-ad-layout-key=\"-6t+ed+2i-1n-4w\"\r\n     data-ad-client=\"ca-pub-1959107119989764\"\r\n     data-ad-slot=\"4008251320\"><\/ins>\r\n<script>\r\n     (adsbygoogle = window.adsbygoogle || []).push({});\r\n<\/script><\/div>\n    A h\u00e1z szerint emellett jelent\u0151sek lenn\u00e9nek a k\u00f6zvetett kereskedelmi hat\u00e1sok is, f\u0151leg Magyarorsz\u00e1gon, Csehorsz\u00e1gban \u00e9s Szlov\u00e1ki\u00e1ban, mivel ezeknek az EU-gazdas\u00e1goknak feldolgoz\u00f3szektorai m\u00e9lyen integr\u00e1l\u00f3dtak az eur\u00f3\u00f6vezeti besz\u00e1ll\u00edt\u00f3i l\u00e1ncolatokba.<br \/>\n    A Capital Economics szerdai elemz\u00e9se szerint piaci \u00e1rfolyam-kileng\u00e9sekkel is sz\u00e1molni kellene a k\u00f6z\u00e9p-eur\u00f3pai t\u00e9rs\u00e9gben meg\u00e1llapod\u00e1s n\u00e9lk\u00fcli Brexit eset\u00e9n, b\u00e1r ez a hat\u00e1s j\u00f3r\u00e9szt r\u00f6vid t\u00e1v\u00fa lenne.<br \/>\n    A c\u00e9g adatai szerint k\u00f6zvetlen\u00fcl a brit EU-tags\u00e1gr\u00f3l 2016-ban rendezett n\u00e9pszavaz\u00e1s ut\u00e1n &#8211; amelyen a kil\u00e9p\u00e9st p\u00e1rtol\u00f3k ker\u00fcltek sz\u0171k, 51,89 sz\u00e1zal\u00e9kos t\u00f6bbs\u00e9gbe &#8211; a k\u00f6z\u00e9p-eur\u00f3pai t\u00e9rs\u00e9g t\u0151zsd\u00e9i 3-8 sz\u00e1zal\u00e9k k\u00f6z\u00f6tti m\u00e9rt\u00e9kben estek, a helyi valut\u00e1kban kibocs\u00e1tott t\u00edz \u00e9v futamidej\u0171 k\u00f6tv\u00e9nyek hozama 10-30 b\u00e1zisponttal emelkedett, a r\u00e9gi\u00f3 valut\u00e1i pedig 2 sz\u00e1zal\u00e9kot el\u00e9r\u0151 m\u00e9rt\u00e9kben gyeng\u00fcltek az eur\u00f3hoz k\u00e9pest.<br \/>\n    A h\u00e1z mindent egybevetve \u00fagy sz\u00e1mol, hogy ha a brit EU-tags\u00e1g meg\u00e1llapod\u00e1s n\u00e9lk\u00fcl sz\u0171nik meg, a k\u00f6z\u00e9p-eur\u00f3pai gazdas\u00e1gok a k\u00f6vetkez\u0151 k\u00e9t \u00e9vben \u00e1tlagosan 1,5-2,5 sz\u00e1zal\u00e9k k\u00f6z\u00f6tti \u00e9ves \u00fctemben n\u00f6vekedn\u00e9nek a c\u00e9g \u00e1ltal e t\u00e9rs\u00e9gre jelenleg \u00e9rv\u00e9nyben tartott 2-3 sz\u00e1zal\u00e9kos n\u00f6veked\u00e9si el\u0151rejelz\u00e9s helyett.<br \/>\n    A Capital Economics londoni elemz\u0151i hangs\u00falyozz\u00e1k azt a v\u00e9lem\u00e9ny\u00fcket, hogy a kedvez\u0151tlen Brexit-forgat\u00f3k\u00f6nyv sem jelentene katasztr\u00f3f\u00e1t a k\u00f6z\u00e9p-eur\u00f3pai t\u00e9rs\u00e9g sz\u00e1m\u00e1ra.<br \/>\n    A c\u00e9g szerint a meg\u00e1llapod\u00e1s n\u00e9lk\u00fcli brit kil\u00e9p\u00e9sb\u0151l ered\u0151 gyeng\u00e9bb n\u00f6veked\u00e9si kil\u00e1t\u00e1sok a Magyar Nemzeti Bankot (MNB) az egy\u00e9bk\u00e9nt is csak &#8222;puhatol\u00f3z\u00f3&#8221; jelleg\u0171 monet\u00e1ris szigor\u00edt\u00e1si ciklus le\u00e1ll\u00edt\u00e1s\u00e1ra k\u00e9sztetn\u00e9k, Lengyelorsz\u00e1gban \u00e9s Csehorsz\u00e1gban pedig a kamatcs\u00f6kkent\u00e9s is napirendre ker\u00fclhetne.<br \/>\n    M\u00e1s nagy londoni elemz\u0151m\u0171helyek elt\u00e9r\u0151 sz\u00e1m\u00edt\u00e1si m\u00f3dszerekkel k\u00e9sz\u00fclt tanulm\u00e1nyai is azt mutatj\u00e1k, hogy a rendezetlen Brexit \u00e9rinten\u00e9 a felz\u00e1rk\u00f3z\u00f3 eur\u00f3pai t\u00e9rs\u00e9g kereskedelm\u00e9t \u00e9s n\u00f6veked\u00e9si kil\u00e1t\u00e1sait.<br \/>\n    Az Eur\u00f3pai \u00dajj\u00e1\u00e9p\u00edt\u00e9si \u00e9s Fejleszt\u00e9si Bank (EBRD) Londonban ismertetett minapi tanulm\u00e1ny\u00e1ban k\u00f6z\u00f6lte: sz\u00e1m\u00edt\u00e1sai szerint a m\u0171k\u00f6d\u00e9si ter\u00fclet\u00e9hez tartoz\u00f3 gazdas\u00e1gok exporttermel\u00e9s\u00e9b\u0151l realiz\u00e1lt hozz\u00e1adott\u00e9rt\u00e9k-tartalom 6,8 sz\u00e1zal\u00e9k\u00e1ra lenne hat\u00e1ssal, ha az esetleges &#8222;kem\u00e9ny Brexit&#8221; fennakad\u00e1sokat okozna a brit gazdas\u00e1ghoz f\u0171z\u0151d\u0151 k\u00f6zvetlen \u00e9s k\u00f6zvetett kereskedelmi kapcsolatokban.<br \/>\n    Az EBRD szerint egy ilyen forgat\u00f3k\u00f6nyv megval\u00f3sul\u00e1sa k\u00f6zvetlen\u00fcl 32,9 milli\u00e1rd doll\u00e1rnyi, k\u00f6zvetve &#8211; a besz\u00e1ll\u00edt\u00f3i l\u00e1ncolatokon kereszt\u00fcl &#8211; tov\u00e1bbi 6,5 milli\u00e1rd doll\u00e1rnyi export\u00e9rt\u00e9ket \u00e9rintene a bank tev\u00e9kenys\u00e9gi t\u00e9rs\u00e9g\u00e9ben.<br \/>\n    A bank \u00e1ltal haszn\u00e1lt &#8211; az exporttermel\u00e9sb\u0151l realiz\u00e1lt hozz\u00e1adott\u00e9rt\u00e9k-tartalomra \u00e9p\u00fcl\u0151 &#8211; sz\u00e1m\u00edt\u00e1si m\u00f3dszer alapj\u00e1n a magyar \u00e9s a litv\u00e1n gazdas\u00e1g brutt\u00f3 kibocs\u00e1t\u00e1si \u00e9rt\u00e9k\u00e9nek 1,3 sz\u00e1zal\u00e9ka, a lengyel gazdas\u00e1gi teljes\u00edtm\u00e9ny 1,2 sz\u00e1zal\u00e9ka lenne kit\u00e9ve e negat\u00edv hat\u00e1soknak.<br \/>\n    K\u00e9t patin\u00e1s londoni egyetem, a London School of Economics \u00e9s a King&#8217;s College London, valamint az Institute for Fiscal Studies (IFS) p\u00e9nz\u00fcgyi kutat\u00f3m\u0171hely k\u00fcl\u00f6nb\u00f6z\u0151 forgat\u00f3k\u00f6nyveket modellez\u0151 legut\u00f3bbi k\u00f6z\u00f6s tanulm\u00e1nya arra jutott, hogy rendezetlen k\u00f6r\u00fclm\u00e9nyek k\u00f6z\u00f6tt v\u00e9gbemen\u0151 Brexit eset\u00e9n a fejenk\u00e9nti brit hazai \u00f6sszterm\u00e9k a 2020-2030-as id\u0151szak v\u00e9g\u00e9re 3,5-8,7 sz\u00e1zal\u00e9kkal lenne alacsonyabb a tov\u00e1bbi brit EU-tags\u00e1g eset\u00e9n addigra el\u00e9rhet\u0151 \u00e9rt\u00e9kn\u00e9l.<br \/>\n    A tanulm\u00e1ny szerint az ebb\u0151l levezetett sz\u00e1m\u00edt\u00e1sok alapj\u00e1n a magyar gazdas\u00e1gban a meg\u00e1llapod\u00e1s n\u00e9lk\u00fcli brit kil\u00e9p\u00e9s 0,5 sz\u00e1zal\u00e9k k\u00f6r\u00fcli halmozott GDP-vesztes\u00e9get okozna ahhoz a szinthez k\u00e9pest, amelyet Magyarorsz\u00e1g tov\u00e1bbi brit EU-tags\u00e1g eset\u00e9n a vizsg\u00e1lt t\u00edz\u00e9ves id\u0151szak v\u00e9g\u00e9re el\u00e9rhetne.<br \/>\n(MTI)<\/p>\n","protected":false},"excerpt":{"rendered":"<p>Londoni p\u00e9nz\u00fcgyi elemz\u0151k szerint lass\u00edtan\u00e1 a k\u00f6z\u00e9p- \u00e9s kelet-eur\u00f3pai gazdas\u00e1gok n\u00f6veked\u00e9si \u00fctem\u00e9t a brit EU-tags\u00e1g rendezetlen megsz\u0171n\u00e9se.<\/p>\n","protected":false},"author":1,"featured_media":0,"comment_status":"closed","ping_status":"open","sticky":false,"template":"","format":"standard","meta":[],"categories":[12,19,246],"tags":[],"_links":{"self":[{"href":"https:\/\/gazdasagportal.hu\/index.php\/wp-json\/wp\/v2\/posts\/114919"}],"collection":[{"href":"https:\/\/gazdasagportal.hu\/index.php\/wp-json\/wp\/v2\/posts"}],"about":[{"href":"https:\/\/gazdasagportal.hu\/index.php\/wp-json\/wp\/v2\/types\/post"}],"author":[{"embeddable":true,"href":"https:\/\/gazdasagportal.hu\/index.php\/wp-json\/wp\/v2\/users\/1"}],"replies":[{"embeddable":true,"href":"https:\/\/gazdasagportal.hu\/index.php\/wp-json\/wp\/v2\/comments?post=114919"}],"version-history":[{"count":1,"href":"https:\/\/gazdasagportal.hu\/index.php\/wp-json\/wp\/v2\/posts\/114919\/revisions"}],"predecessor-version":[{"id":114920,"href":"https:\/\/gazdasagportal.hu\/index.php\/wp-json\/wp\/v2\/posts\/114919\/revisions\/114920"}],"wp:attachment":[{"href":"https:\/\/gazdasagportal.hu\/index.php\/wp-json\/wp\/v2\/media?parent=114919"}],"wp:term":[{"taxonomy":"category","embeddable":true,"href":"https:\/\/gazdasagportal.hu\/index.php\/wp-json\/wp\/v2\/categories?post=114919"},{"taxonomy":"post_tag","embeddable":true,"href":"https:\/\/gazdasagportal.hu\/index.php\/wp-json\/wp\/v2\/tags?post=114919"}],"curies":[{"name":"wp","href":"https:\/\/api.w.org\/{rel}","templated":true}]}}