{"id":11489,"date":"2013-07-10T11:25:53","date_gmt":"2013-07-10T09:25:53","guid":{"rendered":"http:\/\/stockportal.hu\/?p=11489"},"modified":"2013-07-10T11:26:01","modified_gmt":"2013-07-10T09:26:01","slug":"londoni-elemzok-jovore-is-recesszio-varhato-az-euroovezetben","status":"publish","type":"post","link":"https:\/\/gazdasagportal.hu\/index.php\/londoni-elemzok-jovore-is-recesszio-varhato-az-euroovezetben\/","title":{"rendered":"Londoni elemz\u0151k: j\u00f6v\u0151re is recesszi\u00f3 v\u00e1rhat\u00f3 az eur\u00f3\u00f6vezetben"},"content":{"rendered":"<p><strong>Vannak ugyan t\u00e9tova jelei az eur\u00f3\u00f6vezeti gazdas\u00e1g \u00e9l\u00e9nk\u00fcl\u00e9s\u00e9nek, \u00e1m a valutauni\u00f3 v\u00e1rhat\u00f3an m\u00e9g j\u00f6v\u0151re is recesszi\u00f3ban lesz, \u00e9s csak 2015-ben val\u00f3sz\u00edn\u0171 valamelyes n\u00f6veked\u00e9s &#8211; j\u00f3solt\u00e1k keddi el\u0151rejelz\u00e9s\u00fckben londoni p\u00e9nz\u00fcgyi elemz\u0151k, akik szerint tov\u00e1bbra sem kiz\u00e1rt G\u00f6r\u00f6gorsz\u00e1g k\u00e9nyszer\u0171 t\u00e1voz\u00e1sa az eur\u00f3\u00f6vezetb\u0151l.<!--more--><\/strong><\/p>\n<p>A City egyik legnagyobb p\u00e9nz\u00fcgyi-gazdas\u00e1gi elemz\u0151h\u00e1za, a Capital Economics a harmadik negyed\u00e9vre sz\u00f3l\u00f3, kedden Londonban ismertetett glob\u00e1lis progn\u00f3zis\u00e1ban k\u00f6z\u00f6lte: j\u00f3llehet kiss\u00e9 jav\u00edtotta az idei \u00e9vre \u00e9rv\u00e9nyes eur\u00f3\u00f6vezeti GDP-becsl\u00e9s\u00e9t, azonban \u00edgy is 1,5 sz\u00e1zal\u00e9kos \u00e1tlagos visszaes\u00e9st v\u00e1r 2013 eg\u00e9sz\u00e9re a valutauni\u00f3ban.<br \/>\nA h\u00e1z v\u00e1ltozatlanul hagyta 2014-re sz\u00f3l\u00f3, 1,0 sz\u00e1zal\u00e9kos eur\u00f3\u00f6veti GDP-m\u00ednusszal sz\u00e1mol\u00f3 el\u0151rejelz\u00e9s\u00e9t, \u00e9s 2015-re is mind\u00f6ssze 0,5 sz\u00e1zal\u00e9kos \u00e1tlagos n\u00f6veked\u00e9st val\u00f3sz\u00edn\u0171s\u00edt a valutauni\u00f3s gazdas\u00e1gokban.<br \/>\nA Capital Economics londoni k\u00f6zgazd\u00e1szai szerint ebben a k\u00f6rnyezetben egy ideig m\u00e9g fennmarad az eur\u00f3\u00f6vezet valamilyen form\u00e1j\u00fa &#8222;sz\u00e9tforg\u00e1csol\u00f3d\u00e1s\u00e1nak&#8221; kock\u00e1zata.<br \/>\nA c\u00e9g t\u00e1bl\u00e1zatos kimutat\u00e1sa alapj\u00e1n elemz\u0151i az id\u00e9n 11 eur\u00f3\u00f6vezeti gazdas\u00e1gban v\u00e1rnak eg\u00e9sz \u00e9ves recesszi\u00f3t, \u00e9s az el\u0151rejelz\u00e9s szerint ezek k\u00f6z\u00fcl nyolc m\u00e9g j\u00f6v\u0151re is, n\u00e9gy m\u00e9g 2015-ben is recesszi\u00f3ban lesz.<br \/>\nA h\u00e1z szak\u00e9rt\u0151inek v\u00e1rakoz\u00e1sa szerint a k\u00e9t legnagyobb d\u00e9li eur\u00f3gazdas\u00e1g, Olaszorsz\u00e1g \u00e9s Spanyolorsz\u00e1g mindh\u00e1rom \u00e9vet recesszi\u00f3ban t\u00f6lti, csak\u00fagy mint Portug\u00e1lia \u00e9s G\u00f6r\u00f6gorsz\u00e1g.<br \/>\nA k\u00e9t legnagyobb eur\u00f3tag\u00e1llam k\u00f6z\u00fcl N\u00e9metorsz\u00e1gban az id\u00e9n stagn\u00e1l\u00e1st, j\u00f6v\u0151re 0,5 sz\u00e1zal\u00e9kos, 2015-ben 1,0 sz\u00e1zal\u00e9kos GDP-n\u00f6veked\u00e9st, Franciaorsz\u00e1gban az id\u00e9n 1,3 sz\u00e1zal\u00e9kos, j\u00f6v\u0151re 1,0 sz\u00e1zal\u00e9kos visszaes\u00e9st, 2015-ben 0,5 sz\u00e1zal\u00e9kos n\u00f6veked\u00e9st j\u00f3solnak a Capital Economics elemz\u0151i.<br \/>\nA h\u00e1z progn\u00f3zisa szerint Spanyolorsz\u00e1gban a munkan\u00e9lk\u00fcliek ar\u00e1nya 2015-ben megk\u00f6zel\u00edti a 30 sz\u00e1zal\u00e9kot.<br \/>\nKiemelik, hogy G\u00f6r\u00f6gorsz\u00e1g &#8211; egyike azoknak az eur\u00f3gazdas\u00e1goknak, amelyekben a Capital Economics m\u00e9g 2015-re is visszaes\u00e9st v\u00e1r &#8211; abban az \u00e9vben m\u00e1r h\u00e9t \u00e9ve lesz folyamatosan recesszi\u00f3ban. Ez hosszabb ideig tart\u00f3 recesszi\u00f3 lenne a Nemzetk\u00f6zi Valutaalap (IMF), az EU \u00e9s az eur\u00f3jegybank (EKB) alkotta trojka \u00e1ltal v\u00e1rtn\u00e1l, \u00e9s ebben a k\u00f6rnyezetben a g\u00f6r\u00f6g \u00e1llamad\u00f3ss\u00e1g-r\u00e1ta is v\u00e1rhat\u00f3an sokkal magasabbra emelkedik a g\u00f6r\u00f6g p\u00e9nz\u00fcgyi seg\u00e9lyprogramban fel\u00e9telezett szintn\u00e9l.<br \/>\nA Capital Economics elemz\u0151i szerint a GDP-ar\u00e1nyos g\u00f6r\u00f6g \u00e1llamad\u00f3ss\u00e1g-r\u00e1ta ir\u00e1nyt vehet a 200 sz\u00e1zal\u00e9k fel\u00e9.<br \/>\nA szak\u00e9rt\u0151k szerint, ha emiatt a trojka m\u00e9g t\u00f6bb takar\u00e9koss\u00e1gi int\u00e9zked\u00e9st k\u00e9nyszer\u00edt G\u00f6r\u00f6gorsz\u00e1gra, annak az lehet a val\u00f3sz\u00edn\u0171 k\u00f6vetkezm\u00e9nye, hogy n\u0151 a radik\u00e1lis megold\u00e1sok, k\u00f6zt\u00fck az orsz\u00e1g eur\u00f3\u00f6vezeti kil\u00e9p\u00e9s\u00e9nek lakoss\u00e1gi t\u00e1mogatotts\u00e1ga.<br \/>\nM\u00e1s nagy londoni h\u00e1zak sem der\u0171l\u00e1t\u00f3k az eur\u00f3\u00f6vezet kil\u00e1t\u00e1saival \u00e9s G\u00f6r\u00f6gorsz\u00e1g valutauni\u00f3s tags\u00e1g\u00e1nak j\u00f6v\u0151j\u00e9vel kapcsolatban.<br \/>\nAz Economist Intelligence Unit (EIU) &#8211; a vil\u00e1g egyik legnagyobb gazdas\u00e1gelemz\u0151 int\u00e9zete &#8211; j\u00faliusra sz\u00f3l\u00f3 havi vil\u00e1ggazdas\u00e1gi el\u0151rejelz\u00e9s\u00e9ben k\u00f6z\u00f6lte, hogy 0,8 sz\u00e1zal\u00e9kos visszaes\u00e9sre sz\u00e1m\u00edt az eur\u00f3\u00f6vezeti gazdas\u00e1gban 2013 eg\u00e9sz\u00e9ben az \u00e1ltala eddig j\u00f3solt 0,7 sz\u00e1zal\u00e9kos \u00e1tlagos idei GDP-m\u00ednusz helyett.<br \/>\nA h\u00e1z szerint az \u00f6sszes nagy d\u00e9li eur\u00f3gazdas\u00e1g &#8211; Olaszorsz\u00e1g, Spanyolorsz\u00e1g, Portug\u00e1lia \u00e9s k\u00fcl\u00f6n\u00f6sen G\u00f6r\u00f6gorsz\u00e1g &#8211; \u00e9s vel\u00fck egy\u00fctt \u00cdrorsz\u00e1g is m\u00e9ly, t\u00f6bb\u00e9ves recesszi\u00f3ban ragadt.<br \/>\nAz EIU londoni szakelemz\u0151i szerint G\u00f6r\u00f6gorsz\u00e1g m\u00e9g a gyenge eur\u00f3\u00f6vezeti mez\u0151ny\u00f6n bel\u00fcl is k\u00fcl\u00f6n p\u00e1ly\u00e1n halad; gazdas\u00e1g\u00e1ra m\u00e1r nem a recesszi\u00f3, hanem a m\u00e9ly depresszi\u00f3 kifejez\u00e9s illik, tekintettel arra, hogy a g\u00f6r\u00f6g GDP-\u00e9rt\u00e9k a v\u00e1ls\u00e1g el\u0151tti utols\u00f3 \u00e9vben, 2007-ben m\u00e9rt legut\u00f3bbi cs\u00facshoz k\u00e9pest csaknem 20 sz\u00e1zal\u00e9kot zuhant.<br \/>\nA h\u00e1z szerint ha G\u00f6r\u00f6gorsz\u00e1gban olyan korm\u00e1ny ker\u00fclne hatalomra, amely elveti a jelenlegi p\u00e9nz\u00fcgyi ment\u0151program felt\u00e9teleit, akkor G\u00f6r\u00f6gorsz\u00e1g az eur\u00f3\u00f6vezet elhagy\u00e1s\u00e1ra k\u00e9nyszer\u00fclhet. Egy ilyen fejlem\u00e9ny domin\u00f3hat\u00e1st ind\u00edthat el, m\u00e1s tagorsz\u00e1gokat is t\u00e1voz\u00e1sra k\u00e9nyszer\u00edtve &#8211; \u00e1ll az EIU j\u00faliusi elemz\u00e9s\u00e9ben.(MTI)<\/p>\n","protected":false},"excerpt":{"rendered":"<p>Vannak ugyan t\u00e9tova jelei az eur\u00f3\u00f6vezeti gazdas\u00e1g \u00e9l\u00e9nk\u00fcl\u00e9s\u00e9nek, \u00e1m a valutauni\u00f3 v\u00e1rhat\u00f3an m\u00e9g j\u00f6v\u0151re is recesszi\u00f3ban lesz, \u00e9s csak 2015-ben val\u00f3sz\u00edn\u0171 valamelyes n\u00f6veked\u00e9s &#8211; j\u00f3solt\u00e1k keddi el\u0151rejelz\u00e9s\u00fckben londoni p\u00e9nz\u00fcgyi elemz\u0151k, akik szerint tov\u00e1bbra sem kiz\u00e1rt G\u00f6r\u00f6gorsz\u00e1g k\u00e9nyszer\u0171 t\u00e1voz\u00e1sa az eur\u00f3\u00f6vezetb\u0151l.<\/p>\n","protected":false},"author":1,"featured_media":0,"comment_status":"open","ping_status":"closed","sticky":false,"template":"","format":"standard","meta":[],"categories":[12],"tags":[],"_links":{"self":[{"href":"https:\/\/gazdasagportal.hu\/index.php\/wp-json\/wp\/v2\/posts\/11489"}],"collection":[{"href":"https:\/\/gazdasagportal.hu\/index.php\/wp-json\/wp\/v2\/posts"}],"about":[{"href":"https:\/\/gazdasagportal.hu\/index.php\/wp-json\/wp\/v2\/types\/post"}],"author":[{"embeddable":true,"href":"https:\/\/gazdasagportal.hu\/index.php\/wp-json\/wp\/v2\/users\/1"}],"replies":[{"embeddable":true,"href":"https:\/\/gazdasagportal.hu\/index.php\/wp-json\/wp\/v2\/comments?post=11489"}],"version-history":[{"count":2,"href":"https:\/\/gazdasagportal.hu\/index.php\/wp-json\/wp\/v2\/posts\/11489\/revisions"}],"predecessor-version":[{"id":11500,"href":"https:\/\/gazdasagportal.hu\/index.php\/wp-json\/wp\/v2\/posts\/11489\/revisions\/11500"}],"wp:attachment":[{"href":"https:\/\/gazdasagportal.hu\/index.php\/wp-json\/wp\/v2\/media?parent=11489"}],"wp:term":[{"taxonomy":"category","embeddable":true,"href":"https:\/\/gazdasagportal.hu\/index.php\/wp-json\/wp\/v2\/categories?post=11489"},{"taxonomy":"post_tag","embeddable":true,"href":"https:\/\/gazdasagportal.hu\/index.php\/wp-json\/wp\/v2\/tags?post=11489"}],"curies":[{"name":"wp","href":"https:\/\/api.w.org\/{rel}","templated":true}]}}