{"id":114871,"date":"2019-04-02T11:34:15","date_gmt":"2019-04-02T09:34:15","guid":{"rendered":"http:\/\/gazdasagportal.hu\/?p=114871"},"modified":"2019-04-02T11:34:15","modified_gmt":"2019-04-02T09:34:15","slug":"brexit-egyre-valoszinubb-a-megallapodas-nelkuli-kivalas","status":"publish","type":"post","link":"https:\/\/gazdasagportal.hu\/index.php\/brexit-egyre-valoszinubb-a-megallapodas-nelkuli-kivalas\/","title":{"rendered":"Brexit &#8211; Egyre val\u00f3sz\u00edn\u0171bb a meg\u00e1llapod\u00e1s n\u00e9lk\u00fcli kiv\u00e1l\u00e1s"},"content":{"rendered":"<p><strong>Egyre val\u00f3sz\u00edn\u0171bb\u00e9 v\u00e1lt az elm\u00falt napokban az Eur\u00f3pai Bizotts\u00e1g Brexit-\u00fcgyi f\u0151t\u00e1rgyal\u00f3ja szerint, hogy meg\u00e1llapod\u00e1s n\u00e9lk\u00fcl sz\u0171nik meg a brit eur\u00f3pai uni\u00f3s tags\u00e1g. Michel Barnier ugyanakkor azt is mondta kedden Br\u00fcsszelben, hogy m\u00e9g mindig van rem\u00e9ny ennek elker\u00fcl\u00e9s\u00e9re.<\/strong><!--more--><\/p>\n<div class=\"ads-in-post1\"><div id=\"gazdasagportal.hu_fullbanner_wideboard\"><\/div>\r\n<\/div>\n<p>    \u00dagy v\u00e9lekedett, nem val\u00f3sz\u00edn\u0171, hogy a k\u00f6vetkez\u0151 napokban vagy a j\u00f6v\u0151 h\u00e9ten Londonban elfogadj\u00e1k a rendezett kiv\u00e1l\u00e1st biztos\u00edt\u00f3 egyezm\u00e9nyt.<br \/>\n    Michel Barnier az ut\u00e1n nyilatkozott, hogy a brit EU-tags\u00e1g megsz\u0171n\u00e9s\u00e9nek (Brexit) felt\u00e9telrendszer\u00e9t tartalmaz\u00f3 meg\u00e1llapod\u00e1s egyetlen alternat\u00edv\u00e1ja sem kapott t\u00f6bbs\u00e9get a londoni als\u00f3h\u00e1zban h\u00e9tf\u0151 \u00e9jjel.<br \/>\n    &#8222;Londonnak ki kell jel\u00f6lnie a k\u00f6vetni k\u00edv\u00e1nt utat vagy be kell mutatnia egy tervet a j\u00f6v\u0151re n\u00e9zve&#8221; &#8211; fogalmazott.<br \/>\n    Elmondta, az uni\u00f3 tov\u00e1bbra is k\u00e9sz arra, hogy Nagy-Britanni\u00e1val Norv\u00e9gi\u00e1hoz hasonl\u00f3an speci\u00e1lis kapcsolatot tartson fent, illetve arra, hogy bent tartsa a v\u00e1mun\u00f3ban.<br \/>\n    Lesz\u00f6gezte ugyanakkor, az uni\u00f3 nem fogja \u00fajrat\u00e1rgyalni a meg\u00e1llapod\u00e1st, annak elfogad\u00e1sa n\u00e9lk\u00fcl pedig London nem kapja meg az EU-tags\u00e1ga megsz\u0171n\u00e9s\u00e9t k\u00f6vet\u0151, kor\u00e1bban 2020 v\u00e9g\u00e9ig tervezett \u00e1tmeneti id\u0151szak lehet\u0151s\u00e9g\u00e9t sem.<br \/>\n<div class=\"ads-in-post2\"><script async src=\"https:\/\/pagead2.googlesyndication.com\/pagead\/js\/adsbygoogle.js\"><\/script>\r\n<ins class=\"adsbygoogle\"\r\n     style=\"display:block\"\r\n     data-ad-format=\"fluid\"\r\n     data-ad-layout-key=\"-6t+ed+2i-1n-4w\"\r\n     data-ad-client=\"ca-pub-1959107119989764\"\r\n     data-ad-slot=\"4008251320\"><\/ins>\r\n<script>\r\n     (adsbygoogle = window.adsbygoogle || []).push({});\r\n<\/script><\/div>\n    Az Egyes\u00fclt Kir\u00e1lys\u00e1g az \u00e1tmeneti id\u0151szak 21 h\u00f3napj\u00e1ban r\u00e9szese maradna a v\u00e1muni\u00f3nak \u00e9s az egys\u00e9ges piacnak, be kellene tartania a k\u00f6z\u00f6ss\u00e9gi jogot, ide\u00e9rtve az \u00fajonnan elfogadott szab\u00e1lyokat is, eleget kellene tennie a k\u00f6lts\u00e9gvet\u00e9si k\u00f6telezetts\u00e9geknek, valamint al\u00e1 kellene vetnie mag\u00e1t az Eur\u00f3pai B\u00edr\u00f3s\u00e1g joghat\u00f3s\u00e1g\u00e1nak, de m\u00e1r nem vehetne r\u00e9szt az uni\u00f3s d\u00f6nt\u00e9shozatalban.<br \/>\n    &#8222;Ha nincs meg\u00e1llapod\u00e1s, nincs \u00e1tmeneti id\u0151szak&#8221; &#8211; fogalmazott.<br \/>\n    A f\u0151t\u00e1rgyal\u00f3 megism\u00e9telte: amennyiben az Egyes\u00fclt Kir\u00e1lys\u00e1g el akarja hagyni az Eur\u00f3pai Uni\u00f3t, a k\u00e9t \u00e9ven \u00e1t t\u00e1rgyalt, majd elfogadott meg\u00e1llapod\u00e1s a lehet\u0151 legjobb \u00e9s egyetlen m\u00f3dja. Minden m\u00e1s lehet\u0151s\u00e9g &#8211; a meg\u00e1llapod\u00e1s n\u00e9lk\u00fcli kiv\u00e1l\u00e1s vagy az uni\u00f3s tags\u00e1g megsz\u0171n\u00e9se d\u00e1tum\u00e1nak tov\u00e1bb halasztott v\u00e9gs\u0151 d\u00e1tuma &#8211; k\u00e1ros hat\u00e1st v\u00e1ltana ki, amelyek k\u00f6vetkezm\u00e9nyeit a brit parlamentnek kell viselnie &#8211; h\u00fazta al\u00e1.<br \/>\n    Szavai szerint a brit uni\u00f3s tags\u00e1g meg\u00e1llapod\u00e1s n\u00e9lk\u00fcli megsz\u0171n\u00e9se sosem szerepelt az uni\u00f3 tervei k\u00f6z\u00f6tt. A t\u00e1rgyal\u00e1sok sor\u00e1n mindig a mindk\u00e9t f\u00e9l sz\u00e1m\u00e1ra lehet\u0151 legjobb megold\u00e1s megtal\u00e1l\u00e1sa volt a c\u00e9l.<br \/>\n    &#8222;Az uni\u00f3ban marad\u00f3 27 tag\u00e1llamnak egys\u00e9gesnek kell maradnia, a felk\u00e9sz\u00fcl\u00e9s egy meg\u00e1llapod\u00e1s n\u00e9lk\u00fcli Brexitre nem jelenti azt, hogy minden z\u00f6kken\u0151mentes lesz, ugyanis lesznek probl\u00e9m\u00e1k \u00e9s zavarok. Az EU ennek ellen\u00e9re minden lehets\u00e9ges kellemetlens\u00e9g kezel\u00e9s\u00e9re felk\u00e9sz\u00fcl&#8221; &#8211; emelte ki.<br \/>\n    Barnier elmondta azt is, hogy a kil\u00e9p\u00e9s d\u00e1tum\u00e1nak halaszt\u00e1sa azt jelenten\u00e9, hogy Nagy-Britanni\u00e1nak r\u00e9szt kell vennie a m\u00e1jus v\u00e9g\u00e9n esed\u00e9kes eur\u00f3pai parlamenti v\u00e1laszt\u00e1sokon.(MTI)<\/p>\n","protected":false},"excerpt":{"rendered":"<p>Egyre val\u00f3sz\u00edn\u0171bb\u00e9 v\u00e1lt az elm\u00falt napokban az Eur\u00f3pai Bizotts\u00e1g Brexit-\u00fcgyi f\u0151t\u00e1rgyal\u00f3ja szerint, hogy meg\u00e1llapod\u00e1s n\u00e9lk\u00fcl sz\u0171nik meg a brit eur\u00f3pai uni\u00f3s tags\u00e1g. Michel Barnier ugyanakkor azt is mondta kedden Br\u00fcsszelben, hogy m\u00e9g mindig van rem\u00e9ny ennek elker\u00fcl\u00e9s\u00e9re.<\/p>\n","protected":false},"author":1,"featured_media":0,"comment_status":"closed","ping_status":"open","sticky":false,"template":"","format":"standard","meta":[],"categories":[12,246],"tags":[],"_links":{"self":[{"href":"https:\/\/gazdasagportal.hu\/index.php\/wp-json\/wp\/v2\/posts\/114871"}],"collection":[{"href":"https:\/\/gazdasagportal.hu\/index.php\/wp-json\/wp\/v2\/posts"}],"about":[{"href":"https:\/\/gazdasagportal.hu\/index.php\/wp-json\/wp\/v2\/types\/post"}],"author":[{"embeddable":true,"href":"https:\/\/gazdasagportal.hu\/index.php\/wp-json\/wp\/v2\/users\/1"}],"replies":[{"embeddable":true,"href":"https:\/\/gazdasagportal.hu\/index.php\/wp-json\/wp\/v2\/comments?post=114871"}],"version-history":[{"count":1,"href":"https:\/\/gazdasagportal.hu\/index.php\/wp-json\/wp\/v2\/posts\/114871\/revisions"}],"predecessor-version":[{"id":114872,"href":"https:\/\/gazdasagportal.hu\/index.php\/wp-json\/wp\/v2\/posts\/114871\/revisions\/114872"}],"wp:attachment":[{"href":"https:\/\/gazdasagportal.hu\/index.php\/wp-json\/wp\/v2\/media?parent=114871"}],"wp:term":[{"taxonomy":"category","embeddable":true,"href":"https:\/\/gazdasagportal.hu\/index.php\/wp-json\/wp\/v2\/categories?post=114871"},{"taxonomy":"post_tag","embeddable":true,"href":"https:\/\/gazdasagportal.hu\/index.php\/wp-json\/wp\/v2\/tags?post=114871"}],"curies":[{"name":"wp","href":"https:\/\/api.w.org\/{rel}","templated":true}]}}