{"id":11487,"date":"2013-07-10T10:44:16","date_gmt":"2013-07-10T08:44:16","guid":{"rendered":"http:\/\/stockportal.hu\/?p=11487"},"modified":"2013-07-10T10:44:41","modified_gmt":"2013-07-10T08:44:41","slug":"a-fovarosban-es-pest-megyeben-is-megkezdodott-a-nav-nyari-ellenorzessorozata","status":"publish","type":"post","link":"https:\/\/gazdasagportal.hu\/index.php\/a-fovarosban-es-pest-megyeben-is-megkezdodott-a-nav-nyari-ellenorzessorozata\/","title":{"rendered":"A f\u0151v\u00e1rosban \u00e9s Pest megy\u00e9ben is megkezd\u0151d\u00f6tt a NAV ny\u00e1ri ellen\u0151rz\u00e9ssorozata"},"content":{"rendered":"<p><strong>Az orsz\u00e1gos ellen\u0151rz\u00e9si sorozat r\u00e9szek\u00e9nt Budapesten \u00e9s Pest megy\u00e9ben is megkezd\u0151d\u00f6tt a Nemzeti Ad\u00f3- \u00e9s V\u00e1mhivatal (NAV) ny\u00e1ri akci\u00f3ja. Az ad\u00f3revizorok \u00e9s p\u00e9nz\u00fcgy\u0151r\u00f6k j\u00falius elej\u00e9t\u0151l augusztus v\u00e9g\u00e9ig j\u00e1rj\u00e1k a kiemelt idegenforgalmi, turisztikai ter\u00fcleteket, strandokat, fesztiv\u00e1lokat, \u00e9s fokozott figyelmet ford\u00edtanak az internetes keresked\u0151k ad\u00f3z\u00e1si fegyelm\u00e9re is.<!--more--><\/strong><\/p>\n<p>Az akci\u00f3sorozat c\u00e9lja a bev\u00e9teleiket eltitkol\u00f3k kisz\u0171r\u00e9se a f\u0151v\u00e1rosban \u00e9s k\u00f6rny\u00e9k\u00e9n, a NAV munkat\u00e1rsainak fell\u00e9p\u00e9se a nap b\u00e1rmely szak\u00e1ban v\u00e1rhat\u00f3 az ad\u00f3hat\u00f3s\u00e1g k\u00f6zlem\u00e9nye szerint.<br \/>\nPest megy\u00e9ben, a dinnyeszezonra tekintettel, k\u00fcl\u00f6n\u00f6sen az utak ment\u00e9n z\u00f6lds\u00e9get-gy\u00fcm\u00f6lcs\u00f6t \u00e1rus\u00edt\u00f3k sz\u00e1m\u00edthatnak a NAV, a Nemzeti \u00c9lelmiszerl\u00e1nc-biztons\u00e1gi Hivatal (N\u00e9bih) \u00e9s a Pest Megyei Korm\u00e1nyhivatal szakigazgat\u00e1si szerveinek k\u00f6z\u00f6s ellen\u0151rz\u00e9s\u00e9re, de a lovagoltat\u00e1ssal, kajak-kenu b\u00e9rbead\u00e1ssal, kalandpark \u00fczemeltet\u00e9ssel foglalkoz\u00f3kat is vizsg\u00e1lj\u00e1k.<br \/>\nPest megy\u00e9ben k\u00f6zel sz\u00e1z horg\u00e1szt\u00f3 tal\u00e1lhat\u00f3, \u00fczemeltet\u0151ik ad\u00f3z\u00e1si fegyelm\u00e9re, \u00edgy p\u00e9ld\u00e1ul arra, hogy a horg\u00e1szjegyek \u00e1rus\u00edt\u00e1s\u00e1r\u00f3l \u00e9s a hal\u00e9rt\u00e9kes\u00edt\u00e9sekr\u0151l adnak-e sz\u00e1ml\u00e1t, nyugt\u00e1t, szab\u00e1lyszer\u0171en foglalkoztatj\u00e1k-e alkalmazottaikat, szint\u00e9n kiterjed az ellen\u0151r\u00f6k figyelme.<br \/>\nA ny\u00e1ri rendezv\u00e9nyek, fesztiv\u00e1lok szervez\u0151it\u0151l azt k\u00e9ri az ad\u00f3hivatal, hogy amennyiben a jogk\u00f6vet\u00e9s \u00e9rdek\u00e9ben t\u00e1j\u00e9koztat\u00e1sra lenne sz\u00fcks\u00e9g\u00fck, azt el\u0151zetesen k\u00e9rj\u00e9k, a NAV seg\u00edts\u00e9get ny\u00fajt, de az ellen\u0151rz\u00e9sekre m\u00e9g a kisebb rendezv\u00e9nyeken is sz\u00e1m\u00edtani kell.<br \/>\nA f\u0151v\u00e1rosban, az idegenforgalmi id\u00e9nyben a taxisokat is ellen\u0151rzi a NAV. A bev\u00e9teleiket eltitkol\u00f3k kisz\u0171r\u00e9s\u00e9n t\u00fali c\u00e9l az idel\u00e1togat\u00f3 k\u00fclf\u00f6ldiek s\u00e9relm\u00e9re elk\u00f6vetett vissza\u00e9l\u00e9sek megakad\u00e1lyoz\u00e1sa, az orsz\u00e1gim\u00e1zs v\u00e9delme.<br \/>\nBudapest 12 gy\u00f3gyf\u00fcrd\u0151je \u00e9s strandja, valamint a ter\u00fclet\u00fck\u00f6n tev\u00e9kenyked\u0151 keresked\u0151k, szolg\u00e1ltat\u00f3k pedig az ad\u00f3revizorokkal \u00e9s a p\u00e9nz\u00fcgy\u0151r\u00f6kkel k\u00f6z\u00f6sen vizsg\u00e1l\u00f3d\u00f3 \u00c1NTSZ ellen\u0151r\u00f6kkel is tal\u00e1lkozhatnak.<br \/>\nA v\u00e1rosn\u00e9z\u0151 t\u00far\u00e1k, az idegenvezet\u00e9s, valamint az egyre n\u00e9pszer\u0171bb gasztro-tour rendezv\u00e9nyek szervez\u0151i sem ker\u00fclhetik el a vizsg\u00e1l\u00f3d\u00e1st, ahogy a k\u00fcl\u00f6nb\u00f6z\u0151 alakform\u00e1l\u00f3 szalonokban is sz\u00e1m\u00edtani lehet a revizorok megjelen\u00e9s\u00e9re.<br \/>\nFolytat\u00f3dik a vend\u00e9gl\u00e1t\u00f3helyek \u00e9s az e-kereskedelem ellen\u0151rz\u00e9se. Az ut\u00f3bbin\u00e1l a fokozott figyelmet az indokolja, hogy az ad\u00f3hivatal jogs\u00e9rt\u00e9seket tapasztalt.<br \/>\nA NAV K\u00f6z\u00e9p-magyarorsz\u00e1gi Region\u00e1lis Ad\u00f3 F\u0151igazgat\u00f3s\u00e1ga tavaly ny\u00e1ron t\u00f6bb mint 3000 vizsg\u00e1latot folytatott le \u00e9s 60 milli\u00f3 forintot meghalad\u00f3 mulaszt\u00e1si b\u00edrs\u00e1got szabott ki.(MTI)<\/p>\n","protected":false},"excerpt":{"rendered":"<p>Az orsz\u00e1gos ellen\u0151rz\u00e9si sorozat r\u00e9szek\u00e9nt Budapesten \u00e9s Pest megy\u00e9ben is megkezd\u0151d\u00f6tt a Nemzeti Ad\u00f3- \u00e9s V\u00e1mhivatal (NAV) ny\u00e1ri akci\u00f3ja. Az ad\u00f3revizorok \u00e9s p\u00e9nz\u00fcgy\u0151r\u00f6k j\u00falius elej\u00e9t\u0151l augusztus v\u00e9g\u00e9ig j\u00e1rj\u00e1k a kiemelt idegenforgalmi, turisztikai ter\u00fcleteket, strandokat, fesztiv\u00e1lokat, \u00e9s fokozott figyelmet ford\u00edtanak az internetes keresked\u0151k ad\u00f3z\u00e1si fegyelm\u00e9re is.<\/p>\n","protected":false},"author":1,"featured_media":0,"comment_status":"open","ping_status":"closed","sticky":false,"template":"","format":"standard","meta":[],"categories":[20],"tags":[],"_links":{"self":[{"href":"https:\/\/gazdasagportal.hu\/index.php\/wp-json\/wp\/v2\/posts\/11487"}],"collection":[{"href":"https:\/\/gazdasagportal.hu\/index.php\/wp-json\/wp\/v2\/posts"}],"about":[{"href":"https:\/\/gazdasagportal.hu\/index.php\/wp-json\/wp\/v2\/types\/post"}],"author":[{"embeddable":true,"href":"https:\/\/gazdasagportal.hu\/index.php\/wp-json\/wp\/v2\/users\/1"}],"replies":[{"embeddable":true,"href":"https:\/\/gazdasagportal.hu\/index.php\/wp-json\/wp\/v2\/comments?post=11487"}],"version-history":[{"count":2,"href":"https:\/\/gazdasagportal.hu\/index.php\/wp-json\/wp\/v2\/posts\/11487\/revisions"}],"predecessor-version":[{"id":11499,"href":"https:\/\/gazdasagportal.hu\/index.php\/wp-json\/wp\/v2\/posts\/11487\/revisions\/11499"}],"wp:attachment":[{"href":"https:\/\/gazdasagportal.hu\/index.php\/wp-json\/wp\/v2\/media?parent=11487"}],"wp:term":[{"taxonomy":"category","embeddable":true,"href":"https:\/\/gazdasagportal.hu\/index.php\/wp-json\/wp\/v2\/categories?post=11487"},{"taxonomy":"post_tag","embeddable":true,"href":"https:\/\/gazdasagportal.hu\/index.php\/wp-json\/wp\/v2\/tags?post=11487"}],"curies":[{"name":"wp","href":"https:\/\/api.w.org\/{rel}","templated":true}]}}