{"id":114853,"date":"2019-04-01T17:30:24","date_gmt":"2019-04-01T15:30:24","guid":{"rendered":"http:\/\/gazdasagportal.hu\/?p=114853"},"modified":"2019-04-01T15:31:22","modified_gmt":"2019-04-01T13:31:22","slug":"marciusban-49-szazalekkal-bovult-az-uj-autok-eladasa","status":"publish","type":"post","link":"https:\/\/gazdasagportal.hu\/index.php\/marciusban-49-szazalekkal-bovult-az-uj-autok-eladasa\/","title":{"rendered":"M\u00e1rciusban 4,9 sz\u00e1zal\u00e9kkal b\u0151v\u00fclt az \u00faj aut\u00f3k elad\u00e1sa"},"content":{"rendered":"<p><strong>M\u00e1rciusban 4,9 sz\u00e1zal\u00e9kos \u00e9ves b\u0151v\u00fcl\u00e9ssel 13 391 \u00faj szem\u00e9lyaut\u00f3t helyeztek forgalomba Magyarorsz\u00e1gon, az els\u0151 negyed\u00e9vben a g\u00e9pkocsielad\u00e1s 8,6 sz\u00e1zal\u00e9kkal 34 335 darabra n\u0151tt &#8211; k\u00f6z\u00f6lte a Carinfo.hu p\u00e9nteken az MTI-vel. <\/strong><!--more--><\/p>\n<div class=\"ads-in-post1\"><div id=\"gazdasagportal.hu_fullbanner_wideboard\"><\/div>\r\n<\/div>\n<p>    Az elad\u00e1si adatok szerint a m\u00e1rciusi n\u00f6veked\u00e9s 2017 \u00f3ta el\u00e9rte a 34,9 sz\u00e1zal\u00e9kot, az els\u0151 negyed\u00e9ves a 41 sz\u00e1zal\u00e9kot.<br \/>\n    A legt\u00f6bb szem\u00e9lyg\u00e9pkocsit tov\u00e1bbra is a Suzuki \u00e9rt\u00e9kes\u00edti, piaci r\u00e9szesed\u00e9se 2058 aut\u00f3 elad\u00e1s\u00e1val meghaladta a 15 sz\u00e1zal\u00e9kot. A t\u00f6bbi m\u00e1rka k\u00f6z\u00fcl a 10  sz\u00e1zal\u00e9kot csak a Ford tudta \u00e1tl\u00e9pni, majd sorrendben a Toyota, az Opel \u00e9s a Skoda k\u00f6vetkezett m\u00e1rciusban.<br \/>\n    Az \u00faj motorok forgalomba helyez\u00e9se 67,8 sz\u00e1zal\u00e9kkal b\u0151v\u00fclve 480 darabot \u00e9rt el m\u00e1rciusban. A piacot tov\u00e1bbra is a Honda vezeti 25 sz\u00e1zal\u00e9kot k\u00f6zel\u00edt\u0151 r\u00e9szesed\u00e9ssel. A kishaszonj\u00e1rm\u0171vek elad\u00e1sa 26 sz\u00e1zal\u00e9kkal b\u0151v\u00fclt, a nagyhaszonj\u00e1rm\u0171vek \u00e9rt\u00e9kes\u00edt\u00e9se viszont 24,4 sz\u00e1zal\u00e9kkal visszaesett tavaly m\u00e1rciushoz k\u00e9pest &#8211; \u00edrt\u00e1k.<br \/>\n<div class=\"ads-in-post2\"><script async src=\"https:\/\/pagead2.googlesyndication.com\/pagead\/js\/adsbygoogle.js\"><\/script>\r\n<ins class=\"adsbygoogle\"\r\n     style=\"display:block\"\r\n     data-ad-format=\"fluid\"\r\n     data-ad-layout-key=\"-6t+ed+2i-1n-4w\"\r\n     data-ad-client=\"ca-pub-1959107119989764\"\r\n     data-ad-slot=\"4008251320\"><\/ins>\r\n<script>\r\n     (adsbygoogle = window.adsbygoogle || []).push({});\r\n<\/script><\/div>\n    A Magyar G\u00e9pj\u00e1rm\u0171import\u0151r\u00f6k Egyes\u00fclet\u00e9nek (MGE) h\u00e9tf\u0151i k\u00f6zlem\u00e9nye az \u00e9rt\u00e9kes\u00edt\u00e9si adatok alapj\u00e1n a v\u00e1rakoz\u00e1sokt\u00f3l elmarad\u00f3 b\u0151v\u00fcl\u00e9sr\u0151l \u00edr. Felt\u00e9telez\u00e9s\u00fck szerint r\u00e9szben a bels\u0151 \u00e9g\u00e9s\u0171 motorokr\u00f3l, els\u0151sorban a d\u00edzelekr\u0151l sz\u00f3l\u00f3 h\u00edrek miatt maradnak el v\u00e1s\u00e1rl\u00e1sok, mik\u00f6zben &#8211; tett\u00e9k hozz\u00e1 &#8211; az elektromos aut\u00f3k m\u00e9g nem jelentenek \u00e9letszer\u0171 lehet\u0151s\u00e9get ezekkel szemben. A nagycsal\u00e1dosokat seg\u00edt\u0151 korm\u00e1nyt\u00e1mogat\u00e1s hat\u00e1sa a program elindul\u00e1sa ut\u00e1n mutatkozhat meg az \u00faj aut\u00f3k piac\u00e1n, de az \u00e9rdekl\u0151d\u00e9s m\u00e1r most l\u00e1tszik &#8211; \u00edrt\u00e1k.<br \/>\n    Az egyes\u00fclet szerint a kishaszonj\u00e1rm\u0171vek piac\u00e1nak b\u0151v\u00fcl\u00e9se is elmarad a v\u00e1rakoz\u00e1sokt\u00f3l, de a v\u00e1llalkoz\u00f3i t\u00e1mogat\u00e1sok hat\u00e1s\u00e1ra n\u00f6veked\u00e9s, m\u00edg a nagyhaszonj\u00e1rm\u0171vekn\u00e9l a tavalyi eredm\u00e9ny ism\u00e9tl\u0151d\u00e9se v\u00e1rhat\u00f3 id\u00e9n.(MTI)<\/p>\n","protected":false},"excerpt":{"rendered":"<p>M\u00e1rciusban 4,9 sz\u00e1zal\u00e9kos \u00e9ves b\u0151v\u00fcl\u00e9ssel 13 391 \u00faj szem\u00e9lyaut\u00f3t helyeztek forgalomba Magyarorsz\u00e1gon, az els\u0151 negyed\u00e9vben a g\u00e9pkocsielad\u00e1s 8,6 sz\u00e1zal\u00e9kkal 34 335 darabra n\u0151tt &#8211; k\u00f6z\u00f6lte a Carinfo.hu p\u00e9nteken az MTI-vel.<\/p>\n","protected":false},"author":1,"featured_media":0,"comment_status":"closed","ping_status":"open","sticky":false,"template":"","format":"standard","meta":[],"categories":[4,19],"tags":[],"_links":{"self":[{"href":"https:\/\/gazdasagportal.hu\/index.php\/wp-json\/wp\/v2\/posts\/114853"}],"collection":[{"href":"https:\/\/gazdasagportal.hu\/index.php\/wp-json\/wp\/v2\/posts"}],"about":[{"href":"https:\/\/gazdasagportal.hu\/index.php\/wp-json\/wp\/v2\/types\/post"}],"author":[{"embeddable":true,"href":"https:\/\/gazdasagportal.hu\/index.php\/wp-json\/wp\/v2\/users\/1"}],"replies":[{"embeddable":true,"href":"https:\/\/gazdasagportal.hu\/index.php\/wp-json\/wp\/v2\/comments?post=114853"}],"version-history":[{"count":1,"href":"https:\/\/gazdasagportal.hu\/index.php\/wp-json\/wp\/v2\/posts\/114853\/revisions"}],"predecessor-version":[{"id":114854,"href":"https:\/\/gazdasagportal.hu\/index.php\/wp-json\/wp\/v2\/posts\/114853\/revisions\/114854"}],"wp:attachment":[{"href":"https:\/\/gazdasagportal.hu\/index.php\/wp-json\/wp\/v2\/media?parent=114853"}],"wp:term":[{"taxonomy":"category","embeddable":true,"href":"https:\/\/gazdasagportal.hu\/index.php\/wp-json\/wp\/v2\/categories?post=114853"},{"taxonomy":"post_tag","embeddable":true,"href":"https:\/\/gazdasagportal.hu\/index.php\/wp-json\/wp\/v2\/tags?post=114853"}],"curies":[{"name":"wp","href":"https:\/\/api.w.org\/{rel}","templated":true}]}}