{"id":114841,"date":"2019-04-01T11:32:35","date_gmt":"2019-04-01T09:32:35","guid":{"rendered":"http:\/\/gazdasagportal.hu\/?p=114841"},"modified":"2019-04-01T11:32:35","modified_gmt":"2019-04-01T09:32:35","slug":"novekedett-a-kinai-feldolgozoipar-marciusban","status":"publish","type":"post","link":"https:\/\/gazdasagportal.hu\/index.php\/novekedett-a-kinai-feldolgozoipar-marciusban\/","title":{"rendered":"N\u00f6vekedett a k\u00ednai feldolgoz\u00f3ipar m\u00e1rciusban"},"content":{"rendered":"<p><strong>N\u00e9gy h\u00f3napja el\u0151sz\u00f6r n\u00f6vekedett a k\u00ednai feldolgoz\u00f3ipar m\u00e1rciusban, jelezve, hogy a korm\u00e1nyzat gazdas\u00e1g\u00e9l\u00e9nk\u00edt\u0151 int\u00e9zked\u00e9sei lassan kezdik \u00e9reztetni hat\u00e1sukat. <\/strong><!--more--><\/p>\n<div class=\"ads-in-post1\"><div id=\"gazdasagportal.hu_fullbanner_wideboard\"><\/div>\r\n<\/div>\n<p>    A Caixin Insight Group k\u00ednai kutat\u00f3int\u00e9zet \u00e9s az IHS Markit londoni sz\u00e9khely\u0171 p\u00e9nz\u00fcgyi-gazdas\u00e1gi adatszolg\u00e1ltat\u00f3 k\u00f6z\u00f6s felm\u00e9r\u00e9s\u00e9nek h\u00e9tf\u0151n k\u00f6zz\u00e9tett adatai szerint a k\u00ednai feldolgoz\u00f3ipari beszerz\u00e9simenedzser-index (BMI) \u00e9rt\u00e9ke 50,8 pontra, tavaly j\u00falius \u00f3ta a legmagasabb szintre emelkedett. Elemz\u0151k az el\u0151z\u0151 havival megegyez\u0151 \u00e9rt\u00e9kre, 49,9 pontra sz\u00e1m\u00edtottak m\u00e1rciusr\u00f3l.<br \/>\n    November \u00f3ta el\u0151sz\u00f6r l\u00e9pte \u00e1t az index a n\u00f6veked\u00e9st \u00e9s a cs\u00f6kken\u00e9st egym\u00e1st\u00f3l elv\u00e1laszt\u00f3 50 pontos k\u00fcsz\u00f6b\u00f6t. A legrosszabb h\u00f3napban, janu\u00e1rban h\u00e1rom\u00e9ves m\u00e9lypontra, 48,3 pontra s\u00fcllyedt a k\u00ednai feldolgoz\u00f3ipari beszerz\u00e9simenedzser-index \u00e9rt\u00e9ke az el\u0151z\u0151 havi 49,7 pontr\u00f3l.<br \/>\n<div class=\"ads-in-post2\"><script async src=\"https:\/\/pagead2.googlesyndication.com\/pagead\/js\/adsbygoogle.js\"><\/script>\r\n<ins class=\"adsbygoogle\"\r\n     style=\"display:block\"\r\n     data-ad-format=\"fluid\"\r\n     data-ad-layout-key=\"-6t+ed+2i-1n-4w\"\r\n     data-ad-client=\"ca-pub-1959107119989764\"\r\n     data-ad-slot=\"4008251320\"><\/ins>\r\n<script>\r\n     (adsbygoogle = window.adsbygoogle || []).push({});\r\n<\/script><\/div>\n    A Caixin\/Markit adatai \u00f6sszhangban \u00e1llnak az egy nappal kor\u00e1bban ismertetett hivatalos k\u00ednai felm\u00e9r\u00e9ssel, amely ugyancsak a feldolgoz\u00f3ipar n\u00f6veked\u00e9s\u00e9r\u0151l tan\u00faskodott. A k\u00ednai logisztikai \u00e9s beszerz\u00e9si sz\u00f6vets\u00e9g (CFLP) \u00e1ltal sz\u00e1m\u00edtott feldolgoz\u00f3ipari beszerz\u00e9simenedzser-index 50,5 pontra n\u0151tt a febru\u00e1ri 49,2 pontr\u00f3l, mik\u00f6zben elemz\u0151k 49,5 pontot v\u00e1rtak.<br \/>\n    A Caixin\/Markit \u00e9s a CFLP m\u00f3dszertana k\u00f6zti legnagyobb elt\u00e9r\u00e9s az, hogy az el\u0151bbi a kis- \u00e9s k\u00f6z\u00e9pv\u00e1llalatok, ut\u00f3bbi az alapvet\u0151en \u00e1llami tulajdon\u00fa nagyv\u00e1llalatok teljes\u00edtm\u00e9ny\u00e9t m\u00e9ri.<br \/>\n    Egy laz\u00e1bb p\u00e9nz\u00fcgyi k\u00f6rnyezetben a mag\u00e1nszektor t\u00e1mogat\u00e1s\u00e1t c\u00e9lz\u00f3 korm\u00e1nyzati int\u00e9zked\u00e9sek \u00e9s az amerikai-k\u00ednai kereskedelmi t\u00e1rgyal\u00e1sok pozit\u00edv alakul\u00e1sa mellett m\u00e1rciusban mag\u00e1hoz t\u00e9rt a feldolgoz\u00f3ipar &#8211; mutatott r\u00e1 Csung Cseng-seng a CEBM gazdas\u00e1gkutat\u00f3 csoport k\u00f6zgazd\u00e1sza az adatokat komment\u00e1lva.<br \/>\n    Hozz\u00e1tette, hogy m\u00e1rciusban jelent\u0151sen javult a foglalkoztat\u00e1si helyzet, ami enyh\u00edtheti a munkan\u00e9lk\u00fclis\u00e9gi r\u00e1ta<br \/>\nemelked\u00e9se miatti korm\u00e1nyzati \u00e9s befektet\u0151i aggodalmakat. Febru\u00e1rban 2017 eleje \u00f3ta nem tapasztalt magass\u00e1gba sz\u00f6k\u00f6tt fel a v\u00e1rosokban m\u00e9rt munkan\u00e9lk\u00fclis\u00e9gi mutat\u00f3.<br \/>\n    M\u00e1rciusban m\u00e1r a m\u00e1sodik egym\u00e1st k\u00f6vet\u0151 h\u00f3napban n\u0151tt az \u00faj hazai \u00e9s k\u00fclf\u00f6ldi megrendel\u00e9sek \u00e1llom\u00e1nya, de nagyon kis m\u00e9rt\u00e9kben, ami azt sugallja, hogy a vil\u00e1g m\u00e1sodik legnagyobb gazdas\u00e1ga nyom\u00e1s alatt marad a k\u00f6vetkez\u0151 h\u00f3napokban is, \u00e9s val\u00f3sz\u00edn\u0171leg tov\u00e1bbi t\u00e1mogat\u00e1sra van sz\u00fcks\u00e9g a meggy\u0151z\u0151 stabiliz\u00e1l\u00f3d\u00e1shoz. A v\u00e1llalatok azt is jelezt\u00e9k, hogy m\u00e1rciusban er\u0151s\u00f6d\u00f6tt \u00e1r\u00e9rv\u00e9nyes\u00edt\u00e9si erej\u00fck, ami enyh\u00edtheti a haszonkulcsokat lemorzsol\u00f3 nyom\u00e1sokat.(MTI)<\/p>\n","protected":false},"excerpt":{"rendered":"<p>N\u00e9gy h\u00f3napja el\u0151sz\u00f6r n\u00f6vekedett a k\u00ednai feldolgoz\u00f3ipar m\u00e1rciusban, jelezve, hogy a korm\u00e1nyzat gazdas\u00e1g\u00e9l\u00e9nk\u00edt\u0151 int\u00e9zked\u00e9sei lassan kezdik \u00e9reztetni hat\u00e1sukat.<\/p>\n","protected":false},"author":1,"featured_media":0,"comment_status":"closed","ping_status":"open","sticky":false,"template":"","format":"standard","meta":[],"categories":[246],"tags":[],"_links":{"self":[{"href":"https:\/\/gazdasagportal.hu\/index.php\/wp-json\/wp\/v2\/posts\/114841"}],"collection":[{"href":"https:\/\/gazdasagportal.hu\/index.php\/wp-json\/wp\/v2\/posts"}],"about":[{"href":"https:\/\/gazdasagportal.hu\/index.php\/wp-json\/wp\/v2\/types\/post"}],"author":[{"embeddable":true,"href":"https:\/\/gazdasagportal.hu\/index.php\/wp-json\/wp\/v2\/users\/1"}],"replies":[{"embeddable":true,"href":"https:\/\/gazdasagportal.hu\/index.php\/wp-json\/wp\/v2\/comments?post=114841"}],"version-history":[{"count":1,"href":"https:\/\/gazdasagportal.hu\/index.php\/wp-json\/wp\/v2\/posts\/114841\/revisions"}],"predecessor-version":[{"id":114842,"href":"https:\/\/gazdasagportal.hu\/index.php\/wp-json\/wp\/v2\/posts\/114841\/revisions\/114842"}],"wp:attachment":[{"href":"https:\/\/gazdasagportal.hu\/index.php\/wp-json\/wp\/v2\/media?parent=114841"}],"wp:term":[{"taxonomy":"category","embeddable":true,"href":"https:\/\/gazdasagportal.hu\/index.php\/wp-json\/wp\/v2\/categories?post=114841"},{"taxonomy":"post_tag","embeddable":true,"href":"https:\/\/gazdasagportal.hu\/index.php\/wp-json\/wp\/v2\/tags?post=114841"}],"curies":[{"name":"wp","href":"https:\/\/api.w.org\/{rel}","templated":true}]}}