{"id":114824,"date":"2019-03-31T19:50:17","date_gmt":"2019-03-31T18:50:17","guid":{"rendered":"http:\/\/gazdasagportal.hu\/?p=114824"},"modified":"2019-03-31T19:50:17","modified_gmt":"2019-03-31T18:50:17","slug":"heti-makronaptar-kiskereskedelmi-ipari-kulkereskedelmi-adatok-is-varhatoak-a-jovo-heten","status":"publish","type":"post","link":"https:\/\/gazdasagportal.hu\/index.php\/heti-makronaptar-kiskereskedelmi-ipari-kulkereskedelmi-adatok-is-varhatoak-a-jovo-heten\/","title":{"rendered":"Heti makronapt\u00e1r &#8211; Kiskereskedelmi, ipari, k\u00fclkereskedelmi adatok is v\u00e1rhat\u00f3ak a j\u00f6v\u0151 h\u00e9ten"},"content":{"rendered":"<p><strong>Sz\u00e1mos makrogazdas\u00e1gi adat jelenik meg a j\u00f6v\u0151 h\u00e9ten, \u00edgy a febru\u00e1ri kiskereskedelmi, ipari termel\u00e9si statisztik\u00e1k mellett a korm\u00e1nyzati szektor tavalyi utols\u00f3 negyed\u00e9ves egyenleg\u00e9t is k\u00f6zlik.<\/strong><!--more--><\/p>\n<div class=\"ads-in-post1\"><div id=\"gazdasagportal.hu_fullbanner_wideboard\"><\/div>\r\n<\/div>\n<p>    H\u00e9tf\u0151n k\u00f6zli a K\u00f6zponti Statisztikai Hivatal (KSH)  a janu\u00e1ri k\u00fclkereskedelmi term\u00e9kforgalom adatait m\u00e1sodik becsl\u00e9se alapj\u00e1n \u00e9s a korm\u00e1nyzati szektor tavalyi negyedik negyed\u00e9ves egyenleg\u00e9t.<br \/>\n    A m\u00e1rcius 11-\u00e9n kiadott els\u0151 becsl\u00e9s szerint janu\u00e1rban az export eur\u00f3ban sz\u00e1m\u00edtott \u00e9rt\u00e9ke 6,4 sz\u00e1zal\u00e9kkal, az import\u00e9 9,7 sz\u00e1zal\u00e9kkal n\u0151tt az el\u0151z\u0151 \u00e9v azonos id\u0151szak\u00e1hoz k\u00e9pest, a k\u00fclkereskedelmi t\u00f6bblet 225 milli\u00f3 eur\u00f3val, 382 milli\u00f3 eur\u00f3ra m\u00e9rs\u00e9kl\u0151d\u00f6tt. A tavaly janu\u00e1ri magas b\u00e1zist tekintve az idei janu\u00e1ri kivitel n\u00f6veked\u00e9se jelent\u0151snek sz\u00e1m\u00edt, az import gyakorlatilag megism\u00e9telte a tavalyi er\u0151s indul\u00e1s\u00e1t, amelyn\u00e9l magasabb n\u00f6veked\u00e9st csak h\u00e1rom h\u00f3napban mutatott az elm\u00falt \u00e9vben.<br \/>\n<div class=\"ads-in-post2\"><script async src=\"https:\/\/pagead2.googlesyndication.com\/pagead\/js\/adsbygoogle.js\"><\/script>\r\n<ins class=\"adsbygoogle\"\r\n     style=\"display:block\"\r\n     data-ad-format=\"fluid\"\r\n     data-ad-layout-key=\"-6t+ed+2i-1n-4w\"\r\n     data-ad-client=\"ca-pub-1959107119989764\"\r\n     data-ad-slot=\"4008251320\"><\/ins>\r\n<script>\r\n     (adsbygoogle = window.adsbygoogle || []).push({});\r\n<\/script><\/div>\n    A korm\u00e1nyzati szektor tavalyi els\u0151 h\u00e1rom negyed\u00e9ves hi\u00e1nya az el\u0151zetes adatok szerint 110 milli\u00e1rd forint, a GDP 0,4 sz\u00e1zal\u00e9ka volt. Az el\u0151z\u0151 \u00e9v azonos id\u0151szak\u00e1hoz k\u00e9pest az egyenleg 54,4 milli\u00e1rd forinttal, GDP-ar\u00e1nyosan 0,2 sz\u00e1zal\u00e9kponttal javult, amit a bev\u00e9teleknek a kiad\u00e1sokn\u00e1l nagyobb m\u00e9rt\u00e9k\u0171 n\u00f6veked\u00e9se okozott. A harmadik negyed\u00e9vben 75,8 milli\u00e1rd forint, a GDP 0,7 sz\u00e1zal\u00e9ka volt a deficit, 298 milli\u00e1rd forinttal, 3,2 sz\u00e1zal\u00e9kponttal javult az egy \u00e9vvel kor\u00e1bbihoz k\u00e9pest.<br \/>\n    A Magyar Logisztikai, Beszerz\u00e9si \u00e9s K\u00e9szletez\u00e9si T\u00e1rsas\u00e1g (MLBKT) szint\u00e9n h\u00e9tf\u0151n k\u00f6zli a beszerz\u00e9simenedzser-index (BMI) m\u00e1rciusi adat\u00e1t. Febru\u00e1rban emelkedett az index, a BMI szezon\u00e1lisan kiigaz\u00edtott febru\u00e1ri \u00e9rt\u00e9ke 55,7 pont volt a janu\u00e1ri 54,7 pont ut\u00e1n. Eszerint a v\u00e1laszad\u00f3k az el\u0151z\u0151 h\u00f3naphoz k\u00e9pest \u00f6sszess\u00e9g\u00e9ben kedvez\u0151bb folyamatokr\u00f3l sz\u00e1moltak be. A tavalyi \u00e9vben a trend v\u00e9gig kedvez\u0151 k\u00e9pet mutatott, \u00e9s ez folytat\u00f3dik 2019 elej\u00e9n is.<br \/>\n    A KSH szerd\u00e1n publik\u00e1lja a kiskereskedelmi forgalom febru\u00e1ri r\u00e9szletes statisztik\u00e1j\u00e1t. A janu\u00e1ri adatok szerint a kiskereskedelmi \u00fczletek forgalm\u00e1nak volumene a nyers \u00e9s a napt\u00e1rhat\u00e1st\u00f3l megtiszt\u00edtott adatok szerint egyar\u00e1nt 5,4 sz\u00e1zal\u00e9kkal haladta meg az egy \u00e9vvel kor\u00e1bbit. Tavaly decemberben a nyers adat szerint 3,7 sz\u00e1zal\u00e9kkal, napt\u00e1rhat\u00e1st\u00f3l megtiszt\u00edtva 4,1 sz\u00e1zal\u00e9kkal haladta meg a forgalom volumene az egy \u00e9vvel kor\u00e1bbit, m\u00edg a m\u00falt \u00e9v eg\u00e9sz\u00e9ben 6,0 sz\u00e1zal\u00e9kkal n\u0151ttek az elad\u00e1sok.<br \/>\n    P\u00e9nteken az ipari termel\u00e9s febru\u00e1ri els\u0151 becsl\u00e9se jelenik meg. Janu\u00e1rban az ipari termel\u00e9s volumene 4,4 sz\u00e1zal\u00e9kkal meghaladta az egy \u00e9vvel kor\u00e1bbit, a munkanaphat\u00e1st\u00f3l megtiszt\u00edtott adatok szerint 5,0 sz\u00e1zal\u00e9kkal n\u0151tt. Az el\u0151z\u0151 h\u00f3naphoz k\u00e9pest a szezon\u00e1lisan \u00e9s munkanapt\u00e9nyez\u0151vel kiigaz\u00edtott ipari kibocs\u00e1t\u00e1s 0,6 sz\u00e1zal\u00e9kkal emelkedett.(MTI)<\/p>\n","protected":false},"excerpt":{"rendered":"<p>Sz\u00e1mos makrogazdas\u00e1gi adat jelenik meg a j\u00f6v\u0151 h\u00e9ten, \u00edgy a febru\u00e1ri kiskereskedelmi, ipari termel\u00e9si statisztik\u00e1k mellett a korm\u00e1nyzati szektor tavalyi utols\u00f3 negyed\u00e9ves egyenleg\u00e9t is k\u00f6zlik.<\/p>\n","protected":false},"author":1001003,"featured_media":0,"comment_status":"closed","ping_status":"open","sticky":false,"template":"","format":"standard","meta":[],"categories":[19],"tags":[],"_links":{"self":[{"href":"https:\/\/gazdasagportal.hu\/index.php\/wp-json\/wp\/v2\/posts\/114824"}],"collection":[{"href":"https:\/\/gazdasagportal.hu\/index.php\/wp-json\/wp\/v2\/posts"}],"about":[{"href":"https:\/\/gazdasagportal.hu\/index.php\/wp-json\/wp\/v2\/types\/post"}],"author":[{"embeddable":true,"href":"https:\/\/gazdasagportal.hu\/index.php\/wp-json\/wp\/v2\/users\/1001003"}],"replies":[{"embeddable":true,"href":"https:\/\/gazdasagportal.hu\/index.php\/wp-json\/wp\/v2\/comments?post=114824"}],"version-history":[{"count":1,"href":"https:\/\/gazdasagportal.hu\/index.php\/wp-json\/wp\/v2\/posts\/114824\/revisions"}],"predecessor-version":[{"id":114825,"href":"https:\/\/gazdasagportal.hu\/index.php\/wp-json\/wp\/v2\/posts\/114824\/revisions\/114825"}],"wp:attachment":[{"href":"https:\/\/gazdasagportal.hu\/index.php\/wp-json\/wp\/v2\/media?parent=114824"}],"wp:term":[{"taxonomy":"category","embeddable":true,"href":"https:\/\/gazdasagportal.hu\/index.php\/wp-json\/wp\/v2\/categories?post=114824"},{"taxonomy":"post_tag","embeddable":true,"href":"https:\/\/gazdasagportal.hu\/index.php\/wp-json\/wp\/v2\/tags?post=114824"}],"curies":[{"name":"wp","href":"https:\/\/api.w.org\/{rel}","templated":true}]}}