{"id":114818,"date":"2019-03-31T14:00:38","date_gmt":"2019-03-31T13:00:38","guid":{"rendered":"http:\/\/gazdasagportal.hu\/?p=114818"},"modified":"2019-03-31T14:00:39","modified_gmt":"2019-03-31T13:00:39","slug":"elsullyedt-egy-hajo-a-dunan-szazhalombattanal","status":"publish","type":"post","link":"https:\/\/gazdasagportal.hu\/index.php\/elsullyedt-egy-hajo-a-dunan-szazhalombattanal\/","title":{"rendered":"Els\u00fcllyedt egy haj\u00f3 a Dun\u00e1n Sz\u00e1zhalombatt\u00e1n\u00e1l"},"content":{"rendered":"<p><strong> Els\u00fcllyedt egy tol\u00f3haj\u00f3 a Dun\u00e1n Sz\u00e1zhalombatt\u00e1n\u00e1l vas\u00e1rnap d\u00e9lel\u0151tt &#8211; t\u00e1j\u00e9koztatta a Pest Megyei Katasztr\u00f3fav\u00e9delmi Igazgat\u00f3s\u00e1g sz\u00f3viv\u0151je az MTI-t.<\/strong><!--more--><\/p>\n<div class=\"ads-in-post1\"><div id=\"gazdasagportal.hu_fullbanner_wideboard\"><\/div>\r\n<\/div>\n<p>    Cs\u00e1mpai Attila elmondta: a Sz\u00e1zhalombatta \u00e9s T\u00f6k\u00f6l k\u00f6z\u00f6tt k\u00f6zleked\u0151 komp tol\u00f3haj\u00f3ja s\u00fcllyedt el, csak az \u00e1rb\u00f3ca l\u00e1tszik ki.<br \/>\n    Senki sem s\u00e9r\u00fclt meg. Minim\u00e1lis olaj sziv\u00e1rog a haj\u00f3b\u00f3l, de a t\u0171zolt\u00f3k egy speci\u00e1lis v\u00e9d\u0151eszk\u00f6zzel megakad\u00e1lyozt\u00e1k az olaj sz\u00e9tfoly\u00e1s\u00e1t.<br \/>\n    A t\u0171zolt\u00f3b\u00fav\u00e1rok vizsg\u00e1lj\u00e1k a haj\u00f3 \u00e1llapot\u00e1t. Val\u00f3sz\u00edn\u0171leg daruval emelik majd ki a v\u00edzb\u0151l &#8211; k\u00f6z\u00f6lte a sz\u00f3viv\u0151.(MTI)<br \/>\n<div class=\"ads-in-post2\"><script async src=\"https:\/\/pagead2.googlesyndication.com\/pagead\/js\/adsbygoogle.js\"><\/script>\r\n<ins class=\"adsbygoogle\"\r\n     style=\"display:block\"\r\n     data-ad-format=\"fluid\"\r\n     data-ad-layout-key=\"-6t+ed+2i-1n-4w\"\r\n     data-ad-client=\"ca-pub-1959107119989764\"\r\n     data-ad-slot=\"4008251320\"><\/ins>\r\n<script>\r\n     (adsbygoogle = window.adsbygoogle || []).push({});\r\n<\/script><\/div>\n","protected":false},"excerpt":{"rendered":"<p>Els\u00fcllyedt egy tol\u00f3haj\u00f3 a Dun\u00e1n Sz\u00e1zhalombatt\u00e1n\u00e1l vas\u00e1rnap d\u00e9lel\u0151tt &#8211; t\u00e1j\u00e9koztatta a Pest Megyei Katasztr\u00f3fav\u00e9delmi Igazgat\u00f3s\u00e1g sz\u00f3viv\u0151je az MTI-t.<\/p>\n","protected":false},"author":1001003,"featured_media":0,"comment_status":"closed","ping_status":"open","sticky":false,"template":"","format":"standard","meta":[],"categories":[4],"tags":[],"_links":{"self":[{"href":"https:\/\/gazdasagportal.hu\/index.php\/wp-json\/wp\/v2\/posts\/114818"}],"collection":[{"href":"https:\/\/gazdasagportal.hu\/index.php\/wp-json\/wp\/v2\/posts"}],"about":[{"href":"https:\/\/gazdasagportal.hu\/index.php\/wp-json\/wp\/v2\/types\/post"}],"author":[{"embeddable":true,"href":"https:\/\/gazdasagportal.hu\/index.php\/wp-json\/wp\/v2\/users\/1001003"}],"replies":[{"embeddable":true,"href":"https:\/\/gazdasagportal.hu\/index.php\/wp-json\/wp\/v2\/comments?post=114818"}],"version-history":[{"count":1,"href":"https:\/\/gazdasagportal.hu\/index.php\/wp-json\/wp\/v2\/posts\/114818\/revisions"}],"predecessor-version":[{"id":114819,"href":"https:\/\/gazdasagportal.hu\/index.php\/wp-json\/wp\/v2\/posts\/114818\/revisions\/114819"}],"wp:attachment":[{"href":"https:\/\/gazdasagportal.hu\/index.php\/wp-json\/wp\/v2\/media?parent=114818"}],"wp:term":[{"taxonomy":"category","embeddable":true,"href":"https:\/\/gazdasagportal.hu\/index.php\/wp-json\/wp\/v2\/categories?post=114818"},{"taxonomy":"post_tag","embeddable":true,"href":"https:\/\/gazdasagportal.hu\/index.php\/wp-json\/wp\/v2\/tags?post=114818"}],"curies":[{"name":"wp","href":"https:\/\/api.w.org\/{rel}","templated":true}]}}