{"id":114816,"date":"2019-03-31T12:27:26","date_gmt":"2019-03-31T11:27:26","guid":{"rendered":"http:\/\/gazdasagportal.hu\/?p=114816"},"modified":"2019-03-31T12:27:26","modified_gmt":"2019-03-31T11:27:26","slug":"eso-zapor-es-fagy-is-varhato","status":"publish","type":"post","link":"https:\/\/gazdasagportal.hu\/index.php\/eso-zapor-es-fagy-is-varhato\/","title":{"rendered":"Es\u0151, z\u00e1por \u00e9s fagy is v\u00e1rhat\u00f3"},"content":{"rendered":"<p><strong>\u00c1prilis els\u0151 napjaiban is v\u00e1rhat\u00f3 n\u00e9hol fagy. Helyenk\u00e9nt a h\u00e9tv\u00e9g\u00e9n is 1 fokig h\u0171lhet a leveg\u0151, de a maximumok tov\u00e1bbra is el\u00e9rhetik a 20 fokot. Csapad\u00e9kra a h\u00e9t m\u00e1sodik fel\u00e9ben van kil\u00e1t\u00e1s &#8211; der\u00fcl ki az Orsz\u00e1gos Meteorol\u00f3giai Szolg\u00e1lat orsz\u00e1gos, k\u00f6z\u00e9pt\u00e1v\u00fa el\u0151rejelz\u00e9s\u00e9b\u0151l, amelyet vas\u00e1rnap juttattak el az MTI-hez.<\/strong><!--more--><\/p>\n<div class=\"ads-in-post1\"><div id=\"gazdasagportal.hu_fullbanner_wideboard\"><\/div>\r\n<\/div>\n<p>    H\u00e9tf\u0151n \u00e9s kedden napos lesz az id\u0151, csapad\u00e9k nem v\u00e1rhat\u00f3. A minimumh\u0151m\u00e9rs\u00e9klet h\u00e9tf\u0151n 0 \u00e9s plusz 7, kedden m\u00ednusz 2 \u00e9s plusz 5 fok k\u00f6z\u00f6tt val\u00f3sz\u00edn\u0171. H\u00e9tf\u0151n nagy ter\u00fcleten, kedden helyenk\u00e9nt er\u0151s lesz a sz\u00e9l. A nappali maximumok h\u00e9tf\u0151n \u00e1ltal\u00e1ban 17 \u00e9s 22 fok k\u00f6z\u00f6tt alakulnak, de az \u00e9szakkeleti megy\u00e9kben 15-16 fok is lehet. Kedden 16-22 fokig melegszik a leveg\u0151.<br \/>\n    Szerd\u00e1n, f\u0151k\u00e9nt a Dun\u00e1nt\u00falon, n\u00e9hol kisebb es\u0151, z\u00e1por el\u0151fordulhat. T\u00f6bb helyen meger\u0151s\u00f6dik a sz\u00e9l. A legalacsonyabb h\u0151m\u00e9rs\u00e9klet 0 \u00e9s plusz 8, a legmagasabb h\u0151m\u00e9rs\u00e9klet 16 \u00e9s 21 fok k\u00f6z\u00f6tt alakul.<br \/>\n    Cs\u00fct\u00f6rt\u00f6k\u00f6n d\u00e9lnyugaton k\u00e9s\u0151 d\u00e9lut\u00e1n, este el\u0151fordulhat es\u0151, m\u00e1sutt napk\u00f6zben alakulhat ki helyenk\u00e9nt z\u00e1por. A sz\u00e9l t\u00f6bbfel\u00e9 meger\u0151s\u00f6dik. A minimumh\u0151m\u00e9rs\u00e9klet 2 \u00e9s 8, a maximumh\u0151m\u00e9rs\u00e9klet 15 \u00e9s 21 fok k\u00f6z\u00f6tt val\u00f3sz\u00edn\u0171.<br \/>\n<div class=\"ads-in-post2\"><script async src=\"https:\/\/pagead2.googlesyndication.com\/pagead\/js\/adsbygoogle.js\"><\/script>\r\n<ins class=\"adsbygoogle\"\r\n     style=\"display:block\"\r\n     data-ad-format=\"fluid\"\r\n     data-ad-layout-key=\"-6t+ed+2i-1n-4w\"\r\n     data-ad-client=\"ca-pub-1959107119989764\"\r\n     data-ad-slot=\"4008251320\"><\/ins>\r\n<script>\r\n     (adsbygoogle = window.adsbygoogle || []).push({});\r\n<\/script><\/div>\n    P\u00e9nteken t\u00f6bbfel\u00e9 v\u00e1rhat\u00f3 es\u0151, z\u00e1por. Sok helyen meger\u0151s\u00f6dik a sz\u00e9l is. A leghidegebb \u00f3r\u00e1kban 3-9 fok lesz. Napk\u00f6zben 12-20 fokig melegszik a leveg\u0151.<br \/>\n    Szombaton elsz\u00f3rtan lehet es\u0151, z\u00e1por. A minimumh\u0151m\u00e9rs\u00e9klet 2-7, a maximumh\u0151m\u00e9rs\u00e9klet 13-18 fok k\u00f6z\u00f6tt val\u00f3sz\u00edn\u0171.<br \/>\n    Vas\u00e1rnap v\u00e1ltoz\u00f3an felh\u0151s id\u0151re van kil\u00e1t\u00e1s csapad\u00e9k n\u00e9lk\u00fcl, 1-7 fokos minimum, 16-21 fokos maximumh\u0151m\u00e9rs\u00e9klettel &#8211; olvashat\u00f3 az el\u0151rejelz\u00e9sben.(MTI)<\/p>\n","protected":false},"excerpt":{"rendered":"<p>\u00c1prilis els\u0151 napjaiban is v\u00e1rhat\u00f3 n\u00e9hol fagy. Helyenk\u00e9nt a h\u00e9tv\u00e9g\u00e9n is 1 fokig h\u0171lhet a leveg\u0151, de a maximumok tov\u00e1bbra is el\u00e9rhetik a 20 fokot. Csapad\u00e9kra a h\u00e9t m\u00e1sodik fel\u00e9ben van kil\u00e1t\u00e1s &#8211; der\u00fcl ki az Orsz\u00e1gos Meteorol\u00f3giai Szolg\u00e1lat orsz\u00e1gos, k\u00f6z\u00e9pt\u00e1v\u00fa el\u0151rejelz\u00e9s\u00e9b\u0151l, amelyet vas\u00e1rnap juttattak el az MTI-hez.<\/p>\n","protected":false},"author":1001003,"featured_media":0,"comment_status":"closed","ping_status":"open","sticky":false,"template":"","format":"standard","meta":[],"categories":[4],"tags":[],"_links":{"self":[{"href":"https:\/\/gazdasagportal.hu\/index.php\/wp-json\/wp\/v2\/posts\/114816"}],"collection":[{"href":"https:\/\/gazdasagportal.hu\/index.php\/wp-json\/wp\/v2\/posts"}],"about":[{"href":"https:\/\/gazdasagportal.hu\/index.php\/wp-json\/wp\/v2\/types\/post"}],"author":[{"embeddable":true,"href":"https:\/\/gazdasagportal.hu\/index.php\/wp-json\/wp\/v2\/users\/1001003"}],"replies":[{"embeddable":true,"href":"https:\/\/gazdasagportal.hu\/index.php\/wp-json\/wp\/v2\/comments?post=114816"}],"version-history":[{"count":1,"href":"https:\/\/gazdasagportal.hu\/index.php\/wp-json\/wp\/v2\/posts\/114816\/revisions"}],"predecessor-version":[{"id":114817,"href":"https:\/\/gazdasagportal.hu\/index.php\/wp-json\/wp\/v2\/posts\/114816\/revisions\/114817"}],"wp:attachment":[{"href":"https:\/\/gazdasagportal.hu\/index.php\/wp-json\/wp\/v2\/media?parent=114816"}],"wp:term":[{"taxonomy":"category","embeddable":true,"href":"https:\/\/gazdasagportal.hu\/index.php\/wp-json\/wp\/v2\/categories?post=114816"},{"taxonomy":"post_tag","embeddable":true,"href":"https:\/\/gazdasagportal.hu\/index.php\/wp-json\/wp\/v2\/tags?post=114816"}],"curies":[{"name":"wp","href":"https:\/\/api.w.org\/{rel}","templated":true}]}}