{"id":114805,"date":"2019-03-30T19:52:57","date_gmt":"2019-03-30T18:52:57","guid":{"rendered":"http:\/\/gazdasagportal.hu\/?p=114805"},"modified":"2019-03-30T19:52:57","modified_gmt":"2019-03-30T18:52:57","slug":"atadtak-a-3-as-metro-megujult-eszaki-szakaszat","status":"publish","type":"post","link":"https:\/\/gazdasagportal.hu\/index.php\/atadtak-a-3-as-metro-megujult-eszaki-szakaszat\/","title":{"rendered":"\u00c1tadt\u00e1k a 3-as metr\u00f3 meg\u00fajult \u00e9szaki szakasz\u00e1t"},"content":{"rendered":"<p><strong>\u00c1tadt\u00e1k szombaton a 3-as metr\u00f3vonal fel\u00faj\u00edtott \u00e9szaki, az \u00dajpest-k\u00f6zpont \u00e9s D\u00f3zsa Gy\u00f6rgy \u00fat k\u00f6z\u00f6tti szakasz\u00e1t.<\/strong><!--more--><\/p>\n<div class=\"ads-in-post1\"><div id=\"gazdasagportal.hu_fullbanner_wideboard\"><\/div>\r\n<\/div>\n<p>    Tarl\u00f3s Istv\u00e1n f\u0151polg\u00e1rmester az \u00e1tad\u00e1son azt mondta: a 3-as metr\u00f3 fel\u00faj\u00edt\u00e1sa m\u00e9rf\u00f6ldk\u0151h\u00f6z \u00e9rkezett, az \u00e9szaki szakaszon, az \u00dajpest-k\u00f6zpont \u00e9s a D\u00f3zsa Gy\u00f6rgy \u00fati \u00e1llom\u00e1sok k\u00f6z\u00f6tt v\u00e9get \u00e9rtek a kivitelez\u00e9si munk\u00e1k. A hetekig tart\u00f3 ellen\u0151rz\u00e9sek \u00e9s pr\u00f3bafut\u00e1sok sikerrel z\u00e1rultak.<br \/>\n    A fel\u00faj\u00edtott szakaszon szombat d\u00e9lut\u00e1n egy \u00f3r\u00e1t\u00f3l utazhatnak az utasok.<br \/>\n    A f\u0151polg\u00e1rmester k\u00f6z\u00f6lte: &#8222;\u00fagy n\u00e9z ki&#8221;, hogy a metr\u00f3 teljes infrastrukt\u00far\u00e1j\u00e1nak fel\u00faj\u00edt\u00e1s\u00e1ig &#8222;esetleg megoldhat\u00f3&#8221; a szerelv\u00e9nyek l\u00e9gkondicion\u00e1l\u00e1sa. A szakemberek elv\u00e9gzik a Liebherr modul\u00e1ris kl\u00edmarendszer vizsg\u00e1lat\u00e1t.<br \/>\n    Az \u00e9szaki szakasz fel\u00faj\u00edt\u00e1sa 17 h\u00f3napig tartott \u00e9s hamarosan a vonal d\u00e9li szakasz\u00e1n folytat\u00f3dnak a rekonstrukci\u00f3s munk\u00e1k &#8211; mondta.<br \/>\n    Tarl\u00f3s Istv\u00e1n r\u00e1mutatott: a t\u00f6bb mint 17 kilom\u00e9ter hossz\u00fa 3-as metr\u00f3vonal Magyarorsz\u00e1g legnagyobb forgalm\u00e1t lebonyol\u00edt\u00f3 vas\u00fati rendszere, munkanapokon \u00e1tlagosan 500 ezern\u00e9l t\u00f6bben utaznak rajta. Ez t\u00f6bb, mint az eg\u00e9sz orsz\u00e1gos vas\u00fati h\u00e1l\u00f3zat forgalma &#8211; f\u0171zte hozz\u00e1.<br \/>\n    A pesti oldal \u00e9szaki \u00e9s d\u00e9li ter\u00fcleteit \u00f6sszek\u00f6t\u0151 metr\u00f3vonal szerepe megk\u00e9rd\u0151jelezhetetlen &#8211; hangs\u00falyozta.<br \/>\n    Tarl\u00f3s Istv\u00e1n elmondta, a 3-as metr\u00f3vonal 1970 \u00e9s 1990 k\u00f6z\u00f6tt \u00e9p\u00fclt meg, \u00e9s a jelenlegi rekonstrukci\u00f3 megkezd\u00e9s\u00e9ig semmilyen komolyabb fel\u00faj\u00edt\u00e1son nem esett \u00e1t. &#8222;Az \u00e9p\u00edtm\u00e9nyeket, a g\u00f6rd\u00fcl\u0151 \u00e1llom\u00e1nyt mindenk\u00e9pp fel kellett \u00faj\u00edtani, a berendez\u00e9sek m\u0171szaki teljes\u00edt\u0151k\u00e9pess\u00e9ge, \u00e9lettartamuk hat\u00e1r\u00e1hoz \u00e9rkeztek. A fel\u00faj\u00edt\u00e1s nem lehetett tov\u00e1bb halogatni&#8221; &#8211; fogalmazott.<br \/>\n    Eml\u00e9keztetett, a 3-as metr\u00f3 szerelv\u00e9nyeit m\u00e1r kor\u00e1bban fel\u00faj\u00edtott\u00e1k. A f\u0151v\u00e1ros \u00faj szerelv\u00e9nyeket akart, de korm\u00e1nygaranci\u00e1t fel\u00faj\u00edt\u00e1sra kaptak &#8211; jegyezte meg a f\u0151polg\u00e1rmester.<br \/>\n<div class=\"ads-in-post2\"><script async src=\"https:\/\/pagead2.googlesyndication.com\/pagead\/js\/adsbygoogle.js\"><\/script>\r\n<ins class=\"adsbygoogle\"\r\n     style=\"display:block\"\r\n     data-ad-format=\"fluid\"\r\n     data-ad-layout-key=\"-6t+ed+2i-1n-4w\"\r\n     data-ad-client=\"ca-pub-1959107119989764\"\r\n     data-ad-slot=\"4008251320\"><\/ins>\r\n<script>\r\n     (adsbygoogle = window.adsbygoogle || []).push({});\r\n<\/script><\/div>\n    Tarl\u00f3s Istv\u00e1n elmondta, a 3-as metr\u00f3 \u00e9szaki szakasz\u00e1n a kivitelez\u00e9si munk\u00e1k 2017. november 6-\u00e1n kezd\u0151dtek meg. A fel\u00faj\u00edt\u00e1s sor\u00e1n minden rendszerre kiterjed\u0151 korszer\u0171s\u00edt\u00e9st, akad\u00e1lymentes\u00edt\u00e9st, valamint \u00e9p\u00edt\u00e9szeti \u00e1talak\u00edt\u00e1st v\u00e9geztek.<br \/>\n    Az \u00e9szaki szakasz hat &#8211; \u00dajpest-k\u00f6zpont, \u00dajpest-v\u00e1roskapu, Gy\u00f6ngy\u00f6si utca, Forg\u00e1ch utca, \u00c1rp\u00e1d h\u00edd \u00e9s D\u00f3zsa Gy\u00f6rgy \u00fat &#8211; \u00e1llom\u00e1s\u00e1n teljesen meg\u00fajult utast\u00e1j\u00e9koztat\u00f3 rendszer \u00e9p\u00fclt, korszer\u0171 ledes vil\u00e1g\u00edt\u00f3testeket telep\u00edtettek, az utasbiztons\u00e1g fokoz\u00e1sa \u00e9rdek\u00e9ben kamerarendszer \u00e9p\u00fclt ki, tov\u00e1bb\u00e1 \u00faj mozg\u00f3l\u00e9pcs\u0151ket \u00e9s felvon\u00f3kat l\u00e9tes\u00edtettek.<br \/>\n    A fel\u00faj\u00edt\u00e1s sor\u00e1n mintegy 6000 n\u00e9gyzetm\u00e9ter \u00faj falburkolat k\u00e9sz\u00fclt, k\u00f6r\u00fclbel\u00fcl 7500 n\u00e9gyzetm\u00e9ter j\u00e1r\u00f3fel\u00fclet \u00fajult meg, valamint mintegy 8000 n\u00e9gyzetm\u00e9ter mennyezetet, \u00e1lmennyezetet \u00e9p\u00edtettek. T\u00f6bb mint 500 digit\u00e1lis, illetve statikus utast\u00e1j\u00e9koztat\u00f3 t\u00e1bl\u00e1t helyeztek ki \u00e9s 650 \u00faj hangsz\u00f3r\u00f3 kapott helyet. Az \u00e1llom\u00e1sok utastereibe az utasbiztons\u00e1g n\u00f6vel\u00e9se \u00e9rdek\u00e9ben k\u00f6r\u00fclbel\u00fcl 170 kamer\u00e1t \u00e9p\u00edtettek be. A megl\u00e9v\u0151 mozg\u00f3l\u00e9pcs\u0151ket \u00fajra cser\u00e9lt\u00e9k, a D\u00f3zsa Gy\u00f6rgy \u00fati \u00e1llom\u00e1son \u00faj mozg\u00f3l\u00e9pcs\u0151ket is \u00e9p\u00edtettek, \u00e9s felvon\u00f3 is lesz.<br \/>\n    Az \u00e1llom\u00e1sokon a leg\u00fajabb el\u0151\u00edr\u00e1soknak megfelel\u0151 t\u0171zv\u00e9delmi rendszer, valamint korszer\u0171 szell\u0151z\u0151-, h\u0151- \u00e9s f\u00fcstelvezet\u0151 rendszerek l\u00e9tes\u00fcltek. Az utasterek mellett meg\u00fajultak az \u00fczemi ter\u00fcletek is. Az \u00faj er\u0151s\u00e1ram\u00fa k\u00e1belek hossza el\u00e9ri az 500 kilom\u00e9tert.<br \/>\n    A rekonstrukci\u00f3 r\u00e9szek\u00e9nt \u00fajra\u00e9p\u00edtett\u00e9k a vas\u00fati p\u00e1ly\u00e1t, az \u00dajpest-k\u00f6zpont \u00e9s D\u00f3zsa Gy\u00f6rgy \u00fat \u00e1llom\u00e1sok k\u00f6z\u00f6tt 5,5 kilom\u00e9ternyi vonalszakasz \u00fajult meg. Ez 21,5 kilom\u00e9ter s\u00edn \u00e9s 11 kit\u00e9r\u0151 elbont\u00e1s\u00e1t, illetve be\u00e9p\u00edt\u00e9s\u00e9t jelentette.<br \/>\n    Meg\u00fajult tov\u00e1bb az automata vonatvezet\u0151 rendszer, amelyet a BKV maga k\u00e9sz\u00edtett.<br \/>\n    A f\u0151polg\u00e1rmester az akad\u00e1lymentes\u00edt\u00e9sr\u0151l sz\u00f3lva felh\u00edvta a figyelmet, hogy m\u00edg a 2-es metr\u00f3 fel\u00faj\u00edt\u00e1sakor k\u00e9t \u00e1llom\u00e1st akad\u00e1lymentes\u00edtettek, addig a 3-as metr\u00f3vonal minden \u00e1llom\u00e1s akad\u00e1lymentes lesz.<br \/>\n    Az es\u00e9lyegyenl\u0151s\u00e9g biztos\u00edt\u00e1sa, a vakok \u00e9s gyeng\u00e9nl\u00e1t\u00f3k utaz\u00e1s\u00e1nak megk\u00f6nny\u00edt\u00e9se \u00e9rdek\u00e9ben az \u00e1llom\u00e1sokon vezet\u0151s\u00e1vok k\u00e9sz\u00fcltek, valamint a mozg\u00f3l\u00e9pcs\u0151k bel\u00e9p\u0151helyein\u00e9l hangos t\u00e1j\u00e9koz\u00f3d\u00e1si eszk\u00f6z\u00f6k seg\u00edtik a k\u00f6zleked\u0151ket &#8211; mondta el.<br \/>\n    Tarl\u00f3s Istv\u00e1n eml\u00e9keztetett, a F\u0151v\u00e1rosi K\u00f6zgy\u0171l\u00e9s 2014. augusztus 25-i rendk\u00edv\u00fcli \u00fcl\u00e9s\u00e9n fogadta el a 3-as metr\u00f3 infrastrukt\u00far\u00e1j\u00e1nak \u00e9s a j\u00e1rm\u0171parkj\u00e1nak fel\u00faj\u00edt\u00e1s\u00e1r\u00f3l sz\u00f3l\u00f3 javaslatot. Egy 2016-os korm\u00e1nyhat\u00e1rozat alapj\u00e1n a projekt t\u00e1mogat\u00e1si \u00f6sszege 137,5 milli\u00e1rd forint volt.<br \/>\n    Mint mondta, k\u00e9tszer is el kellett utas\u00edtani az &#8222;al\u00e1t\u00e1masztatlanul dr\u00e1ga&#8221; aj\u00e1nlatokat. Id\u0151k\u00f6zben pedig az Eur\u00f3pai Uni\u00f3 j\u00f3val t\u00f6bbre taks\u00e1lta az elsz\u00e1molhat\u00f3 k\u00f6lts\u00e9geket, \u00e9s \u00edgy csak az uni\u00f3s t\u00e1mogat\u00e1s \u00f6sszege v\u00e9g\u00fcl 172 milli\u00e1rd forintot tett ki &#8211; k\u00f6z\u00f6lte.<br \/>\n    A 3-as metr\u00f3 fel\u00faj\u00edt\u00e1si k\u00f6lts\u00e9gei 217 milli\u00e1rd forintra r\u00fagnak. Az Orb\u00e1n Viktor minisztereln\u00f6kkel 2018. november 17-\u00e9n sz\u00fcletett meg\u00e1llapod\u00e1s alapj\u00e1n a fel\u00faj\u00edt\u00e1sra az eredeti 137,5 milli\u00e1rd forinthoz tov\u00e1bbi 80 milli\u00e1rd forintot biztos\u00edtott a korm\u00e1ny soron k\u00edv\u00fcl &#8211; mutatott r\u00e1.<br \/>\n    A rekonstrukci\u00f3 folytat\u00e1s\u00e1r\u00f3l sz\u00f3lva elmondta: a metr\u00f3vonal d\u00e9li szakasz\u00e1n folytat\u00f3dik a fel\u00faj\u00edt\u00e1s, a kivitelez\u00e9si munk\u00e1latok \u00e1prilis 6-\u00e1n kezd\u0151dnek a N\u00e9pliget \u00e9s K\u0151b\u00e1nya-Kispest \u00e1llom\u00e1sok k\u00f6z\u00f6tt.<br \/>\n    A d\u00e9li szakasz v\u00e1rhat\u00f3an 2020 harmadik negyed\u00e9v\u00e9re \u00fajul meg, \u00e9s ezt k\u00f6vet\u0151en kezd\u0151dik majd a k\u00f6z\u00e9pes\u0151 szakasz korszer\u0171s\u00edt\u00e9se. Ez 2022 k\u00f6zep\u00e9n, v\u00e9g\u00e9n fejez\u0151dhet majd be &#8211; k\u00f6z\u00f6lte.<br \/>\n    Tarl\u00f3s Istv\u00e1n kit\u00e9rt arra is, menet k\u00f6zben sok kritik\u00e1t kaptak f\u0151k\u00e9nt olyanokt\u00f3l, akik \u00e9vtizedeken \u00e1t elmulasztott\u00e1k, hogy foglalkozzanak a 3-as metr\u00f3 \u00e1llapot\u00e1val. Megeml\u00edtette tov\u00e1bb\u00e1, hogy a BKV-n\u00e1l 2010-re 78 milli\u00e1rd forint m\u0171k\u00f6d\u00e9si ad\u00f3ss\u00e1g halmoz\u00f3dott fel, \u00e9s ezt a korm\u00e1ny 2015 nyar\u00e1n vette \u00e1t. A m\u0171k\u00f6d\u00e9si hitel\u00e1llom\u00e1ny megsz\u0171n\u00e9s\u00e9ig jogszab\u00e1ly alapj\u00e1n semmilyen k\u00f6telezetts\u00e9get nem lehetett v\u00e1llalni a fel\u00faj\u00edt\u00e1sra &#8211; mondta a f\u0151polg\u00e1rmester.(MTI)<\/p>\n","protected":false},"excerpt":{"rendered":"<p>\u00c1tadt\u00e1k szombaton a 3-as metr\u00f3vonal fel\u00faj\u00edtott \u00e9szaki, az \u00dajpest-k\u00f6zpont \u00e9s D\u00f3zsa Gy\u00f6rgy \u00fat k\u00f6z\u00f6tti szakasz\u00e1t.<\/p>\n","protected":false},"author":1001003,"featured_media":0,"comment_status":"closed","ping_status":"open","sticky":false,"template":"","format":"standard","meta":[],"categories":[4],"tags":[],"_links":{"self":[{"href":"https:\/\/gazdasagportal.hu\/index.php\/wp-json\/wp\/v2\/posts\/114805"}],"collection":[{"href":"https:\/\/gazdasagportal.hu\/index.php\/wp-json\/wp\/v2\/posts"}],"about":[{"href":"https:\/\/gazdasagportal.hu\/index.php\/wp-json\/wp\/v2\/types\/post"}],"author":[{"embeddable":true,"href":"https:\/\/gazdasagportal.hu\/index.php\/wp-json\/wp\/v2\/users\/1001003"}],"replies":[{"embeddable":true,"href":"https:\/\/gazdasagportal.hu\/index.php\/wp-json\/wp\/v2\/comments?post=114805"}],"version-history":[{"count":1,"href":"https:\/\/gazdasagportal.hu\/index.php\/wp-json\/wp\/v2\/posts\/114805\/revisions"}],"predecessor-version":[{"id":114806,"href":"https:\/\/gazdasagportal.hu\/index.php\/wp-json\/wp\/v2\/posts\/114805\/revisions\/114806"}],"wp:attachment":[{"href":"https:\/\/gazdasagportal.hu\/index.php\/wp-json\/wp\/v2\/media?parent=114805"}],"wp:term":[{"taxonomy":"category","embeddable":true,"href":"https:\/\/gazdasagportal.hu\/index.php\/wp-json\/wp\/v2\/categories?post=114805"},{"taxonomy":"post_tag","embeddable":true,"href":"https:\/\/gazdasagportal.hu\/index.php\/wp-json\/wp\/v2\/tags?post=114805"}],"curies":[{"name":"wp","href":"https:\/\/api.w.org\/{rel}","templated":true}]}}