{"id":114795,"date":"2019-03-30T08:28:38","date_gmt":"2019-03-30T07:28:38","guid":{"rendered":"http:\/\/gazdasagportal.hu\/?p=114795"},"modified":"2019-03-30T08:28:38","modified_gmt":"2019-03-30T07:28:38","slug":"brexit-az-egyesult-kiralysag-tovabbra-is-az-europai-unio-tagja","status":"publish","type":"post","link":"https:\/\/gazdasagportal.hu\/index.php\/brexit-az-egyesult-kiralysag-tovabbra-is-az-europai-unio-tagja\/","title":{"rendered":"Brexit &#8211; Az Egyes\u00fclt Kir\u00e1lys\u00e1g tov\u00e1bbra is az Eur\u00f3pai Uni\u00f3 tagja"},"content":{"rendered":"<p><strong>Lej\u00e1rt k\u00f6z\u00e9p-eur\u00f3pai id\u0151 szerint p\u00e9nteken \u00e9jf\u00e9lkor a brit EU-tags\u00e1g megsz\u0171n\u00e9s\u00e9nek (Brexit) eredeti hat\u00e1rideje, az Egyes\u00fclt Kir\u00e1lys\u00e1g azonban tov\u00e1bbra is az Eur\u00f3pai Uni\u00f3 teljes jog\u00fa tagja, miut\u00e1n a Brexit felt\u00e9telrendszer\u00e9r\u0151l sz\u00f3l\u00f3 meg\u00e1llapod\u00e1st a londoni als\u00f3h\u00e1z h\u00e1romszor is elutas\u00edtotta, \u00e9s Theresa May minisztereln\u00f6k a m\u00e1sodik parlamenti elutas\u00edt\u00e1s ut\u00e1n kezdem\u00e9nyezte az EU-n\u00e1l a kil\u00e9p\u00e9si hat\u00e1rid\u0151 meghosszabb\u00edt\u00e1s\u00e1t.<\/strong><!--more--><\/p>\n<div class=\"ads-in-post1\"><div id=\"gazdasagportal.hu_fullbanner_wideboard\"><\/div>\r\n<\/div>\n<p>    May 2017. m\u00e1rcius 29-\u00e9n k\u00fcld\u00f6tt \u00e9rtes\u00edt\u00e9st az uni\u00f3s \u00e1llam- \u00e9s korm\u00e1nyf\u0151k alkotta Eur\u00f3pai Tan\u00e1cs eln\u00f6k\u00e9nek, Donald Tusknak \u00e9s az Eur\u00f3pai Bizotts\u00e1g eln\u00f6k\u00e9nek, Jean-Claude Junckernek arr\u00f3l, hogy a brit korm\u00e1ny aktiv\u00e1lta a Lisszaboni Szerz\u0151d\u00e9s 50. cikkely\u00e9t.<br \/>\n    Az 50. cikkely \u00e9rtelm\u00e9ben az uni\u00f3s tags\u00e1g a kil\u00e9p\u00e9si sz\u00e1nd\u00e9k hivatalos bejelent\u00e9se ut\u00e1n k\u00e9t \u00e9vvel, vagy enn\u00e9l kor\u00e1bbi kil\u00e9p\u00e9si id\u0151pontot r\u00f6gz\u00edt\u0151 meg\u00e1llapod\u00e1s eset\u00e9n a meg\u00e1llapod\u00e1s hat\u00e1lyba l\u00e9p\u00e9s\u00e9vel megsz\u0171nik. A hat\u00e1rid\u0151 hosszabb\u00edt\u00e1s\u00e1ra van m\u00f3d, de ehhez az \u00f6sszes t\u00f6bbi EU-tagorsz\u00e1g egyhang\u00fa beleegyez\u00e9se sz\u00fcks\u00e9ges.<br \/>\n    London \u00e9s az Eur\u00f3pai Uni\u00f3 novemberben meg\u00e1llapod\u00e1sra jutott a kil\u00e9p\u00e9s felt\u00e9teleir\u0151l, a brit korm\u00e1ny pedig m\u00e1r az egyezm\u00e9ny el\u00e9r\u00e9se el\u0151tt t\u00f6rv\u00e9nybe foglaltatta, hogy az Egyes\u00fclt Kir\u00e1lys\u00e1g EU-tags\u00e1ga 2019. m\u00e1rcius 29-\u00e9n brit id\u0151 szerint 23 \u00f3rakor, k\u00f6z\u00e9p-eur\u00f3pai id\u0151 szerint \u00e9jf\u00e9lkor megsz\u0171nik.<br \/>\n    Az EU-val el\u00e9rt 585 oldalas Brexit-meg\u00e1llapod\u00e1st \u00e9s a hozz\u00e1 kapcsol\u00f3d\u00f3 &#8211; a j\u00f6v\u0151beni k\u00e9toldal\u00fa kapcsolatrendszert egyel\u0151re v\u00e1zlatosan k\u00f6rvonalaz\u00f3 &#8211; politikai nyilatkozatot a londoni als\u00f3h\u00e1z azonban el\u0151sz\u00f6r janu\u00e1r 15-\u00e9n, a brit parlamentarizmus \u00fajkori t\u00f6rt\u00e9net\u00e9nek eddigi legnagyobb, 230 f\u0151s t\u00f6bbs\u00e9g\u00e9vel, a m\u00e1rcius 12-i m\u00e1sodik szavaz\u00e1son pedig 149 f\u0151s t\u00f6bbs\u00e9ggel utas\u00edtotta el.<br \/>\n<div class=\"ads-in-post2\"><script async src=\"https:\/\/pagead2.googlesyndication.com\/pagead\/js\/adsbygoogle.js\"><\/script>\r\n<ins class=\"adsbygoogle\"\r\n     style=\"display:block\"\r\n     data-ad-format=\"fluid\"\r\n     data-ad-layout-key=\"-6t+ed+2i-1n-4w\"\r\n     data-ad-client=\"ca-pub-1959107119989764\"\r\n     data-ad-slot=\"4008251320\"><\/ins>\r\n<script>\r\n     (adsbygoogle = window.adsbygoogle || []).push({});\r\n<\/script><\/div>\n    A konzervat\u00edv p\u00e1rti brit korm\u00e1ny p\u00e9nteken harmadszor is a h\u00e1z el\u00e9 terjesztette a Brexit-meg\u00e1llapod\u00e1st &#8211; lev\u00e1lasztva r\u00f3la a politikai nyilatkozatot -, \u00e1m a k\u00e9pvisel\u0151k ez\u00fattal 58 f\u0151s t\u00f6bbs\u00e9ggel ism\u00e9t elutas\u00edtott\u00e1k az egyezm\u00e9nyt.<br \/>\n    Theresa May a Brexit-meg\u00e1llapod\u00e1s m\u00e1sodik als\u00f3h\u00e1zi elutas\u00edt\u00e1sa ut\u00e1n kezdem\u00e9nyezte az EU-n\u00e1l a kil\u00e9p\u00e9s elhalaszt\u00e1s\u00e1t j\u00fanius 30-ig.<br \/>\n    A m\u00falt heti EU-cs\u00facson sz\u00fcletett kompromisszumos megold\u00e1s szerint az Eur\u00f3pai Uni\u00f3 m\u00e1jus 22-ig tart\u00f3 halaszt\u00e1sba egyezett bele, de ehhez a Brexit-egyezm\u00e9nyt a kor\u00e1bbi kil\u00e9p\u00e9si hat\u00e1rid\u0151ig, vagyis p\u00e9ntek \u00e9jjelig j\u00f3v\u00e1 kellett volna hagynia a brit parlamentnek.     Miut\u00e1n azonban ez nem t\u00f6rt\u00e9nt meg, \u00e9rv\u00e9ny\u00e9t vesztette a rendezett brit kil\u00e9p\u00e9sre meg\u00e1llap\u00edtott m\u00e1jus 22-i hat\u00e1rid\u0151, \u00e9s \u00e9letbe l\u00e9pett egy \u00faj: Londonnak imm\u00e1r \u00e1prilis 12-\u00e9ig jeleznie kell a Brexit-folyamat tov\u00e1bbi menet\u00e9vel kapcsolatos terveit, \u00e9s azt, hogy ha e hat\u00e1rid\u0151 meghosszabb\u00edt\u00e1s\u00e1t k\u00e9ri, akkor hajland\u00f3-e r\u00e9szt venni a m\u00e1jus v\u00e9g\u00e9n esed\u00e9kes eur\u00f3pai parlamenti v\u00e1laszt\u00e1sokon.<br \/>\n    Az \u00e1prilis 12-i hat\u00e1rid\u0151 meghosszabb\u00edt\u00e1s\u00e1hoz is sz\u00fcks\u00e9ges az EU-ban marad\u00f3 27 tagorsz\u00e1g egyhang\u00fa j\u00f3v\u00e1hagy\u00e1sa.<br \/>\n    Ha e hat\u00e1rid\u0151ig nincs el\u0151rel\u00e9p\u00e9s a tov\u00e1bbi Brexit-menetrend \u00fcgy\u00e9ben, \u00e9s ha az EU az \u00fajabb halaszt\u00e1s fej\u00e9ben ragaszkodik a brit r\u00e9szv\u00e9telhez az EP-v\u00e1laszt\u00e1sokon, \u00e1m ezt a brit korm\u00e1ny &#8211; jelenlegi \u00e1ll\u00e1spontj\u00e1nak megfelel\u0151en &#8211; elutas\u00edtja, akkor \u00e1prilis 12-\u00e9n a brit EU-tags\u00e1g elvileg meg\u00e1llapod\u00e1s n\u00e9lk\u00fcl megsz\u0171nhet.(MTI)<\/p>\n","protected":false},"excerpt":{"rendered":"<p>Lej\u00e1rt k\u00f6z\u00e9p-eur\u00f3pai id\u0151 szerint p\u00e9nteken \u00e9jf\u00e9lkor a brit EU-tags\u00e1g megsz\u0171n\u00e9s\u00e9nek (Brexit) eredeti hat\u00e1rideje, az Egyes\u00fclt Kir\u00e1lys\u00e1g azonban tov\u00e1bbra is az Eur\u00f3pai Uni\u00f3 teljes jog\u00fa tagja, miut\u00e1n a Brexit felt\u00e9telrendszer\u00e9r\u0151l sz\u00f3l\u00f3 meg\u00e1llapod\u00e1st a londoni als\u00f3h\u00e1z h\u00e1romszor is elutas\u00edtotta, \u00e9s Theresa May minisztereln\u00f6k a m\u00e1sodik parlamenti elutas\u00edt\u00e1s ut\u00e1n kezdem\u00e9nyezte az EU-n\u00e1l a kil\u00e9p\u00e9si hat\u00e1rid\u0151 meghosszabb\u00edt\u00e1s\u00e1t.<\/p>\n","protected":false},"author":1001003,"featured_media":81431,"comment_status":"closed","ping_status":"open","sticky":false,"template":"","format":"standard","meta":[],"categories":[146,12],"tags":[],"_links":{"self":[{"href":"https:\/\/gazdasagportal.hu\/index.php\/wp-json\/wp\/v2\/posts\/114795"}],"collection":[{"href":"https:\/\/gazdasagportal.hu\/index.php\/wp-json\/wp\/v2\/posts"}],"about":[{"href":"https:\/\/gazdasagportal.hu\/index.php\/wp-json\/wp\/v2\/types\/post"}],"author":[{"embeddable":true,"href":"https:\/\/gazdasagportal.hu\/index.php\/wp-json\/wp\/v2\/users\/1001003"}],"replies":[{"embeddable":true,"href":"https:\/\/gazdasagportal.hu\/index.php\/wp-json\/wp\/v2\/comments?post=114795"}],"version-history":[{"count":1,"href":"https:\/\/gazdasagportal.hu\/index.php\/wp-json\/wp\/v2\/posts\/114795\/revisions"}],"predecessor-version":[{"id":114796,"href":"https:\/\/gazdasagportal.hu\/index.php\/wp-json\/wp\/v2\/posts\/114795\/revisions\/114796"}],"wp:featuredmedia":[{"embeddable":true,"href":"https:\/\/gazdasagportal.hu\/index.php\/wp-json\/wp\/v2\/media\/81431"}],"wp:attachment":[{"href":"https:\/\/gazdasagportal.hu\/index.php\/wp-json\/wp\/v2\/media?parent=114795"}],"wp:term":[{"taxonomy":"category","embeddable":true,"href":"https:\/\/gazdasagportal.hu\/index.php\/wp-json\/wp\/v2\/categories?post=114795"},{"taxonomy":"post_tag","embeddable":true,"href":"https:\/\/gazdasagportal.hu\/index.php\/wp-json\/wp\/v2\/tags?post=114795"}],"curies":[{"name":"wp","href":"https:\/\/api.w.org\/{rel}","templated":true}]}}