{"id":114787,"date":"2019-03-29T16:18:56","date_gmt":"2019-03-29T15:18:56","guid":{"rendered":"http:\/\/gazdasagportal.hu\/?p=114787"},"modified":"2019-03-29T16:18:56","modified_gmt":"2019-03-29T15:18:56","slug":"vasarnap-kezdodik-a-nyari-idoszamitas","status":"publish","type":"post","link":"https:\/\/gazdasagportal.hu\/index.php\/vasarnap-kezdodik-a-nyari-idoszamitas\/","title":{"rendered":"Vas\u00e1rnap kezd\u0151dik a ny\u00e1ri id\u0151sz\u00e1m\u00edt\u00e1s"},"content":{"rendered":"<p><strong>Vas\u00e1rnap kezd\u0151dik a ny\u00e1ri id\u0151sz\u00e1m\u00edt\u00e1s, az \u00f3r\u00e1kat \u00e9jjel 2 \u00f3rakor 3 \u00f3r\u00e1ra kell \u00e1ll\u00edtani. Az \u00e1t\u00e1ll\u00e1s \u00e9rinti a k\u00f6z\u00f6ss\u00e9gi k\u00f6zleked\u00e9st \u00e9s a l\u00e9git\u00e1rsas\u00e1gok menetrendj\u00e9t is.<\/strong><!--more--><\/p>\n<div class=\"ads-in-post1\"><div id=\"gazdasagportal.hu_fullbanner_wideboard\"><\/div>\r\n<\/div>\n<p>    A Mavir Magyar Villamosenergia-ipari \u00c1tviteli Rendszerir\u00e1ny\u00edt\u00f3 Zrt. p\u00e9nteki, MTI-hez eljuttatott k\u00f6zlem\u00e9nye szerint a ny\u00e1ri id\u0151sz\u00e1m\u00edt\u00e1s jelenleg a vil\u00e1g t\u00f6bb mint sz\u00e1z orsz\u00e1g\u00e1ban egys\u00e9gesen elfogadott rendszer. A m\u00f3dszer azon alapul, hogy ha a lakoss\u00e1g szok\u00e1sos \u00e9brenl\u00e9ti ideje megk\u00f6zel\u00edt\u0151en egybeesik a term\u00e9szetes vil\u00e1goss\u00e1g idej\u00e9vel, akkor kevesebb mesters\u00e9ges f\u00e9nyt kell haszn\u00e1lni. A nap\u00e9jegyenl\u0151s\u00e9ghez k\u00f6zeli tavaszi \u00f3ra\u00e1ll\u00edt\u00e1st k\u00f6vet\u0151en m\u00e1r kisebb m\u00e9rt\u00e9kben cs\u00f6kken a kora esti id\u0151szakok terhel\u00e9se, amikor egy \u00f3r\u00e1val k\u00e9s\u0151bb kapcsoljuk fel a villanyt.<br \/>\n<div class=\"ads-in-post2\"><script async src=\"https:\/\/pagead2.googlesyndication.com\/pagead\/js\/adsbygoogle.js\"><\/script>\r\n<ins class=\"adsbygoogle\"\r\n     style=\"display:block\"\r\n     data-ad-format=\"fluid\"\r\n     data-ad-layout-key=\"-6t+ed+2i-1n-4w\"\r\n     data-ad-client=\"ca-pub-1959107119989764\"\r\n     data-ad-slot=\"4008251320\"><\/ins>\r\n<script>\r\n     (adsbygoogle = window.adsbygoogle || []).push({});\r\n<\/script><\/div>\n    A villamosenergia-megtakar\u00edt\u00e1s jellemz\u0151en a h\u00e1ztart\u00e1sokban, az \u00e9p\u00edtkez\u00e9seken, a hosszan nyitva tart\u00f3 int\u00e9zm\u00e9nyekben \u00e9s szolg\u00e1ltat\u00f3kn\u00e1l, valamint a k\u00f6z\u00e9p\u00fcletek d\u00edszkivil\u00e1g\u00edt\u00e1sa eset\u00e9ben jelentkezik &#8211; olvashat\u00f3 a k\u00f6zlem\u00e9nyben.<br \/>\n    Az \u00e1t\u00e1ll\u00e1s \u00e9rinti a k\u00f6z\u00f6ss\u00e9gi k\u00f6zleked\u00e9s menetrendj\u00e9t. A Budapesti K\u00f6zleked\u00e9si K\u00f6zpont (BKK) t\u00e1j\u00e9koztat\u00e1sa szerint az eredetileg 2 \u00e9s 3 \u00f3ra k\u00f6z\u00f6ttre tervezett indul\u00e1sok elmaradnak, egyes j\u00e1ratok eset\u00e9ben pedig rendk\u00edv\u00fcli menetrend lesz \u00e9rv\u00e9nyben. Felh\u00edvt\u00e1k a figyelmet arra is, hogy az utaz\u00e1stervez\u0151 csak korl\u00e1tozottan fog m\u0171k\u00f6dni, ez\u00e9rt a BKK arra k\u00e9ri az utasokat, hogy a c\u00e9g honlapj\u00e1n tal\u00e1lhat\u00f3 friss\u00edtett menetrendi inform\u00e1ci\u00f3kat is vegy\u00e9k figyelembe.<br \/>\n    A M\u00e1vinform MTI-hez eljuttatott k\u00f6zlem\u00e9nye szerint az eredetileg 2 \u00e9s 3 \u00f3ra k\u00f6z\u00f6tt indul\u00f3 belf\u00f6ldi szem\u00e9lysz\u00e1ll\u00edt\u00f3 vonatokat 3 \u00f3rakor ind\u00edtj\u00e1k el. Azok a belf\u00f6ldi vonatok, amelyek 2 \u00f3ra el\u0151tt indulnak, m\u00e1r a ny\u00e1ri id\u0151sz\u00e1m\u00edt\u00e1snak megfelel\u0151en, legfeljebb 60 perccel k\u00e9s\u0151bb \u00e9rkeznek a k\u00f6vetkez\u0151 \u00e1llom\u00e1sra.<br \/>\n    Az \u00f3ra\u00e1ll\u00edt\u00e1s Magyarorsz\u00e1g ter\u00fclet\u00e9n k\u00e9t nemzetk\u00f6zi vonatot \u00e9rint. A B\u00e9cs-Bukarest k\u00f6z\u00f6tt k\u00f6zleked\u0151 Dacia nemzetk\u00f6zi vonatot L\u0151k\u00f6sh\u00e1za \u00e1llom\u00e1son \u00e9ri az \u00f3raigaz\u00edt\u00e1s. A vonat L\u0151k\u00f6sh\u00e1z\u00e1r\u00f3l m\u00e1r a ny\u00e1ri id\u0151sz\u00e1m\u00edt\u00e1s szerint indul 3.39-kor. A Bukarest-B\u00e9cs viszonylat\u00fa Dacia nemzetk\u00f6zi vonatot L\u0151k\u00f6sh\u00e1za \u00e9s B\u00e9k\u00e9scsaba k\u00f6z\u00f6tt \u00e9ri az \u00f3raigaz\u00edt\u00e1s. A vonat B\u00e9k\u00e9scsab\u00e1r\u00f3l m\u00e1r a ny\u00e1ri id\u0151sz\u00e1m\u00edt\u00e1s szerint 3 \u00f3rakor indul tov\u00e1bb a Keleti p\u00e1lyaudvarra, illetve B\u00e9csbe.<br \/>\n    B\u00e1r a l\u00e9git\u00e1rsas\u00e1gok magyarorsz\u00e1gi j\u00e1ratait nem \u00e9rinti az \u00f3ra\u00e1t\u00e1ll\u00edt\u00e1s, a szok\u00e1soknak megfelel\u0151en a l\u00e9gic\u00e9gek az \u00f3ra\u00e1t\u00e1ll\u00edt\u00e1skor t\u00e9rnek \u00e1t a ny\u00e1ri menetrendi id\u0151szakra.(MTI)<\/p>\n","protected":false},"excerpt":{"rendered":"<p>Vas\u00e1rnap kezd\u0151dik a ny\u00e1ri id\u0151sz\u00e1m\u00edt\u00e1s, az \u00f3r\u00e1kat \u00e9jjel 2 \u00f3rakor 3 \u00f3r\u00e1ra kell \u00e1ll\u00edtani. Az \u00e1t\u00e1ll\u00e1s \u00e9rinti a k\u00f6z\u00f6ss\u00e9gi k\u00f6zleked\u00e9st \u00e9s a l\u00e9git\u00e1rsas\u00e1gok menetrendj\u00e9t is.<\/p>\n","protected":false},"author":1,"featured_media":0,"comment_status":"closed","ping_status":"open","sticky":false,"template":"","format":"standard","meta":[],"categories":[4],"tags":[],"_links":{"self":[{"href":"https:\/\/gazdasagportal.hu\/index.php\/wp-json\/wp\/v2\/posts\/114787"}],"collection":[{"href":"https:\/\/gazdasagportal.hu\/index.php\/wp-json\/wp\/v2\/posts"}],"about":[{"href":"https:\/\/gazdasagportal.hu\/index.php\/wp-json\/wp\/v2\/types\/post"}],"author":[{"embeddable":true,"href":"https:\/\/gazdasagportal.hu\/index.php\/wp-json\/wp\/v2\/users\/1"}],"replies":[{"embeddable":true,"href":"https:\/\/gazdasagportal.hu\/index.php\/wp-json\/wp\/v2\/comments?post=114787"}],"version-history":[{"count":1,"href":"https:\/\/gazdasagportal.hu\/index.php\/wp-json\/wp\/v2\/posts\/114787\/revisions"}],"predecessor-version":[{"id":114788,"href":"https:\/\/gazdasagportal.hu\/index.php\/wp-json\/wp\/v2\/posts\/114787\/revisions\/114788"}],"wp:attachment":[{"href":"https:\/\/gazdasagportal.hu\/index.php\/wp-json\/wp\/v2\/media?parent=114787"}],"wp:term":[{"taxonomy":"category","embeddable":true,"href":"https:\/\/gazdasagportal.hu\/index.php\/wp-json\/wp\/v2\/categories?post=114787"},{"taxonomy":"post_tag","embeddable":true,"href":"https:\/\/gazdasagportal.hu\/index.php\/wp-json\/wp\/v2\/tags?post=114787"}],"curies":[{"name":"wp","href":"https:\/\/api.w.org\/{rel}","templated":true}]}}