{"id":114777,"date":"2019-03-29T12:05:11","date_gmt":"2019-03-29T11:05:11","guid":{"rendered":"http:\/\/gazdasagportal.hu\/?p=114777"},"modified":"2019-03-29T12:05:11","modified_gmt":"2019-03-29T11:05:11","slug":"amerikai-penzugyminiszter-konstruktiv-volt-a-kinai-fellel-folytatott-kereskedelmi-targyalas","status":"publish","type":"post","link":"https:\/\/gazdasagportal.hu\/index.php\/amerikai-penzugyminiszter-konstruktiv-volt-a-kinai-fellel-folytatott-kereskedelmi-targyalas\/","title":{"rendered":"Amerikai p\u00e9nz\u00fcgyminiszter: konstrukt\u00edv volt a k\u00ednai f\u00e9llel folytatott kereskedelmi t\u00e1rgyal\u00e1s"},"content":{"rendered":"<p><strong>Konstrukt\u00edvnak nevezte a Liu Ho k\u00ednai minisztereln\u00f6k-helyettes vezette deleg\u00e1ci\u00f3val Pekingben folytatott k\u00e9tnapos kereskedelmi t\u00e1rgyal\u00e1sokat p\u00e9nteki Twitter-bejegyz\u00e9s\u00e9ben Steven Mnuchin amerikai p\u00e9nz\u00fcgyminiszter, aki Robert Lighthizerrel, az Egyes\u00fclt \u00c1llamok kereskedelmi f\u0151k\u00e9pvisel\u0151j\u00e9vel egy\u00fctt k\u00eds\u00e9rte az amerikai t\u00e1rgyal\u00f3feleket a k\u00ednai f\u0151v\u00e1rosba cs\u00fct\u00f6rt\u00f6k\u00f6n, hogy \u00fajabb megbesz\u00e9l\u00e9sek keret\u00e9ben pr\u00f3b\u00e1lj\u00e1k meg rendezni a k\u00e9t orsz\u00e1g kereskedelmi konfliktus\u00e1t. <\/strong><!--more--><\/p>\n<div class=\"ads-in-post1\"><div id=\"gazdasagportal.hu_fullbanner_wideboard\"><\/div>\r\n<\/div>\n<p>    A helyi id\u0151 szerint p\u00e9ntek d\u00e9lut\u00e1n lez\u00e1rult t\u00e1rgyal\u00e1sokr\u00f3l egyel\u0151re egyik f\u00e9l sem k\u00f6z\u00f6lt r\u00e9szleteket.<br \/>\n    A mostani megbesz\u00e9l\u00e9s imm\u00e1r a nyolcadik volt a Donald Trump amerikai eln\u00f6k vezette korm\u00e1nyzat \u00e9s a k\u00ednai f\u00e9l k\u00f6z\u00f6tt, a k\u00f6vetkez\u0151 alkalomra pedig a j\u00f6v\u0151 h\u00e9ten ker\u00fcl majd sor, amikor a k\u00ednai minisztereln\u00f6k-helyettes l\u00e1togat majd Washingtonba.<br \/>\n    A k\u00e9t orsz\u00e1g k\u00f6zti kereskedelmi h\u00e1bor\u00fanak mostanra sz\u00e1mos k\u00e1rosultja van. Trump a k\u00ednai exportcikkekre kivetett b\u00fcntet\u0151tarif\u00e1i miatt egyes amerikai gy\u00e1rt\u00f3k k\u00f6lts\u00e9gei jelent\u0151sen megemelkedtek, aminek k\u00f6vetkezt\u00e9ben esetenk\u00e9nt halasztaniuk kellett egyes beszerz\u00e9seket.<br \/>\n    Az amerikai b\u00fcntet\u0151v\u00e1mok a k\u00ednai export\u0151r\u00f6ket is negat\u00edvan \u00e9rintett\u00e9k, a bev\u00e9telkies\u00e9sek sok helyen elbocs\u00e1t\u00e1sokhoz vezettek. A Peking \u00e1ltal az amerikai exportcikkekre v\u00e1laszl\u00e9p\u00e9sk\u00e9nt kir\u00f3tt v\u00e1mtarif\u00e1k ugyancsak \u00e9reztett\u00e9k hat\u00e1sukat: a sz\u00f3jabab, \u00e9s az Egyes\u00fclt \u00c1llamokb\u00f3l import\u00e1lt m\u00e1s agr\u00e1rterm\u00e9kek \u00e1ra felsz\u00f6k\u00f6tt K\u00edn\u00e1ban, mik\u00f6zben az amerikai termel\u0151k is rosszabbul j\u00e1rtak.<br \/>\n<div class=\"ads-in-post2\"><script async src=\"https:\/\/pagead2.googlesyndication.com\/pagead\/js\/adsbygoogle.js\"><\/script>\r\n<ins class=\"adsbygoogle\"\r\n     style=\"display:block\"\r\n     data-ad-format=\"fluid\"\r\n     data-ad-layout-key=\"-6t+ed+2i-1n-4w\"\r\n     data-ad-client=\"ca-pub-1959107119989764\"\r\n     data-ad-slot=\"4008251320\"><\/ins>\r\n<script>\r\n     (adsbygoogle = window.adsbygoogle || []).push({});\r\n<\/script><\/div>\n    A v\u00e1mtarif\u00e1k mellett a k\u00e9t orsz\u00e1g kereskedelmi konfliktus\u00e1nak m\u00e1sik sarkalatos pontja, hogy az amerikai f\u00e9l szerint K\u00edna a technol\u00f3gi\u00e1i \u00e1tad\u00e1s\u00e1ra k\u00e9nyszer\u00edt minden K\u00edn\u00e1ban m\u0171k\u00f6d\u0151 k\u00fclf\u00f6ldi v\u00e1llalatot annak \u00e9rdek\u00e9ben, hogy el\u0151nyh\u00f6z juttassa a belf\u00f6ldi c\u00e9geket, amelyek a robotika \u00e9s a mesters\u00e9ges intelligencia \u00e9lvonal\u00e1ba k\u00edv\u00e1nnak ker\u00fclni vil\u00e1gszerte. A k\u00ednai f\u00e9l elutas\u00edtja e v\u00e1dakat.     A kereskedelmi miniszt\u00e9rium sz\u00f3viv\u0151je cs\u00fct\u00f6rt\u00f6ki sajt\u00f3t\u00e1j\u00e9koztat\u00f3j\u00e1n is kijelentette: K\u00edna nem k\u00e9nyszer\u00edt senkit a technol\u00f3gi\u00e1ja \u00e1tad\u00e1s\u00e1ra. A k\u00ednai t\u00f6rv\u00e9nyhoz\u00e1s egy\u00e9bk\u00e9nt \u00e9ppen e h\u00f3napban fogadott el egy t\u00f6rv\u00e9nyt, mely a k\u00ednai szab\u00e1lyoz\u00f3 test\u00fcleteket hivatott akad\u00e1lyozni abban, hogy a K\u00edn\u00e1ban \u00fczletelni k\u00edv\u00e1n\u00f3 k\u00fclf\u00f6ldi c\u00e9gek ipari titkait belf\u00f6ldi c\u00e9geknek kisziv\u00e1rogtathass\u00e1k. Az \u00faj szab\u00e1lyoz\u00e1s r\u00e1ad\u00e1sul arra is lehet\u0151s\u00e9get teremt, hogy a k\u00fclf\u00f6ldi c\u00e9gek k\u00ednai partner n\u00e9lk\u00fcl vethess\u00e9k meg a l\u00e1bukat a k\u00ednai piacon.(MTI)<\/p>\n","protected":false},"excerpt":{"rendered":"<p>Konstrukt\u00edvnak nevezte a Liu Ho k\u00ednai minisztereln\u00f6k-helyettes vezette deleg\u00e1ci\u00f3val Pekingben folytatott k\u00e9tnapos kereskedelmi t\u00e1rgyal\u00e1sokat p\u00e9nteki Twitter-bejegyz\u00e9s\u00e9ben Steven Mnuchin amerikai p\u00e9nz\u00fcgyminiszter, aki Robert Lighthizerrel, az Egyes\u00fclt \u00c1llamok kereskedelmi f\u0151k\u00e9pvisel\u0151j\u00e9vel egy\u00fctt k\u00eds\u00e9rte az amerikai t\u00e1rgyal\u00f3feleket a k\u00ednai f\u0151v\u00e1rosba cs\u00fct\u00f6rt\u00f6k\u00f6n, hogy \u00fajabb megbesz\u00e9l\u00e9sek keret\u00e9ben pr\u00f3b\u00e1lj\u00e1k meg rendezni a k\u00e9t orsz\u00e1g kereskedelmi konfliktus\u00e1t.<\/p>\n","protected":false},"author":1,"featured_media":0,"comment_status":"closed","ping_status":"open","sticky":false,"template":"","format":"standard","meta":[],"categories":[246],"tags":[],"_links":{"self":[{"href":"https:\/\/gazdasagportal.hu\/index.php\/wp-json\/wp\/v2\/posts\/114777"}],"collection":[{"href":"https:\/\/gazdasagportal.hu\/index.php\/wp-json\/wp\/v2\/posts"}],"about":[{"href":"https:\/\/gazdasagportal.hu\/index.php\/wp-json\/wp\/v2\/types\/post"}],"author":[{"embeddable":true,"href":"https:\/\/gazdasagportal.hu\/index.php\/wp-json\/wp\/v2\/users\/1"}],"replies":[{"embeddable":true,"href":"https:\/\/gazdasagportal.hu\/index.php\/wp-json\/wp\/v2\/comments?post=114777"}],"version-history":[{"count":1,"href":"https:\/\/gazdasagportal.hu\/index.php\/wp-json\/wp\/v2\/posts\/114777\/revisions"}],"predecessor-version":[{"id":114778,"href":"https:\/\/gazdasagportal.hu\/index.php\/wp-json\/wp\/v2\/posts\/114777\/revisions\/114778"}],"wp:attachment":[{"href":"https:\/\/gazdasagportal.hu\/index.php\/wp-json\/wp\/v2\/media?parent=114777"}],"wp:term":[{"taxonomy":"category","embeddable":true,"href":"https:\/\/gazdasagportal.hu\/index.php\/wp-json\/wp\/v2\/categories?post=114777"},{"taxonomy":"post_tag","embeddable":true,"href":"https:\/\/gazdasagportal.hu\/index.php\/wp-json\/wp\/v2\/tags?post=114777"}],"curies":[{"name":"wp","href":"https:\/\/api.w.org\/{rel}","templated":true}]}}