{"id":114773,"date":"2019-03-29T10:54:45","date_gmt":"2019-03-29T09:54:45","guid":{"rendered":"http:\/\/gazdasagportal.hu\/?p=114773"},"modified":"2019-03-29T10:54:45","modified_gmt":"2019-03-29T09:54:45","slug":"nemetorszagban-ujabb-tortenelmi-melyponton-a-munkanelkuliseg","status":"publish","type":"post","link":"https:\/\/gazdasagportal.hu\/index.php\/nemetorszagban-ujabb-tortenelmi-melyponton-a-munkanelkuliseg\/","title":{"rendered":"N\u00e9metorsz\u00e1gban \u00fajabb t\u00f6rt\u00e9nelmi m\u00e9lyponton a munkan\u00e9lk\u00fclis\u00e9g"},"content":{"rendered":"<p><strong>N\u00e9metorsz\u00e1gban elemz\u0151k \u00e1ltal v\u00e1rtn\u00e1l kev\u00e9sb\u00e9 cs\u00f6kkent a munkan\u00e9lk\u00fcliek sz\u00e1ma m\u00e1rciusban, a munkan\u00e9lk\u00fclis\u00e9gi r\u00e1ta azonban \u00edgy is cs\u00f6kkent, \u00fajabb t\u00f6rt\u00e9nelmi m\u00e9lypontra s\u00fcllyedt.<\/strong><!--more--><\/p>\n<div class=\"ads-in-post1\"><div id=\"gazdasagportal.hu_fullbanner_wideboard\"><\/div>\r\n<\/div>\n<p>    A n\u00e9met munka\u00fcgyi hivatal p\u00e9nteken azt k\u00f6z\u00f6lte, hogy a munkan\u00e9lk\u00fcliek sz\u00e1ma m\u00e1rciusban, a szezon\u00e1lisan kiigaz\u00edtott adatok szerint 7 ezerrel, 2 milli\u00f3 231 ezerre m\u00e9rs\u00e9kl\u0151d\u00f6tt. Az elemz\u0151i v\u00e1rakoz\u00e1sok \u00e1tlag\u00e1ban n\u00e9mileg nagyobb, 10 ezer f\u0151s cs\u00f6kken\u00e9s szerepelt.<br \/>\n<div class=\"ads-in-post2\"><script async src=\"https:\/\/pagead2.googlesyndication.com\/pagead\/js\/adsbygoogle.js\"><\/script>\r\n<ins class=\"adsbygoogle\"\r\n     style=\"display:block\"\r\n     data-ad-format=\"fluid\"\r\n     data-ad-layout-key=\"-6t+ed+2i-1n-4w\"\r\n     data-ad-client=\"ca-pub-1959107119989764\"\r\n     data-ad-slot=\"4008251320\"><\/ins>\r\n<script>\r\n     (adsbygoogle = window.adsbygoogle || []).push({});\r\n<\/script><\/div>\n    A m\u00e1rciusi munkan\u00e9lk\u00fclis\u00e9gi r\u00e1ta, \u00f6sszhangban az elemz\u0151i v\u00e1rakoz\u00e1sokkal, 4,9 sz\u00e1zal\u00e9kra s\u00fcllyedt a febru\u00e1ri 5 sz\u00e1zal\u00e9kr\u00f3l, ami N\u00e9metorsz\u00e1g \u00fajraegyes\u00edt\u00e9se, 1990 \u00f3ta a legalacsonyabb szint.(MTI)<\/p>\n","protected":false},"excerpt":{"rendered":"<p>N\u00e9metorsz\u00e1gban elemz\u0151k \u00e1ltal v\u00e1rtn\u00e1l kev\u00e9sb\u00e9 cs\u00f6kkent a munkan\u00e9lk\u00fcliek sz\u00e1ma m\u00e1rciusban, a munkan\u00e9lk\u00fclis\u00e9gi r\u00e1ta azonban \u00edgy is cs\u00f6kkent, \u00fajabb t\u00f6rt\u00e9nelmi m\u00e9lypontra s\u00fcllyedt.<\/p>\n","protected":false},"author":1,"featured_media":0,"comment_status":"closed","ping_status":"open","sticky":false,"template":"","format":"standard","meta":[],"categories":[12,246],"tags":[],"_links":{"self":[{"href":"https:\/\/gazdasagportal.hu\/index.php\/wp-json\/wp\/v2\/posts\/114773"}],"collection":[{"href":"https:\/\/gazdasagportal.hu\/index.php\/wp-json\/wp\/v2\/posts"}],"about":[{"href":"https:\/\/gazdasagportal.hu\/index.php\/wp-json\/wp\/v2\/types\/post"}],"author":[{"embeddable":true,"href":"https:\/\/gazdasagportal.hu\/index.php\/wp-json\/wp\/v2\/users\/1"}],"replies":[{"embeddable":true,"href":"https:\/\/gazdasagportal.hu\/index.php\/wp-json\/wp\/v2\/comments?post=114773"}],"version-history":[{"count":1,"href":"https:\/\/gazdasagportal.hu\/index.php\/wp-json\/wp\/v2\/posts\/114773\/revisions"}],"predecessor-version":[{"id":114774,"href":"https:\/\/gazdasagportal.hu\/index.php\/wp-json\/wp\/v2\/posts\/114773\/revisions\/114774"}],"wp:attachment":[{"href":"https:\/\/gazdasagportal.hu\/index.php\/wp-json\/wp\/v2\/media?parent=114773"}],"wp:term":[{"taxonomy":"category","embeddable":true,"href":"https:\/\/gazdasagportal.hu\/index.php\/wp-json\/wp\/v2\/categories?post=114773"},{"taxonomy":"post_tag","embeddable":true,"href":"https:\/\/gazdasagportal.hu\/index.php\/wp-json\/wp\/v2\/tags?post=114773"}],"curies":[{"name":"wp","href":"https:\/\/api.w.org\/{rel}","templated":true}]}}