{"id":114755,"date":"2019-03-28T16:31:57","date_gmt":"2019-03-28T15:31:57","guid":{"rendered":"http:\/\/gazdasagportal.hu\/?p=114755"},"modified":"2019-03-28T16:31:57","modified_gmt":"2019-03-28T15:31:57","slug":"kozel-10-os-novekedes-tobb-mint-617-milliard-forint-forgalmat-realizalt-a-spar-2018-ban","status":"publish","type":"post","link":"https:\/\/gazdasagportal.hu\/index.php\/kozel-10-os-novekedes-tobb-mint-617-milliard-forint-forgalmat-realizalt-a-spar-2018-ban\/","title":{"rendered":"K\u00f6zel 10%-os n\u00f6veked\u00e9s: t\u00f6bb mint 617 milli\u00e1rd forint forgalmat realiz\u00e1lt a SPAR 2018-ban"},"content":{"rendered":"<p><strong>A tavalyi \u00e9vet is kiemelked\u0151 teljes\u00edtm\u00e9nnyel z\u00e1rta a SPAR Magyarorsz\u00e1g, nemcsak a k\u00f6zel 10%-os forgalomn\u00f6veked\u00e9s jelent\u0151s eredm\u00e9ny, hanem az is, hogy 32 milli\u00e1rd forintot ford\u00edtott h\u00e1l\u00f3zatfejleszt\u00e9sre a c\u00e9g, ebb\u0151l 6 \u00faj SPAR \u00e1ruh\u00e1z \u00e9p\u00fclt \u00e9s 17 \u00fczletet \u00faj\u00edtott fel. Franchise h\u00e1l\u00f3zat\u00e1nak \u00e9ves forgalma el\u00e9rte a 36 milli\u00e1rd forintot, a Regnum H\u00fas\u00fczem\u00e9 pedig a 36,4 milli\u00e1rdot. 2018 v\u00e9g\u00e9n \u00f6sszesen 555 \u00e1ruh\u00e1z tartozott a SPAR csoporthoz: 348 SPAR \u00e9s City SPAR szupermarket, 33 INTERSPAR hipermarket \u00e9s 174 franchise \u00fczlet. A v\u00e1llalat 617,6 milli\u00e1rd forint forgalmat realiz\u00e1lt tavaly, amely 9,8%-os n\u00f6veked\u00e9s az el\u0151z\u0151 \u00e9vhez k\u00e9pest.<\/strong><!--more--><\/p>\n<div class=\"ads-in-post1\"><div id=\"gazdasagportal.hu_fullbanner_wideboard\"><\/div>\r\n<\/div>\n<p><em>Brutt\u00f3 forgalmi adatok (milli\u00e1rd forint) <\/em><\/p>\n<table>\n<tbody>\n<tr>\n<td width=\"101\"><strong>2013<\/strong><\/td>\n<td width=\"101\"><strong>2014<\/strong><\/td>\n<td width=\"101\"><strong>2015<\/strong><\/td>\n<td width=\"101\"><strong>2016<\/strong><\/td>\n<td width=\"101\"><strong>2017<\/strong><\/td>\n<td width=\"101\"><strong>2018<\/strong><\/td>\n<\/tr>\n<tr>\n<td width=\"101\">454,4<\/td>\n<td width=\"101\">475,2<\/td>\n<td width=\"101\">491,1<\/td>\n<td width=\"101\">516,5<\/td>\n<td width=\"101\">562,5<\/td>\n<td width=\"101\">617,6<\/td>\n<\/tr>\n<\/tbody>\n<\/table>\n<p>&nbsp;<\/p><div id=\"gazda-216587204\" class=\"gazda-tartalomban gazda-entity-placement\"><script async src=\"https:\/\/pagead2.googlesyndication.com\/pagead\/js\/adsbygoogle.js\"><\/script>\r\n<ins class=\"adsbygoogle\"\r\n     style=\"display:block\"\r\n     data-ad-format=\"fluid\"\r\n     data-ad-layout-key=\"-6t+ed+2i-1n-4w\"\r\n     data-ad-client=\"ca-pub-1959107119989764\"\r\n     data-ad-slot=\"4008251320\"><\/ins>\r\n<script>\r\n     (adsbygoogle = window.adsbygoogle || []).push({});\r\n<\/script><\/div>\n<p><strong>\u00daj \u00e9s meg\u00fajul\u00f3 \u00fczletek<\/strong><\/p>\n<p><strong>A SPAR Magyarorsz\u00e1g folyamatosan fejleszti \u00fczleth\u00e1l\u00f3zat\u00e1t, melynek keret\u00e9ben hat \u00faj \u00fczletet adott \u00e1t tavaly: Budapesten, Kecskem\u00e9ten, Gy\u0151rben \u00e9s Erd\u0151kertesen, ezeken k\u00edv\u00fcl tizenhetet \u00faj\u00edtott fel orsz\u00e1gszerte.<\/strong><\/p>\n<p>A k\u00e9t legnagyobb fel\u00faj\u00edt\u00e1s a miskolci Szinvapark Bev\u00e1s\u00e1rl\u00f3k\u00f6zpontban, valamint a budapesti Shopmarkban tal\u00e1lhat\u00f3 INTERSPAR \u00e1ruh\u00e1zak moderniz\u00e1l\u00e1sa volt. A komplex \u00e1talak\u00edt\u00e1sok sor\u00e1n a szerkezetig visszabontott elad\u00f3terek minden elem\u00fckben meg\u00fajultak \u00e9s \u00faj szolg\u00e1ltat\u00e1sokat vezettek be. Ezek k\u00f6z\u00f6tt igazi k\u00fcl\u00f6nlegess\u00e9g mindk\u00e9t helyen az INTERSPAR to Go \u00e9tterem kialak\u00edt\u00e1sa, ahol frissen k\u00e9sz\u00fclt meleg \u00e9teleket, pizz\u00e1kat, grill\u00e9teleket, s\u00fclteket, z\u00f6lds\u00e9geket, sajtokat, szendvicseket, sal\u00e1t\u00e1kat \u00e9s \u00fcd\u00edt\u0151ket v\u00e1s\u00e1rolhatnak az \u00e1ruh\u00e1zba bet\u00e9r\u0151k. A hipermarketek energiafelhaszn\u00e1l\u00e1s\u00e1t takar\u00e9kos, hat\u00e9kony \u00e9s k\u00f6rnyezetk\u00edm\u00e9l\u0151 technol\u00f3gi\u00e1kkal biztos\u00edtj\u00e1k. A k\u00e9t INTERSPAR fel\u00faj\u00edt\u00e1s\u00e1val kapcsolatos nagyberuh\u00e1z\u00e1s mellett az orsz\u00e1g k\u00fcl\u00f6nb\u00f6z\u0151 pontjain tov\u00e1bbi tizen\u00f6t \u00fczletet is \u00e1talak\u00edtott a SPAR az \u00e9v folyam\u00e1n.<\/p>\n<p>&nbsp;<\/p>\n<p>A SPAR partner program eredm\u00e9nyei<\/p>\n<p><strong>A 2012-ben k\u00e9t \u00fczlettel indult, az elm\u00falt hat \u00e9v alatt 174 tag\u00fara b\u0151v\u00fclt<\/strong><strong> franchise h\u00e1l\u00f3zat egy\u00e9rtelm\u0171en sikert\u00f6rt\u00e9netnek sz\u00e1m\u00edt a SPAR Magyarorsz\u00e1g \u00e9let\u00e9ben. <\/strong><\/p>\n<p>Az \u00fczlet\u00e1g mintegy 1500 embernek ad munk\u00e1t, \u00e9ves forgalma pedig meghaladta a 36 milli\u00e1rd forintot. Az elm\u00falt \u00e9vben harminck\u00e9t \u00fczlettel b\u0151v\u00fclt a franchise h\u00e1l\u00f3zat, melynek k\u00f6sz\u00f6nhet\u0151en \u00faj SPAR partner\u00fczletek v\u00e1rj\u00e1k a v\u00e1s\u00e1rl\u00f3kat \u2013 t\u00f6bbek k\u00f6z\u00f6tt &#8211; Budapesten, Adonyban, Duna\u00fajv\u00e1rosban \u00e9s P\u00e9tf\u00fcrd\u0151n, illetve OMV-SPAR express ny\u00edlt a magl\u00f3di, ny\u00e9kl\u00e1dh\u00e1zi, ny\u00edregyh\u00e1zi \u00e9s a v\u00e1ci OMV t\u00f6lt\u0151\u00e1llom\u00e1sokon.<\/p>\n<div class=\"ads-in-post2\"><script async src=\"https:\/\/pagead2.googlesyndication.com\/pagead\/js\/adsbygoogle.js\"><\/script>\r\n<ins class=\"adsbygoogle\"\r\n     style=\"display:block\"\r\n     data-ad-format=\"fluid\"\r\n     data-ad-layout-key=\"-6t+ed+2i-1n-4w\"\r\n     data-ad-client=\"ca-pub-1959107119989764\"\r\n     data-ad-slot=\"4008251320\"><\/ins>\r\n<script>\r\n     (adsbygoogle = window.adsbygoogle || []).push({});\r\n<\/script><\/div>\n&nbsp;<\/p>\n<p>A mag\u00e1nkeresked\u0151k a csatlakoz\u00e1s keret\u00e9ben sz\u00e1mos el\u0151nyt \u00e9lvezhetnek: sz\u00e9les \u00e1ruv\u00e1laszt\u00e9kot, ak\u00e1r heti hatszori \u00e1rusz\u00e1ll\u00edt\u00e1st, kiterjedt marketingt\u00e1mogat\u00e1st \u00e9s prom\u00f3ci\u00f3kat vehetnek ig\u00e9nybe, de a korszer\u0171 informatikai rendszert, valamint a SuperShop h\u0171s\u00e9gprogramot is haszn\u00e1lhatj\u00e1k. Ezen k\u00edv\u00fcl a SPAR saj\u00e1t tulajdon\u00fa bicskei h\u00fas\u00fczem\u00e9b\u0151l kiker\u00fcl\u0151, kiv\u00e1l\u00f3 min\u0151s\u00e9g\u0171, mindig friss \u00e9s kedvez\u0151 \u00e1r\u00fa h\u00fasok a franchise \u00fczletekben is el\u00e9rhet\u0151ek, \u00fajabban pedig az \u00fcll\u0151i SPAR enjoy. convenience \u00fczem k\u00e9nyelmi term\u00e9keivel is gazdag\u00edthatj\u00e1k v\u00e1laszt\u00e9kukat.<\/p>\n<p>&nbsp;<\/p>\n<p>Regnum H\u00fas\u00fczem \u00e9s Oktat\u00f3k\u00f6zpont<\/p>\n<p><strong>A v\u00e1llalat bicskei k\u00f6zpontja ter\u00fclet\u00e9n m\u0171k\u00f6d\u0151 h\u00fas\u00fczem az elm\u00falt tizenn\u00e9gy \u00e9vben \u00e9vr\u0151l \u00e9vre fejl\u0151d\u00f6tt od\u00e1ig, hogy ma m\u00e1r 12 milli\u00f3 kilogramm bontott sert\u00e9s- \u00e9s 1,1 milli\u00f3 kg marhah\u00fas feldolgoz\u00e1sa mellett sajtszeletel\u00e9ssel is foglalkozik (957 tonn\u00e1t darabolt fel tavaly), valamint oktat\u00e1si k\u00f6zpontk\u00e9nt is m\u0171k\u00f6dik.<\/strong><\/p>\n<p>A Regnum H\u00fas\u00fczem l\u00e1tja el a SPAR \u00e9s INTERSPAR egys\u00e9geket kiv\u00e1l\u00f3 min\u0151s\u00e9g\u0171 sert\u00e9s- \u00e9s marhah\u00fassal, valamint egy\u00e9b h\u00fask\u00e9sz\u00edtm\u00e9nyekkel. 2018-ban n\u00e9gy \u00faj term\u00e9ket vezettek be: m\u00e1jus els\u0151 fel\u00e9t\u0151l kolb\u00e1szh\u00fassal t\u00f6lt\u00f6tt dagad\u00f3, sz\u0171zpecsenye, cs\u00e1sz\u00e1rh\u00fas \u00e9s karaj feldolgoz\u00e1ssal b\u0151v\u00fclt a term\u00e9kpaletta. Ezekb\u0151l az\u00f3ta mintegy 40 tonn\u00e1t \u00e9rt\u00e9kes\u00edtett a c\u00e9g \u00e9s a term\u00e9kek osztatlan sikernek \u00f6rvendenek a v\u00e1s\u00e1rl\u00f3k k\u00f6r\u00e9ben.<\/p>\n<p>&nbsp;<\/p>\n<p>\u00daj g\u00e9pekkel is gazdagodott a gy\u00e1r 2018-ban: a sajtdarabol\u00f3 \u00fczembe \u00e1ll\u00edt\u00e1sa heti 15-20 tonna trappista feldarabol\u00e1s\u00e1t \u00e9s csomagol\u00e1s\u00e1t teszi lehet\u0151v\u00e9, a l\u00e1daf\u00f3li\u00e1z\u00f3 g\u00e9p be\u00fczemel\u00e9s\u00e9vel pedig a frissh\u00fas vonal teljes\u00edtm\u00e9nye is n\u00f6vekedett. Novembert\u0151l \u00faj csomagol\u00e1st kaptak a SPAR m\u00e1rkan\u00e9v alatt fut\u00f3 100 grammos, szeletelt, v\u00e9d\u0151g\u00e1zas term\u00e9kek. Szint\u00e9n az \u00e9v utols\u00f3 el\u0151tti h\u00f3napj\u00e1ban \u00e9rt v\u00e9get a fejleszt\u00e9si folyamat, amelynek eredm\u00e9nyek\u00e9nt tisztat\u00e9r-technol\u00f3gi\u00e1val m\u0171k\u00f6d\u0151 helyis\u00e9ggel, valamint \u00faj szeletel\u0151- \u00e9s csomagol\u00f3sorral b\u0151v\u00edtett\u00e9k a szeletel\u0151\u00fczemet. Az egys\u00e9g szakmai m\u0171helyk\u00e9nt is m\u0171k\u00f6dik: gyakorlati lehet\u0151s\u00e9get biztos\u00edt a h\u00fasipari term\u00e9kgy\u00e1rt\u00f3 tanul\u00f3knak a k\u00e9pz\u00e9si id\u0151 teljes h\u00e1rom \u00e9v\u00e9re.<\/p>\n<p>&nbsp;<\/p>\n<p><strong>SPAR enjoy. convenience \u00fczem<\/strong><\/p>\n<p><strong>A SPAR csoport leg\u00fajabb egys\u00e9ge, a SPAR enjoy. convenience \u00fczem 2018 m\u00e1rcius\u00e1ban kezdte meg a m\u0171k\u00f6d\u00e9s\u00e9t. A v\u00e1llalat \u00fcll\u0151i logisztikai k\u00f6zpontj\u00e1nak ter\u00fclet\u00e9n \u00e9p\u00fclt l\u00e9tes\u00edtm\u00e9nyben majon\u00e9zes sal\u00e1t\u00e1k \u00e9s szendvicsek \u00f6ssze\u00e1ll\u00edt\u00e1sa t\u00f6rt\u00e9nik.<\/strong><\/p>\n<p>Az 1500 n\u00e9gyzetm\u00e9teres \u00fczem \u00e9p\u00edt\u00e9se 2017 j\u00falius\u00e1ban kezd\u0151d\u00f6tt, a z\u00f6ldmez\u0151s beruh\u00e1z\u00e1s k\u00f6lts\u00e9gvet\u00e9se mintegy 1,2 milli\u00e1rd forint volt, amelyb\u0151l a technol\u00f3gia \u00e9s a berendez\u00e9sek 300 milli\u00f3 forintba ker\u00fcltek. A legmagasabb \u00e9lelmiszerbiztons\u00e1gi k\u00f6vetelm\u00e9nyeknek megfelel\u0151 l\u00e9tes\u00edtm\u00e9ny k\u00e9t csomagol\u00f3sorral kezdte meg m\u0171k\u00f6d\u00e9s\u00e9t. A v\u00e1llalat az orsz\u00e1g \u00f6sszes SPAR, City SPAR \u00e9s INTERSPAR \u00e1ruh\u00e1z\u00e1t ell\u00e1tja az \u00dcll\u0151n k\u00e9sz\u00fcl\u0151 min\u0151s\u00e9gi term\u00e9kekkel.<\/p>\n<p>&nbsp;<\/p>\n<p>A SPAR Magyarorsz\u00e1g az enjoy. m\u00e1rkan\u00e9v alatt a convenience \u00fczemben gy\u00e1rtott szendvicsek \u00e9s sal\u00e1t\u00e1k mellett tov\u00e1bbi term\u00e9keket is bevezetett az \u00e9v sor\u00e1n. Az alapk\u00edn\u00e1lat mellett most m\u00e1r sal\u00e1ta\u00f6ntetek, h\u0171t\u00f6tt levesek, tortaszeletek, h\u00fask\u00e9sz\u00edtm\u00e9nyek, p\u00e9k\u00e1ruk, valamint k\u00e1v\u00e9k \u00e9s probiotikus joghurtitalok is kaphat\u00f3ak az \u00fczletekben.<\/p>\n<p>&nbsp;<\/p>\n<p><strong>Saj\u00e1t m\u00e1rk\u00e1s term\u00e9kek<\/strong><\/p>\n<p><strong>A v\u00e1llalat \u00e9vek \u00f3ta folyamatosan b\u0151v\u00edti saj\u00e1t m\u00e1rk\u00e1s k\u00edn\u00e1lat\u00e1t, nemcsak mennyis\u00e9g\u00e9ben, hanem \u00f6sszet\u00e9tel\u00e9ben is. Az elm\u00falt \u00e9vben is sz\u00e1mos kateg\u00f3ri\u00e1ban gazdagodott a v\u00e1laszt\u00e9k, \u00edgy t\u00f6bbek k\u00f6z\u00f6tt n\u0151tt a k\u00e9nyelmi \u00e9s eg\u00e9szs\u00e9gtudatos term\u00e9kek sz\u00e1ma.<\/strong><\/p>\n<p>M\u00e1r 2700 k\u00fcl\u00f6nb\u00f6z\u0151 saj\u00e1t m\u00e1rk\u00e1s \u00e1rucikkb\u0151l v\u00e1logathatnak a v\u00e1s\u00e1rl\u00f3k a SPAR h\u00e1l\u00f3zat\u00e1ban. A magas min\u0151s\u00e9g \u00e9s a kedvez\u0151 \u00e1r-\u00e9rt\u00e9k ar\u00e1ny minden ter\u00fcleten jellemz\u0151. T\u00f6bb term\u00e9k informat\u00edvabb csomagol\u00e1st is kapott tavaly: egyedi arculat\u00faak lettek a Regio k\u00e1v\u00e9k, a SPAR m\u00e1rkacsal\u00e1d h\u00fask\u00e9sz\u00edtm\u00e9nyei, valamint a SPAR tart\u00f3s \u00e9lelmiszerek, mint p\u00e9ld\u00e1ul a konzervek, bef\u0151ttek \u00e9s savany\u00fas\u00e1gok.<\/p>\n<p>&nbsp;<\/p>\n<p>Az S-Budget term\u00e9kcsal\u00e1d &#8211; 2008-as bevezet\u00e9se \u00f3ta &#8211; gyorsan n\u00e9pszer\u0171v\u00e9 v\u00e1lt a v\u00e1s\u00e1rl\u00f3k k\u00f6r\u00e9ben, hiszen rendk\u00edv\u00fcl kedvez\u0151 \u00e1r-\u00e9rt\u00e9k ar\u00e1nyban k\u00edn\u00e1lja a h\u00e1ztart\u00e1sok sz\u00e1m\u00e1ra n\u00e9lk\u00fcl\u00f6zhetetlen term\u00e9keket. A 2018-ban t\u00edzedik sz\u00fclet\u00e9snapj\u00e1t \u00fcnnepl\u0151 S-Budget m\u00e1rka term\u00e9kei a SPAR legkeresettebb \u00e1rucikkei k\u00f6z\u00e9 tartoznak. A SPAR tavalyi \u00e1rbev\u00e9tel\u00e9nek 25 sz\u00e1zal\u00e9k\u00e1t a saj\u00e1t m\u00e1rk\u00e1s term\u00e9kek kereskedelme tette ki.<\/p>\n<p>&nbsp;<\/p>\n<p><strong>Kiemelt szerepben a munkav\u00e1llal\u00f3k<\/strong><\/p>\n<p><strong>A SPAR-csal\u00e1dban minden dolgoz\u00f3nak fontos szerep jut. Megbecs\u00fcl\u00e9s\u00fck jelek\u00e9nt a v\u00e1llalat \u00e9vek \u00f3ta t\u00f6rekszik arra, hogy versenyk\u00e9pes j\u00f6vedelmet biztos\u00edtson, valamint kiemelt figyelmet ford\u00edt a munkaer\u0151 megtart\u00e1s\u00e1ra is. <\/strong><\/p>\n<p>A c\u00e9g \u2013 a kereskedelmi v\u00e1llalatok k\u00f6z\u00fcl egyed\u00fcl\u00e1ll\u00f3 m\u00f3don &#8211; 13. havi fizet\u00e9st biztos\u00edt alkalmazottainak \u00e9s k\u00e9t \u00e9ve bevezette a SPAR h\u0171s\u00e9gprogramot, amelynek l\u00e9nyege, hogy a v\u00e1llalatn\u00e1l elt\u00f6lt\u00f6tt \u00e9vekkel egyenesen ar\u00e1nyosan n\u0151 a b\u00e9ren k\u00edv\u00fcli juttat\u00e1sok nagys\u00e1ga.<\/p>\n<p>&nbsp;<\/p>\n<p>A dolgoz\u00f3k sz\u00e1mos kedvez\u0151 lehet\u0151s\u00e9ggel \u00e9lhetnek: a saj\u00e1t \u00fczletekben 5%, kiemelt id\u0151szakokban (pl.: kar\u00e1csonykor) pedig 10% engedm\u00e9nnyel v\u00e1s\u00e1rolhatnak, emellett kedvez\u0151 banksz\u00e1mlacsomagok, biztos\u00edt\u00e1si csomagaj\u00e1nlatok, alacsony mobiltelefon-el\u0151fizet\u00e9si d\u00edjak \u00e9s kedvezm\u00e9nyes \u00fcd\u00fcl\u00e9si lehet\u0151s\u00e9gek vehet\u0151k ig\u00e9nybe valamennyi munkat\u00e1rs \u00e1ltal.<\/p>\n<p>&nbsp;<\/p>\n<p>Szeptemberben online k\u00e9rd\u0151\u00edves el\u00e9gedetts\u00e9g felm\u00e9r\u00e9st v\u00e9gzett a SPAR a munkav\u00e1llal\u00f3i k\u00f6r\u00e9ben, melynek keret\u00e9ben mindenkinek lehet\u0151s\u00e9ge ny\u00edlt elmondani a v\u00e9lem\u00e9ny\u00e9t arr\u00f3l, milyen a c\u00e9gn\u00e9l dolgozni. K\u00e9t h\u00e9t alatt 9 640-en, a v\u00e1llalatn\u00e1l dolgoz\u00f3k 79%-a osztotta meg a v\u00e9lem\u00e9ny\u00e9t a SPAR-r\u00f3l, mint munk\u00e1ltat\u00f3r\u00f3l.<\/p>\n<p>&nbsp;<\/p>\n<p>A kor\u00e1bbi \u00e9vek hagyom\u00e1nyaihoz h\u00edven a c\u00e9g vezet\u00e9se tavaly is az Arany Feny\u0151 verseny keret\u00e9ben d\u00edjazta a szakmai ter\u00fcletek legjobb munkat\u00e1rsait. Nemcsak a logisztika \u00e9s a h\u00fas\u00fczem kiemelked\u0151 dolgoz\u00f3it v\u00e1lasztott\u00e1k ki, hanem a h\u00e1l\u00f3zat \u00fczletei k\u00f6zti verseng\u00e9s legjobbjait is.<\/p>\n<p>&nbsp;<\/p>\n<p>Azok sz\u00e1m\u00e1ra, akik 15, 25 vagy 40 \u00e9ve \u00e1llnak a c\u00e9g alkalmaz\u00e1s\u00e1ban, minden \u00e9vben \u00fcnnep\u00e9lyes keretek k\u00f6z\u00f6tt mond k\u00f6sz\u00f6netet a SPAR vezet\u0151s\u00e9ge, valamint kifejezi megbecs\u00fcl\u00e9s\u00e9t a nyugd\u00edjba vonul\u00f3k fel\u00e9 is. 2018-ban t\u00f6bb mint 400 dolgoz\u00f3 vehette \u00e1t aj\u00e1nd\u00e9k\u00e1t.<\/p>\n<p>Nem csup\u00e1n a munkat\u00e1rsakra, hanem azok csal\u00e1dj\u00e1ra is gondol a c\u00e9g: h\u00e1rom turnusban k\u00f6zel \u00f6tsz\u00e1z gyermek t\u00e1borozhatott ingyen, vagy kedvezm\u00e9nyesen a c\u00e9g j\u00f3volt\u00e1b\u00f3l. A v\u00e9rtesbogl\u00e1ri \u00fcd\u00fcl\u0151ben nemcsak a sz\u00e1ll\u00e1s \u00e9s az \u00e9tkez\u00e9s volt d\u00edjmentes, de a gyermekek utaztat\u00e1s\u00e1t is a SPAR biztos\u00edtotta.<\/p>\n<p>&nbsp;<\/p>\n<p>A c\u00e9g k\u00f6zpontj\u00e1ban, a logisztikai rakt\u00e1rakban \u00e9s a h\u00fas\u00fczemben dolgoz\u00f3k minden h\u00e9t elej\u00e9n friss gy\u00fcm\u00f6lcs\u00f6t ehetnek ingyenesen az \u00e9tkezd\u00e9kben, az \u00fczleth\u00e1l\u00f3zat munkat\u00e1rsai pedig elfogyaszthatj\u00e1k a d\u00e9lut\u00e1n megmaradt, helyben s\u00fct\u00f6tt p\u00e9k\u00e1rut \u00e9s a lev\u00e1logatott z\u00f6lds\u00e9g-gy\u00fcm\u00f6lcs\u00f6t.<\/p>\n<p><strong>\u00a0<\/strong><\/p>\n<p><strong>Egy\u00fctt k\u00f6nnyebb<\/strong><\/p>\n<p><strong>A t\u00e1rsadalmilag jelent\u0151s \u00fcgyekben r\u00e9szt vev\u0151 k\u00f6z\u00f6ss\u00e9gek t\u00e1mogat\u00e1s\u00e1ra \u00e9vek \u00f3ta nagy hangs\u00falyt fektet a SPAR Magyarorsz\u00e1g. 2018-ban k\u00f6zel 134 milli\u00f3 forintot ford\u00edtott t\u00e1rsadalmi c\u00e9l\u00fa kezdem\u00e9nyez\u00e9sekre \u00e9s j\u00f3t\u00e9konys\u00e1gi c\u00e9lokra.<\/strong><\/p>\n<p>A SPAR t\u00f6bb mint h\u00fasz \u00e9ve t\u00e1mogatja a Magyar M\u00e1ltai Szeretetszolg\u00e1latot, \u00e9s rajtuk kereszt\u00fcl seg\u00edti a n\u00e9lk\u00fcl\u00f6z\u00e9sben \u00e9l\u0151ket. A kar\u00e1csony el\u0151tti hagyom\u00e1nyos Adni \u00d6r\u00f6m! elnevez\u00e9s\u0171 akci\u00f3juk keret\u00e9ben 2018-ban 284 tonna tart\u00f3s \u00e9lelmiszer gy\u0171lt \u00f6ssze az adom\u00e1nyokb\u00f3l.\u00a0 A SPAR \u00e9s INTERSPAR \u00e1ruh\u00e1zak p\u00e9nzt\u00e1rain\u00e1l megv\u00e1s\u00e1rolhat\u00f3 \u201eM\u00e1ltai Adom\u00e1nyk\u00e1rty\u00e1k\u201d seg\u00edts\u00e9g\u00e9vel a v\u00e1s\u00e1rl\u00f3knak \u00e9v k\u00f6zben is van lehet\u0151s\u00e9ge t\u00e1mogatni a legszeg\u00e9nyebb csal\u00e1dokban \u00e9l\u0151ket. 2018-ban az eladott k\u00e1rty\u00e1kb\u00f3l k\u00f6zel 14 milli\u00f3 forint folyt be. Az \u00fczletekben megv\u00e1s\u00e1rolt szalagf\u00fcles t\u00e1sk\u00e1k ut\u00e1n tov\u00e1bbi 6,5 milli\u00f3 forintot utalt \u00e1t a SPAR a Szeretetszolg\u00e1latnak.<\/p>\n<p>&nbsp;<\/p>\n<p>Nem csak a jelent\u0151s m\u00falttal \u00e9s t\u00e1mogat\u00e1ssal rendelkez\u0151 szervezetekre figyel oda a SPAR: k\u00fcls\u0151 p\u00e1ly\u00e1zati rendszer\u00e9n kereszt\u00fcl csaknem 5,3 milli\u00f3 forintot osztott sz\u00e9t t\u00f6bb mint 70 kisebb alap\u00edtv\u00e1ny \u00e9s egyes\u00fclet k\u00f6z\u00f6tt, ezzel t\u00e1mogatva a helyi kezdem\u00e9nyez\u00e9seket. A programr\u00f3l b\u0151vebben a <a href=\"http:\/\/www.sparsegitokezek.hu\" target=\"_blank\" rel=\"noopener\">www.sparsegitokezek.hu<\/a> oldalon lehet olvasni.<\/p>\n<p>&nbsp;<\/p>\n<p>A c\u00e9g lehet\u0151s\u00e9get biztos\u00edt \u00e1ruh\u00e1zaiban adom\u00e1nyok gy\u0171jt\u00e9s\u00e9re is, a Tegy\u00fcnk a Leuk\u00e9mi\u00e1s Gyermekek\u00e9rt Alap\u00edtv\u00e1ny k\u00e9pvisel\u0151i \u00e9vek \u00f3ta jelen vannak meghat\u00e1rozott napokon a SPAR \u00e9s INTERSPAR \u00fczletekben. A v\u00e1s\u00e1rl\u00f3k nagylelk\u0171 t\u00e1mogat\u00e1s\u00e1t az \u00f6nk\u00e9ntesek lufib\u00f3l hajtogatott figur\u00e1kkal k\u00f6sz\u00f6nik meg.<\/p>\n<p>&nbsp;<\/p>\n<p>A c\u00e9gcsoport kiemelt figyelmet ford\u00edt a megv\u00e1ltozott munkak\u00e9pess\u00e9g\u0171 koll\u00e9g\u00e1k beilleszked\u00e9s\u00e9re \u00e9s a hossz\u00fa t\u00e1v\u00fa foglalkoztat\u00e1sukra. Es\u00e9lyegyenl\u0151s\u00e9gi referenst alkalmaz, valamint \u00e9rz\u00e9keny\u00edt\u0151 tr\u00e9ningeket is tart a munkat\u00e1rsaknak. Ezeken k\u00edv\u00fcl folyamatosan keresi azokat a t\u00e1mogat\u00e1si form\u00e1kat, amelyekkel el\u0151seg\u00edtheti a fogyat\u00e9kkal \u00e9l\u0151k es\u00e9lyegyenl\u0151s\u00e9g\u00e9nek megteremt\u00e9s\u00e9t. A SPAR k\u00e9t \u00e9ve egy\u00fcttm\u0171k\u00f6dik egy autista fiatalokkal foglalkoz\u00f3 nonprofit szervezettel, a t\u00f3tv\u00e1zsonyi Janka Tany\u00e1val. A veszpr\u00e9mi INTERSPAR munkat\u00e1rsai heti k\u00e9t alkalommal fogadj\u00e1k a fiatalokat, akik fejleszt\u0151 pedag\u00f3gusaik mentor\u00e1l\u00e1s\u00e1val k\u00fcl\u00f6nb\u00f6z\u0151 feladatokat l\u00e1tnak el az \u00e1ruh\u00e1zban.<\/p>\n<p>A SPAR a f\u0151t\u00e1mogat\u00f3ja k\u00e9t nagyszab\u00e1s\u00fa f\u0151v\u00e1rosi rendezv\u00e9nynek: a SPAR Budapest Maratonnak, valamint a Budapest Borfesztiv\u00e1lnak. Magyarorsz\u00e1g legnagyobb szabadid\u0151s sportrendezv\u00e9nye minden \u00e9vben t\u00f6bb t\u00edzezer ember r\u00e9szv\u00e9tel\u00e9vel hirdeti az eg\u00e9szs\u00e9ges \u00e9letm\u00f3dot, de emellett a t\u00e1rsadalmi felel\u0151ss\u00e9gv\u00e1llal\u00e1snak is teret ad. A Budapest Borfesztiv\u00e1lnak szint\u00e9n r\u00e9sze a j\u00f3t\u00e9konykod\u00e1s: hagyom\u00e1nyos z\u00e1r\u00f3esem\u00e9ny a j\u00f3t\u00e9konys\u00e1gi bor\u00e1rver\u00e9s, amely sor\u00e1n ritkas\u00e1gokat aj\u00e1nlanak fel a fesztiv\u00e1lon ki\u00e1ll\u00edt\u00f3 bor\u00e1szok, pinc\u00e9szetek. Az \u00e1rver\u00e9sen befolyt \u00f6sszeget minden \u00e9vben a Magyar M\u00e1ltai Szeretetszolg\u00e1lat egy meghat\u00e1rozott programj\u00e1nak t\u00e1mogat\u00e1s\u00e1ra ford\u00edtj\u00e1k.<\/p>\n<p><strong>Egyre z\u00f6ldebb a SPAR<\/strong><\/p>\n<p><strong>A hullad\u00e9kkezel\u00e9st\u0151l a logisztik\u00e1n \u00e1t a rekl\u00e1mtev\u00e9kenys\u00e9gig a SPAR teljes m\u0171k\u00f6d\u00e9s\u00e9re jellemz\u0151 a k\u00f6rnyezettudatoss\u00e1g. A v\u00e1llalat egyed\u00fcl\u00e1ll\u00f3 sz\u00e1mokkal b\u00fcszk\u00e9lkedhet: 2018-ban a pap\u00edr kibocs\u00e1t\u00e1si mennyis\u00e9g\u00e9nek 335%-\u00e1t, a m\u0171anyag kibocs\u00e1t\u00e1s\u00e1nak 95%-\u00e1t gy\u0171jt\u00f6tte vissza \u00e9s gondoskodott az anyagok \u00fajrahasznos\u00edt\u00e1s\u00e1r\u00f3l.<\/strong><\/p>\n<p>A tudatosan tervezett k\u00f6rnyezetv\u00e9delem a v\u00e1llalat \u00fczleth\u00e1l\u00f3zat\u00e1ban, a logisztikai k\u00f6zpontban, az \u00e9lelmiszeripari \u00fczemekben \u00e9s a c\u00e9gk\u00f6zpontban is a mindennapok r\u00e9sze. A bels\u0151 fejleszt\u00e9si program c\u00e9lja, hogy jelent\u0151sen cs\u00f6kkenjen a felhaszn\u00e1lt m\u0171anyag csomagol\u00e1sok \u00e9s eladott m\u0171anyagb\u00f3l k\u00e9sz\u00fclt term\u00e9kek mennyis\u00e9ge. Jelenleg m\u00e1r csak k\u00e9tfajta m\u0171anyag bev\u00e1s\u00e1rl\u00f3t\u00e1sk\u00e1val tal\u00e1lkozhatnak a v\u00e1s\u00e1rl\u00f3k, a c\u00e9g ugyanis egyre t\u00f6bb k\u00f6rnyezetk\u00edm\u00e9l\u0151 megold\u00e1st alkalmaz: pap\u00edr szalagf\u00fcles t\u00e1ska, pap\u00edr h\u0171t\u0151t\u00e1ska, valamint t\u00f6bbsz\u00f6r haszn\u00e1latos k\u00f6rnyezetbar\u00e1t t\u00e1ska k\u00f6z\u00fcl v\u00e1laszthatnak az \u00fczletekbe bet\u00e9r\u0151k. A tavalyi \u00e9v \u00fajdons\u00e1ga pedig a leboml\u00f3, komposzt\u00e1lhat\u00f3 t\u00e1sk\u00e1k, valamint tov\u00e1bbi PP- \u00e9s RPET-t\u00edpus\u00fa, k\u00f6rnyezetbar\u00e1t t\u00e1sk\u00e1k bevezet\u00e9se volt.<\/p>\n<p>&nbsp;<\/p>\n<p>A SPAR \u2013 figyelembe v\u00e9ve a n\u00f6vekv\u0151 fogyaszt\u00f3i ig\u00e9nyt \u2013 az \u00fczleth\u00e1l\u00f3zat\u00e1ban kiterjesztette a hullad\u00e9k\u00fcveg-gy\u0171jt\u0151 szolg\u00e1ltat\u00e1s\u00e1t: a v\u00e1s\u00e1rl\u00f3k nemcsak a bet\u00e9td\u00edjas, hanem az egyszer haszn\u00e1latos \u00fcvegeket is leadhatj\u00e1k v\u00e1s\u00e1rl\u00e1saik sor\u00e1n az \u00fczletekben elhelyezett szelekt\u00edv hullad\u00e9kgy\u0171jt\u0151kben &#8211; 2018-ban ennek mennyis\u00e9ge 583 tonna volt.<\/p>\n<p>&nbsp;<\/p>\n<p>A fenntarthat\u00f3s\u00e1gra t\u00f6rekv\u00e9s ter\u00fclet\u00e9n is szeretne \u00e9len j\u00e1rni a c\u00e9g, ez\u00e9rt csatlakozott a Central Europe STREFOWA eur\u00f3pai uni\u00f3s projekthez, melynek keret\u00e9ben \u00e9vente t\u00f6bb alkalommal takar\u00e9kosabb \u00e9s gazdas\u00e1gosabb \u00e9lelmiszer felhaszn\u00e1l\u00e1sra buzd\u00edtja a v\u00e1s\u00e1rl\u00f3kat. Emellett a megfelel\u0151 enged\u00e9lyekkel rendelkez\u0151 \u00e1llatv\u00e9d\u0151 szervezeteknek, \u00e1llatmenhelyeknek, \u00e1llatkerteknek adom\u00e1nyozz\u00e1k azon \u00e9lelmiszereket, melyek emberi adom\u00e1nyoz\u00e1sra m\u00e1r nem, de \u00e1llati fogyaszt\u00e1sra m\u00e9g alkalmasak. A v\u00e1llalat 2018-ban 119 \u00e1llatszervezetet 2700 tonna \u00e9lelmiszeradom\u00e1nnyal t\u00e1mogatott.<\/p>\n","protected":false},"excerpt":{"rendered":"<p>A tavalyi \u00e9vet is kiemelked\u0151 teljes\u00edtm\u00e9nnyel z\u00e1rta a SPAR Magyarorsz\u00e1g, nemcsak a k\u00f6zel 10%-os forgalomn\u00f6veked\u00e9s jelent\u0151s eredm\u00e9ny, hanem az is, hogy 32 milli\u00e1rd forintot ford\u00edtott h\u00e1l\u00f3zatfejleszt\u00e9sre a c\u00e9g, ebb\u0151l 6 \u00faj SPAR \u00e1ruh\u00e1z \u00e9p\u00fclt \u00e9s 17 \u00fczletet \u00faj\u00edtott fel. Franchise h\u00e1l\u00f3zat\u00e1nak \u00e9ves forgalma el\u00e9rte a 36 milli\u00e1rd forintot, a Regnum H\u00fas\u00fczem\u00e9 pedig a 36,4 milli\u00e1rdot. &#8230;<\/p>\n","protected":false},"author":1,"featured_media":0,"comment_status":"closed","ping_status":"open","sticky":false,"template":"","format":"standard","meta":[],"categories":[19],"tags":[],"_links":{"self":[{"href":"https:\/\/gazdasagportal.hu\/index.php\/wp-json\/wp\/v2\/posts\/114755"}],"collection":[{"href":"https:\/\/gazdasagportal.hu\/index.php\/wp-json\/wp\/v2\/posts"}],"about":[{"href":"https:\/\/gazdasagportal.hu\/index.php\/wp-json\/wp\/v2\/types\/post"}],"author":[{"embeddable":true,"href":"https:\/\/gazdasagportal.hu\/index.php\/wp-json\/wp\/v2\/users\/1"}],"replies":[{"embeddable":true,"href":"https:\/\/gazdasagportal.hu\/index.php\/wp-json\/wp\/v2\/comments?post=114755"}],"version-history":[{"count":1,"href":"https:\/\/gazdasagportal.hu\/index.php\/wp-json\/wp\/v2\/posts\/114755\/revisions"}],"predecessor-version":[{"id":114756,"href":"https:\/\/gazdasagportal.hu\/index.php\/wp-json\/wp\/v2\/posts\/114755\/revisions\/114756"}],"wp:attachment":[{"href":"https:\/\/gazdasagportal.hu\/index.php\/wp-json\/wp\/v2\/media?parent=114755"}],"wp:term":[{"taxonomy":"category","embeddable":true,"href":"https:\/\/gazdasagportal.hu\/index.php\/wp-json\/wp\/v2\/categories?post=114755"},{"taxonomy":"post_tag","embeddable":true,"href":"https:\/\/gazdasagportal.hu\/index.php\/wp-json\/wp\/v2\/tags?post=114755"}],"curies":[{"name":"wp","href":"https:\/\/api.w.org\/{rel}","templated":true}]}}