{"id":114714,"date":"2019-03-27T20:51:46","date_gmt":"2019-03-27T19:51:46","guid":{"rendered":"http:\/\/gazdasagportal.hu\/?p=114714"},"modified":"2019-03-27T20:51:46","modified_gmt":"2019-03-27T19:51:46","slug":"ader-minel-tovabb-varunk-a-klimadontesekkel-annal-nagyobb-arat-fizetunk-majd","status":"publish","type":"post","link":"https:\/\/gazdasagportal.hu\/index.php\/ader-minel-tovabb-varunk-a-klimadontesekkel-annal-nagyobb-arat-fizetunk-majd\/","title":{"rendered":"\u00c1der: min\u00e9l tov\u00e1bb v\u00e1runk a kl\u00edmad\u00f6nt\u00e9sekkel, ann\u00e1l nagyobb \u00e1rat fizet\u00fcnk majd"},"content":{"rendered":"<p><strong>Min\u00e9l tov\u00e1bb v\u00e1runk a kl\u00edmav\u00e1ltoz\u00e1s megf\u00e9kez\u00e9se \u00e9rdek\u00e9ben sz\u00fcks\u00e9ges d\u00f6nt\u00e9sekkel, ann\u00e1l nagyobb \u00e1rat fizet azok\u00e9rt az emberis\u00e9g &#8211; mondta \u00c1der J\u00e1nos k\u00f6zt\u00e1rsas\u00e1gi eln\u00f6k, miut\u00e1n a Massachusettsi M\u0171szaki Egyetem (MIT) fenntarthat\u00f3s\u00e1ggal foglalkoz\u00f3 kutat\u00f3ival tal\u00e1lkozott szerd\u00e1n az egyes\u00fclt \u00e1llamokbeli Bostonban.<\/strong><!--more--><\/p>\n<div class=\"ads-in-post1\"><div id=\"gazdasagportal.hu_fullbanner_wideboard\"><\/div>\r\n<\/div>\n<p>    Az \u00e1llamf\u0151 a tal\u00e1lkoz\u00f3t k\u00f6vet\u0151en \u00fajs\u00e1g\u00edr\u00f3knak nyilatkozva elmondta: a t\u00f6bb mint 130, fenntarthat\u00f3s\u00e1ggal kapcsolatos kurzust hirdet\u0151 egyetem professzorai az emberis\u00e9get vesz\u00e9lyeztet\u0151 legnagyobb fenyeget\u00e9snek \u00edt\u00e9lt\u00e9k a kl\u00edmav\u00e1ltoz\u00e1st, amelynek k\u00f6vetkezm\u00e9nyeit azonban sokan, k\u00f6zt\u00fck a politikusok is al\u00e1becs\u00fclik.<br \/>\n    \u00c1der J\u00e1nos a tud\u00f3sok v\u00e9lem\u00e9ny\u00e9t is tolm\u00e1csolva ill\u00fazi\u00f3nak nevezte, hogy a probl\u00e9ma megold\u00e1sa halogathat\u00f3, hiszen &#8222;az ajt\u00f3nkon d\u00f6r\u00f6mb\u00f6l\u0151 v\u00edzv\u00e1ls\u00e1gok&#8221; m\u00e1r most is jelent\u0151sen rontj\u00e1k az \u00e9lelmiszerell\u00e1t\u00e1s felt\u00e9teleit. Mindennek s\u00falyos gazdas\u00e1gi, politikai \u00e9s t\u00e1rsadalmi k\u00f6vetkezm\u00e9nyei v\u00e1rhat\u00f3k &#8211; \u00e9rt\u00e9kelt\u00e9k a vil\u00e1gnak csaknem kilencven Nobel-d\u00edjas tud\u00f3st ad\u00f3 egyetem kutat\u00f3i.<br \/>\n    A v\u00edz hi\u00e1nya egyes afrikai vagy \u00e1zsiai orsz\u00e1gokban a nemzeti j\u00f6vedelem n\u00f6veked\u00e9s\u00e9t ak\u00e1r 10-15 sz\u00e1zal\u00e9kkal is visszavetheti &#8211; fejtette ki. A jelens\u00e9g egy jelent\u0151s lakoss\u00e1gsz\u00e1m-n\u00f6veked\u00e9s mellett \u00e9lelmez\u00e9si v\u00e1ls\u00e1got eredm\u00e9nyezhet, amelynek k\u00f6vetkezm\u00e9nye a MIT professzorai szerint a politikai fesz\u00fclts\u00e9gek \u00e9lesed\u00e9se, h\u00e1bor\u00fas helyezetek kialakul\u00e1sa, v\u00e9gs\u0151 soron pedig a migr\u00e1ci\u00f3 er\u0151s\u00f6d\u00e9se lesz.<br \/>\n    R\u00e1mutatott: India \u00e9s Pakiszt\u00e1n k\u00f6zelm\u00faltban tapasztalt konfliktusa is a k\u00f6z\u00f6s v\u00edzgy\u0171jt\u0151 ter\u00fclet haszn\u00e1lat\u00e1ra vezethet\u0151 vissza, amelyb\u0151l a k\u00e9t orsz\u00e1g egyre n\u00f6vekv\u0151 n\u00e9pess\u00e9ge m\u00e1r nem l\u00e1that\u00f3 el megfelel\u0151en. Hozz\u00e1juk hasonl\u00f3an a F\u00f6ld lakoss\u00e1g\u00e1nak nagy r\u00e9sze osztozik k\u00f6z\u00f6s v\u00edzgy\u0171jt\u0151 ter\u00fcleten, ami \u00fajabb \u00e9s \u00fajabb konfliktusokat eredm\u00e9nyezhet &#8211; vet\u00edtette el\u0151re az \u00e1llamf\u0151.<br \/>\n<div class=\"ads-in-post2\"><script async src=\"https:\/\/pagead2.googlesyndication.com\/pagead\/js\/adsbygoogle.js\"><\/script>\r\n<ins class=\"adsbygoogle\"\r\n     style=\"display:block\"\r\n     data-ad-format=\"fluid\"\r\n     data-ad-layout-key=\"-6t+ed+2i-1n-4w\"\r\n     data-ad-client=\"ca-pub-1959107119989764\"\r\n     data-ad-slot=\"4008251320\"><\/ins>\r\n<script>\r\n     (adsbygoogle = window.adsbygoogle || []).push({});\r\n<\/script><\/div>\n    Mindezek miatt sz\u00fcks\u00e9ges a kutat\u00e1sok felgyors\u00edt\u00e1sa. Az energiabiztons\u00e1g \u00e9rdek\u00e9ben p\u00e9ld\u00e1ul meg kell oldani az \u00e1tmenetileg felesleges nap- \u00e9s sz\u00e9lenergia t\u00e1rol\u00e1s\u00e1t, vagy a mez\u0151gazdas\u00e1gi termel\u00e9s v\u00edzig\u00e9ny\u00e9nek cs\u00f6kkent\u00e9s\u00e9t. Ugyancsak \u00e9get\u0151 k\u00e9rd\u00e9s a leveg\u0151ben l\u00e9v\u0151 nagy mennyis\u00e9g\u0171 sz\u00e9n-dioxid kivon\u00e1s\u00e1t, amelyre azonban a tudom\u00e1ny m\u00e9g nem adott hat\u00e9kony megold\u00e1st.<br \/>\n    A fejleszt\u00e9seket a leggazdagabb orsz\u00e1gok k\u00e9pesek finansz\u00edrozni, hiszen ott vannak a megfelel\u0151 gazdas\u00e1gi er\u0151forr\u00e1sok \u00e9s a tudom\u00e1nyos h\u00e1tt\u00e9r is &#8211; \u00e9rt\u00e9kelte a k\u00f6zt\u00e1rsas\u00e1gi eln\u00f6k. Megjegyezte ugyanakkor azt is: a helyzet kialakul\u00e1s\u00e1\u00e9rt is ezeknek az orsz\u00e1goknak van a legnagyobb t\u00f6rt\u00e9nelmi felel\u0151ss\u00e9ge.<br \/>\n    \u00c1der J\u00e1nos szerint b\u00edzni csak a nemzetk\u00f6zi meg\u00e1llapod\u00e1sokban lehet, a t\u00f6bbi k\u00f6zt a P\u00e1rizsi kl\u00edmaegyezm\u00e9ny kiterjeszt\u00e9s\u00e9ben.(MTI)<\/p>\n","protected":false},"excerpt":{"rendered":"<p>Min\u00e9l tov\u00e1bb v\u00e1runk a kl\u00edmav\u00e1ltoz\u00e1s megf\u00e9kez\u00e9se \u00e9rdek\u00e9ben sz\u00fcks\u00e9ges d\u00f6nt\u00e9sekkel, ann\u00e1l nagyobb \u00e1rat fizet azok\u00e9rt az emberis\u00e9g &#8211; mondta \u00c1der J\u00e1nos k\u00f6zt\u00e1rsas\u00e1gi eln\u00f6k, miut\u00e1n a Massachusettsi M\u0171szaki Egyetem (MIT) fenntarthat\u00f3s\u00e1ggal foglalkoz\u00f3 kutat\u00f3ival tal\u00e1lkozott szerd\u00e1n az egyes\u00fclt \u00e1llamokbeli Bostonban.<\/p>\n","protected":false},"author":1001003,"featured_media":0,"comment_status":"closed","ping_status":"open","sticky":false,"template":"","format":"standard","meta":[],"categories":[4],"tags":[],"_links":{"self":[{"href":"https:\/\/gazdasagportal.hu\/index.php\/wp-json\/wp\/v2\/posts\/114714"}],"collection":[{"href":"https:\/\/gazdasagportal.hu\/index.php\/wp-json\/wp\/v2\/posts"}],"about":[{"href":"https:\/\/gazdasagportal.hu\/index.php\/wp-json\/wp\/v2\/types\/post"}],"author":[{"embeddable":true,"href":"https:\/\/gazdasagportal.hu\/index.php\/wp-json\/wp\/v2\/users\/1001003"}],"replies":[{"embeddable":true,"href":"https:\/\/gazdasagportal.hu\/index.php\/wp-json\/wp\/v2\/comments?post=114714"}],"version-history":[{"count":1,"href":"https:\/\/gazdasagportal.hu\/index.php\/wp-json\/wp\/v2\/posts\/114714\/revisions"}],"predecessor-version":[{"id":114715,"href":"https:\/\/gazdasagportal.hu\/index.php\/wp-json\/wp\/v2\/posts\/114714\/revisions\/114715"}],"wp:attachment":[{"href":"https:\/\/gazdasagportal.hu\/index.php\/wp-json\/wp\/v2\/media?parent=114714"}],"wp:term":[{"taxonomy":"category","embeddable":true,"href":"https:\/\/gazdasagportal.hu\/index.php\/wp-json\/wp\/v2\/categories?post=114714"},{"taxonomy":"post_tag","embeddable":true,"href":"https:\/\/gazdasagportal.hu\/index.php\/wp-json\/wp\/v2\/tags?post=114714"}],"curies":[{"name":"wp","href":"https:\/\/api.w.org\/{rel}","templated":true}]}}