{"id":114710,"date":"2019-03-27T16:29:17","date_gmt":"2019-03-27T15:29:17","guid":{"rendered":"http:\/\/gazdasagportal.hu\/?p=114710"},"modified":"2019-03-27T16:29:17","modified_gmt":"2019-03-27T15:29:17","slug":"videoton-tars-vezerigazgato-a-magas-bernovekedes-a-versenykepesseg-romlasaval-jarhat","status":"publish","type":"post","link":"https:\/\/gazdasagportal.hu\/index.php\/videoton-tars-vezerigazgato-a-magas-bernovekedes-a-versenykepesseg-romlasaval-jarhat\/","title":{"rendered":"Videoton t\u00e1rs-vez\u00e9rigazgat\u00f3: a magas b\u00e9rn\u00f6veked\u00e9s a versenyk\u00e9pess\u00e9g roml\u00e1s\u00e1val j\u00e1rhat"},"content":{"rendered":"<p><strong>A k\u00f6zelg\u0151 glob\u00e1lis gazdas\u00e1gi lassul\u00e1s mellett a termel\u00e9kenys\u00e9get messze meghalad\u00f3 magyarorsz\u00e1gi b\u00e9remelked\u00e9si \u00fctem versenyk\u00e9pess\u00e9gi h\u00e1tr\u00e1nyt okozhat &#8211; h\u00edvta fel a figyelmet Sink\u00f3 Ott\u00f3 a Videoton t\u00e1rs-vez\u00e9rigazgat\u00f3ja Sz\u00e9kesfeh\u00e9rv\u00e1ron, a Videoton Holding Zrt. \u00e1ltal szervezett \u00fczleti f\u00f3rumon szerd\u00e1n.<\/strong><!--more--><\/p>\n<div class=\"ads-in-post1\"><div id=\"gazdasagportal.hu_fullbanner_wideboard\"><\/div>\r\n<\/div>\n<p>    A Glob\u00e1lis lassul\u00e1s, kontra b\u00e9rn\u00f6veked\u00e9s: mi lehet e folyamat v\u00e9ge? c\u00edm\u0171 konferenci\u00e1n kifejtette, hogy az \u00fajaut\u00f3-elad\u00e1sok cs\u00f6kken\u00e9se, a fejlett eur\u00f3pai orsz\u00e1gok \u00e9s K\u00edna gazdas\u00e1gi n\u00f6veked\u00e9s\u00e9nek visszaes\u00e9se, valamint a nagy jegybankok laz\u00edt\u00e1sra tett utal\u00e1sai mind-mind a glob\u00e1lis gazdas\u00e1gi fellend\u00fcl\u00e9s v\u00e9g\u00e9t jelentik.<br \/>\n    Magyarorsz\u00e1gon 2016-ig a termel\u00e9kenys\u00e9g n\u00f6veked\u00e9si \u00fctem\u00e9t k\u00f6vette a b\u00e9remelked\u00e9s, az\u00f3ta a termel\u00e9kenys\u00e9get messze meghalad\u00f3 az \u00fctem, amivel a gazdas\u00e1g sokat vesz\u00edthet a versenyk\u00e9pess\u00e9g\u00e9b\u0151l &#8211; mondta, \u00e9s megjegyezte, hogy az \u00e9vr\u0151l \u00e9vre &#8222;tizen sz\u00e1zal\u00e9kokkal n\u00f6vekv\u0151&#8221; b\u00e9remel\u00e9si m\u00e9rt\u00e9ket nem lehet sok\u00e1ig fenntartani.<br \/>\n<div class=\"ads-in-post2\"><script async src=\"https:\/\/pagead2.googlesyndication.com\/pagead\/js\/adsbygoogle.js\"><\/script>\r\n<ins class=\"adsbygoogle\"\r\n     style=\"display:block\"\r\n     data-ad-format=\"fluid\"\r\n     data-ad-layout-key=\"-6t+ed+2i-1n-4w\"\r\n     data-ad-client=\"ca-pub-1959107119989764\"\r\n     data-ad-slot=\"4008251320\"><\/ins>\r\n<script>\r\n     (adsbygoogle = window.adsbygoogle || []).push({});\r\n<\/script><\/div>\n    Sink\u00f3 Ott\u00f3 szerint a lehet\u0151s\u00e9gekhez igaz\u00edtott fenntarthat\u00f3 b\u00e9remel\u00e9sek, a racion\u00e1lis \u00e1rfolyampolitika, a forinter\u0151s\u00f6d\u00e9s elker\u00fcl\u00e9se, tov\u00e1bb\u00e1 a k\u00e9pz\u00e9sek \u00e9s a munkakult\u00fara fejleszt\u00e9se lehet a megfelel\u0151 v\u00e1lsz a glob\u00e1lis lassul\u00e1sra. A m\u00e1sik lehet\u0151s\u00e9g az, hogy le\u00edrj\u00e1k Magyarorsz\u00e1got, az \u00fczleti d\u00f6nt\u00e9sekben nem lesz alternat\u00edva, ami a magyar gazdas\u00e1g jelent\u0151s visszaes\u00e9s\u00e9t \u00e9s a b\u00e9rek cs\u00f6kkent\u00e9s\u00e9t is elhozhatja &#8211; tette hozz\u00e1.<br \/>\n    Lakatos P\u00e9ter a Videoton t\u00e1rs-vez\u00e9rigazgat\u00f3ja is azt hangs\u00falyozta, hogy a b\u00e9remel\u00e9snek minden szempontb\u00f3l megalapozottnak kell lennie. Eur\u00f3pa centrum\u00e1hoz kell k\u00f6zelednie Magyarorsz\u00e1gnak er\u0151teljes elmozdul\u00e1ssal a k\u00e9pz\u00e9s, az innov\u00e1ci\u00f3 \u00e9s a kutat\u00e1s-fejleszt\u00e9s fel\u00e9.<br \/>\n    Cser-Palkovics Andr\u00e1s (Fidesz) polg\u00e1rmester megeml\u00edtette, hogy Gy\u0151r \u00e9s Sz\u00e9kesfeh\u00e9rv\u00e1r a vid\u00e9ki gazdas\u00e1g k\u00e9t motorja, de m\u00edg Gy\u0151r er\u0151sen k\u00f6t\u0151dik az Audihoz \u00e9s az aut\u00f3iparhoz, addig Sz\u00e9kesfeh\u00e9rv\u00e1r heterog\u00e9nebb iparral rendelkezik, t\u00f6bb \u00e1gazat er\u0151s k\u00e9pvisel\u0151i vannak jelen, ami szavai szerint megnyugtat\u00f3.<br \/>\n    N\u00e9meth D\u00e1vid a K&#038;H Bank vezet\u0151 elemz\u0151je egyebek mellett arr\u00f3l besz\u00e9lt, hogy a 70-80-as \u00e9vekhez k\u00e9pest a GDP-ar\u00e1nyos b\u00e9rh\u00e1nyad az eg\u00e9sz vil\u00e1gon mark\u00e1nsan cs\u00f6kken, \u00e9s b\u00e1r Magyarorsz\u00e1gon az elm\u00falt p\u00e1r \u00e9vben gyorsan emelkedtek a b\u00e9rek, azok szintje m\u00e9g mindig elmarad a fejlett orsz\u00e1gok\u00e9t\u00f3l. Aggaszt\u00f3bbnak tartotta a b\u00e9roll\u00f3 kiny\u00edl\u00e1s\u00e1t, mert a multik j\u00f3val t\u00f6bb b\u00e9rt adnak, mint a jellemz\u0151en hazai tulajdon\u00fa kkv-k. \u00dagy v\u00e9lte, az \u00e9rdemi b\u00e9rfelz\u00e1rk\u00f3z\u00e1shoz a sok beruh\u00e1z\u00e1s \u00e9s ezzel p\u00e1rhuzamosan a jelent\u0151s hat\u00e9konys\u00e1g-n\u00f6vel\u00e9s a kulcs.(MTI)<\/p>\n","protected":false},"excerpt":{"rendered":"<p>A k\u00f6zelg\u0151 glob\u00e1lis gazdas\u00e1gi lassul\u00e1s mellett a termel\u00e9kenys\u00e9get messze meghalad\u00f3 magyarorsz\u00e1gi b\u00e9remelked\u00e9si \u00fctem versenyk\u00e9pess\u00e9gi h\u00e1tr\u00e1nyt okozhat &#8211; h\u00edvta fel a figyelmet Sink\u00f3 Ott\u00f3 a Videoton t\u00e1rs-vez\u00e9rigazgat\u00f3ja Sz\u00e9kesfeh\u00e9rv\u00e1ron, a Videoton Holding Zrt. \u00e1ltal szervezett \u00fczleti f\u00f3rumon szerd\u00e1n.<\/p>\n","protected":false},"author":1,"featured_media":90148,"comment_status":"closed","ping_status":"open","sticky":false,"template":"","format":"standard","meta":[],"categories":[146,4,19],"tags":[],"_links":{"self":[{"href":"https:\/\/gazdasagportal.hu\/index.php\/wp-json\/wp\/v2\/posts\/114710"}],"collection":[{"href":"https:\/\/gazdasagportal.hu\/index.php\/wp-json\/wp\/v2\/posts"}],"about":[{"href":"https:\/\/gazdasagportal.hu\/index.php\/wp-json\/wp\/v2\/types\/post"}],"author":[{"embeddable":true,"href":"https:\/\/gazdasagportal.hu\/index.php\/wp-json\/wp\/v2\/users\/1"}],"replies":[{"embeddable":true,"href":"https:\/\/gazdasagportal.hu\/index.php\/wp-json\/wp\/v2\/comments?post=114710"}],"version-history":[{"count":1,"href":"https:\/\/gazdasagportal.hu\/index.php\/wp-json\/wp\/v2\/posts\/114710\/revisions"}],"predecessor-version":[{"id":114711,"href":"https:\/\/gazdasagportal.hu\/index.php\/wp-json\/wp\/v2\/posts\/114710\/revisions\/114711"}],"wp:featuredmedia":[{"embeddable":true,"href":"https:\/\/gazdasagportal.hu\/index.php\/wp-json\/wp\/v2\/media\/90148"}],"wp:attachment":[{"href":"https:\/\/gazdasagportal.hu\/index.php\/wp-json\/wp\/v2\/media?parent=114710"}],"wp:term":[{"taxonomy":"category","embeddable":true,"href":"https:\/\/gazdasagportal.hu\/index.php\/wp-json\/wp\/v2\/categories?post=114710"},{"taxonomy":"post_tag","embeddable":true,"href":"https:\/\/gazdasagportal.hu\/index.php\/wp-json\/wp\/v2\/tags?post=114710"}],"curies":[{"name":"wp","href":"https:\/\/api.w.org\/{rel}","templated":true}]}}