{"id":114666,"date":"2019-03-26T11:58:18","date_gmt":"2019-03-26T10:58:18","guid":{"rendered":"http:\/\/gazdasagportal.hu\/?p=114666"},"modified":"2019-03-26T11:44:44","modified_gmt":"2019-03-26T10:44:44","slug":"itt-a-vege","status":"publish","type":"post","link":"https:\/\/gazdasagportal.hu\/index.php\/itt-a-vege\/","title":{"rendered":"Itt a v\u00e9ge\u2026"},"content":{"rendered":"<p><strong>Er\u0151teljes fordulatot vett az amerikai jegybank: id\u00e9n m\u00e1r nem v\u00e1rhat\u00f3 kamatemel\u00e9s, s\u0151t, a befektet\u0151k egy\u00e9ves id\u0151t\u00e1von kamatcs\u00f6kkent\u00e9st prognosztiz\u00e1lnak. Ez azt jelenti, hogy a Fed el\u00e9rte a kamatemel\u00e9si ciklus v\u00e9g\u00e9t, \u00e9s ism\u00e9t a piacok t\u00e1mogat\u00e1sa ker\u00fcl a f\u00f3kuszba, ami egy\u00fattal az MNB sz\u00e1m\u00e1ra is kedvez\u0151 lehet az alacsony kamatszint tov\u00e1bbi fenntart\u00e1s\u00e1hoz. Mindez legink\u00e1bb a r\u00e9szv\u00e9nyek \u00e9s a felt\u00f6rekv\u0151 piac sz\u00e1m\u00e1ra kedvez\u0151 \u2013 elemezte a monet\u00e1ris fordulat v\u00e1rhat\u00f3 hat\u00e1sait a K&amp;H Alapkezel\u0151. <\/strong><!--more--><\/p>\n<div class=\"ads-in-post1\"><div id=\"gazdasagportal.hu_fullbanner_wideboard\"><\/div>\r\n<\/div>\n<p>&nbsp;<\/p>\n<p>Komoly fordulatot vett az amerikai jegybanki politika, ugyanis tavaly decemberben m\u00e9g k\u00e9t kamatemel\u00e9st terveztek az idei \u00e9vre, a szerdai kamatd\u00f6nt\u0151 \u00fcl\u00e9sen azonban \u2013 a befektet\u0151i v\u00e1rakoz\u00e1sokkal \u00f6sszhangban \u2013 elvetett\u00e9k a tov\u00e1bbi szigor\u00edt\u00e1st. Ezzel er\u0151teljes \u00fczenetet k\u00fcldtek a piacoknak, hogy sz\u00fcks\u00e9g eset\u00e9n a d\u00f6nt\u00e9shoz\u00f3k gyorsan \u00e9s rugalmasan reag\u00e1lnak a gazdas\u00e1gi v\u00e1ltoz\u00e1sokra. J\u00f6v\u0151re ugyan m\u00e9g tov\u00e1bbra is egy kamatemel\u00e9st prognosztiz\u00e1l a Fed, a befektet\u0151k azonban m\u00e1r arr\u00f3l is lemondtak. S\u0151t, egy\u00e9ves id\u0151t\u00e1von bel\u00fcl 50%-os es\u00e9ly\u00e9t l\u00e1tj\u00e1k egy kamatcs\u00f6kkent\u00e9snek. Ez pedig azt jelenti, hogy a Fed el\u00e9rte a kamatemel\u00e9si ciklus tetej\u00e9t.<\/p><div id=\"gazda-1113811688\" class=\"gazda-tartalomban gazda-entity-placement\"><script async src=\"https:\/\/pagead2.googlesyndication.com\/pagead\/js\/adsbygoogle.js\"><\/script>\r\n<ins class=\"adsbygoogle\"\r\n     style=\"display:block\"\r\n     data-ad-format=\"fluid\"\r\n     data-ad-layout-key=\"-6t+ed+2i-1n-4w\"\r\n     data-ad-client=\"ca-pub-1959107119989764\"\r\n     data-ad-slot=\"4008251320\"><\/ins>\r\n<script>\r\n     (adsbygoogle = window.adsbygoogle || []).push({});\r\n<\/script><\/div>\n<p>&nbsp;<\/p>\n<p>\u201eA Fed ir\u00e1nyv\u00e1lt\u00e1sa \u00f6sszess\u00e9g\u00e9ben pozit\u00edv jelz\u00e9s a piacoknak, \u00edgy javulhat a befektet\u0151i hangulat, ami az els\u0151 negyed\u00e9vben fokozatosan roml\u00f3 v\u00e1rakoz\u00e1sok szempontj\u00e1b\u00f3l fordul\u00f3pontot jelenthet. A r\u00f6vid t\u00e1von hangulatjavul\u00e1s hat\u00e1sa azonban csak akkor lehet tart\u00f3s, ha ennek hat\u00e1s\u00e1ra a k\u00f6vetkez\u0151 h\u00f3napokban a gazdas\u00e1gi kil\u00e1t\u00e1sok is javulni tudnak\u201d \u2013 t\u00e1j\u00e9koztatott <strong>Kov\u00e1cs M\u00e1ty\u00e1s, a K&amp;H Alapkezel\u0151 szenior portf\u00f3li\u00f3-menedzsere.<\/strong><\/p>\n<p>&nbsp;<\/p>\n<p><strong>Ism\u00e9t t\u00e1volodott az MNB kamatemel\u00e9s <\/strong><\/p>\n<p>\u201eAz MNB sz\u00e1m\u00e1ra is pozit\u00edv lehet a Fed l\u00e9p\u00e9se, \u00edgy ugyanis ism\u00e9t nincs nyom\u00e1s a magyar jegybankon, hogy szigor\u00edt\u00e1sba fogjon, amit az elm\u00falt hetek l\u00e1tv\u00e1nyos forint er\u0151s\u00f6d\u00e9se miatt enyh\u00fcl\u0151 infl\u00e1ci\u00f3s nyom\u00e1s is t\u00e1mogat. J\u00f6v\u0151 h\u00e9ten ez\u00e9rt legink\u00e1bb csup\u00e1n egy jelz\u00e9s\u00e9rt\u00e9k\u0171 d\u00f6nt\u00e9sre, vagy annak el\u0151k\u00e9sz\u00edt\u00e9s\u00e9re, a jelenleg -0,15%-os egynapos jegybanki bet\u00e9ti kamat m\u00e9rs\u00e9kelt emelked\u00e9s\u00e9re lehet sz\u00e1m\u00edtani\u201d \u2013 mondta a befektet\u00e9si szakember.<\/p>\n<div class=\"ads-in-post2\"><script async src=\"https:\/\/pagead2.googlesyndication.com\/pagead\/js\/adsbygoogle.js\"><\/script>\r\n<ins class=\"adsbygoogle\"\r\n     style=\"display:block\"\r\n     data-ad-format=\"fluid\"\r\n     data-ad-layout-key=\"-6t+ed+2i-1n-4w\"\r\n     data-ad-client=\"ca-pub-1959107119989764\"\r\n     data-ad-slot=\"4008251320\"><\/ins>\r\n<script>\r\n     (adsbygoogle = window.adsbygoogle || []).push({});\r\n<\/script><\/div>\n&nbsp;<\/p>\n<p><strong>Hogyan \u00e9rdemes most a befektet\u0151knek l\u00e9pni? <\/strong><\/p>\n<p>A Fed d\u00f6nt\u00e9se \u00f6sszess\u00e9g\u00e9ben a r\u00e9szv\u00e9nypiac sz\u00e1m\u00e1ra kedvezhet, m\u00edg a k\u00f6tv\u00e9nyek kil\u00e1t\u00e1sai nagyon korl\u00e1tozottak. Az amerikai k\u00f6tv\u00e9nypiacnak ugyan j\u00f3t tett az elmaradt kamatemel\u00e9s, az eur\u00f3pai k\u00f6tv\u00e9nyhozamok azonban tov\u00e1bbra is padl\u00f3n vannak, \u00edgy k\u00f6z\u00e9pt\u00e1von nem v\u00e1rhat\u00f3 j\u00f3 hozam. Jelenleg a felt\u00f6rekv\u0151 piacok lehetnek legink\u00e1bb izgalmasak befektet\u00e9si szempontb\u00f3l, mivel az aktu\u00e1lis gazdas\u00e1gi folyamatok \u2013 a k\u00ednai \u00e9l\u00e9nk\u00edt\u00e9s, a kereskedelmi h\u00e1bor\u00fa m\u00e9rs\u00e9kl\u0151d\u00e9se, a Fed t\u00e1mogat\u00e1sa \u2013 legink\u00e1bb \u0151ket t\u00e1mogathatja.<\/p>\n<p>&nbsp;<\/p>\n<p>&nbsp;<\/p>\n<p><strong>A K&amp;H Csoport<\/strong><\/p>\n<p>Az orsz\u00e1g egyik vezet\u0151 \u00e9s orsz\u00e1gosan k\u00f6zel 4 000 munkat\u00e1rsat foglalkoztat\u00f3 p\u00e9nzint\u00e9zetek\u00e9nt a K&amp;H c\u00e9lja, hogy \u00fcgyfelei ig\u00e9nyeit minden id\u0151ben magas szinten el\u00e9g\u00edtse ki, \u00e9s a lehet\u0151 legteljesebb term\u00e9kpalett\u00e1t ny\u00fajtsa sz\u00e1mukra. A K&amp;H orsz\u00e1gszerte 206 lakoss\u00e1gi fi\u00f3kot m\u0171k\u00f6dtet, \u00e9s mintegy 1 milli\u00f3 lakoss\u00e1gi, kkv \u00e9s v\u00e1llalati \u00fcgyfel\u00e9nek k\u00edn\u00e1l p\u00e9nz\u00fcgyi szolg\u00e1ltat\u00e1sokat. A magyar gazdas\u00e1g m\u0171k\u00f6d\u00e9s\u00e9t t\u00f6bb mint 2 200 milli\u00e1rd forintnyi kihelyezett hitel- \u00e9s hiteljelleg\u0171 \u00e1llom\u00e1nnyal seg\u00edti h\u00e1ztart\u00e1sok, kisv\u00e1llalkoz\u00e1sok, v\u00e1llalatok \u00e9s \u00f6nkorm\u00e1nyzatok finansz\u00edroz\u00e1s\u00e1n kereszt\u00fcl. A c\u00e9gcsoport teljes tev\u00e9kenys\u00e9ge hozz\u00e1vet\u0151legesen 4 000 magyar besz\u00e1ll\u00edt\u00f3nak \u00e9s mintegy 700 banki \u00e9s biztos\u00edt\u00e1si \u00fcgyn\u00f6knek biztos\u00edt megrendel\u00e9seket \u00e9s folyamatos tev\u00e9kenys\u00e9get.<\/p>\n<p><strong>\u00a0<\/strong><\/p>\n<p>&nbsp;<\/p>\n<p><strong>K&amp;H Bank<\/strong><\/p>\n<ol start=\"2018\">\n<li><u> \u00e9v v\u00e9g\u00e9n:<\/u><\/li>\n<\/ol>\n<p>saj\u00e1t t\u0151ke (IFRS konszolid\u00e1lt, nem audit\u00e1lt): <strong>305 milli\u00e1rd Ft<\/strong><\/p>\n<p>m\u00e9rlegf\u0151\u00f6sszeg (IFRS konszolid\u00e1lt, nem audit\u00e1lt): <strong>3 199 milli\u00e1rd Ft<\/strong><\/p>\n<p>ad\u00f3z\u00e1s ut\u00e1ni eredm\u00e9ny (IFRS konszolid\u00e1lt, nem audit\u00e1lt):<strong> 57,8 milli\u00e1rd Ft<\/strong><\/p>\n<p><strong>\u00a0<\/strong><\/p>\n<p><strong>K&amp;H Alapkezel\u0151<\/strong><\/p>\n<ol start=\"2018\">\n<li><u> \u00e9v v\u00e9g\u00e9n:<\/u><\/li>\n<\/ol>\n<p>teljes kezelt vagyon: <strong>922 milli\u00e1rd Ft<\/strong><\/p>\n<p>K&amp;H alapokban kezelt vagyon: <strong>756 milli\u00e1rd Ft<\/strong><\/p>\n<p>int\u00e9zm\u00e9nyi \u00fcgyfelek kezelt vagyona: <strong>166 milli\u00e1rd Ft<\/strong><\/p>\n<p>&nbsp;<\/p>\n<p>&nbsp;<\/p>\n<p><strong>K&amp;H Biztos\u00edt\u00f3<\/strong><\/p>\n<ol start=\"2018\">\n<li><u> \u00e9v v\u00e9g\u00e9n:<\/u><\/li>\n<\/ol>\n<p>saj\u00e1t t\u0151ke (IFRS konszolid\u00e1lt, nem audit\u00e1lt):<strong> 14,6 milli\u00e1rd Ft<\/strong><\/p>\n<p>m\u00e9rlegf\u0151\u00f6sszeg (IFRS konszolid\u00e1lt, nem audit\u00e1lt):<strong> 169,6 milli\u00e1rd Ft<\/strong><\/p>\n<p>biztos\u00edt\u00e1stechnikai eredm\u00e9ny (IFRS konszolid\u00e1lt, nem audit\u00e1lt):<strong> 6,0 milli\u00e1rd Ft<\/strong><\/p>\n<p>ad\u00f3z\u00e1s ut\u00e1ni eredm\u00e9ny (IFRS konszolid\u00e1lt, nem audit\u00e1lt):<strong> 4,5 milli\u00e1rd Ft<\/strong><\/p>\n<p><strong>\u00a0<\/strong><\/p>\n","protected":false},"excerpt":{"rendered":"<p>Er\u0151teljes fordulatot vett az amerikai jegybank: id\u00e9n m\u00e1r nem v\u00e1rhat\u00f3 kamatemel\u00e9s, s\u0151t, a befektet\u0151k egy\u00e9ves id\u0151t\u00e1von kamatcs\u00f6kkent\u00e9st prognosztiz\u00e1lnak. Ez azt jelenti, hogy a Fed el\u00e9rte a kamatemel\u00e9si ciklus v\u00e9g\u00e9t, \u00e9s ism\u00e9t a piacok t\u00e1mogat\u00e1sa ker\u00fcl a f\u00f3kuszba, ami egy\u00fattal az MNB sz\u00e1m\u00e1ra is kedvez\u0151 lehet az alacsony kamatszint tov\u00e1bbi fenntart\u00e1s\u00e1hoz. Mindez legink\u00e1bb a r\u00e9szv\u00e9nyek \u00e9s &#8230;<\/p>\n","protected":false},"author":1,"featured_media":20709,"comment_status":"closed","ping_status":"open","sticky":false,"template":"","format":"standard","meta":[],"categories":[146,4,19],"tags":[],"_links":{"self":[{"href":"https:\/\/gazdasagportal.hu\/index.php\/wp-json\/wp\/v2\/posts\/114666"}],"collection":[{"href":"https:\/\/gazdasagportal.hu\/index.php\/wp-json\/wp\/v2\/posts"}],"about":[{"href":"https:\/\/gazdasagportal.hu\/index.php\/wp-json\/wp\/v2\/types\/post"}],"author":[{"embeddable":true,"href":"https:\/\/gazdasagportal.hu\/index.php\/wp-json\/wp\/v2\/users\/1"}],"replies":[{"embeddable":true,"href":"https:\/\/gazdasagportal.hu\/index.php\/wp-json\/wp\/v2\/comments?post=114666"}],"version-history":[{"count":1,"href":"https:\/\/gazdasagportal.hu\/index.php\/wp-json\/wp\/v2\/posts\/114666\/revisions"}],"predecessor-version":[{"id":114667,"href":"https:\/\/gazdasagportal.hu\/index.php\/wp-json\/wp\/v2\/posts\/114666\/revisions\/114667"}],"wp:featuredmedia":[{"embeddable":true,"href":"https:\/\/gazdasagportal.hu\/index.php\/wp-json\/wp\/v2\/media\/20709"}],"wp:attachment":[{"href":"https:\/\/gazdasagportal.hu\/index.php\/wp-json\/wp\/v2\/media?parent=114666"}],"wp:term":[{"taxonomy":"category","embeddable":true,"href":"https:\/\/gazdasagportal.hu\/index.php\/wp-json\/wp\/v2\/categories?post=114666"},{"taxonomy":"post_tag","embeddable":true,"href":"https:\/\/gazdasagportal.hu\/index.php\/wp-json\/wp\/v2\/tags?post=114666"}],"curies":[{"name":"wp","href":"https:\/\/api.w.org\/{rel}","templated":true}]}}