{"id":114620,"date":"2019-03-24T10:44:14","date_gmt":"2019-03-24T09:44:14","guid":{"rendered":"http:\/\/gazdasagportal.hu\/?p=114620"},"modified":"2019-03-24T10:44:14","modified_gmt":"2019-03-24T09:44:14","slug":"heti-makronaptar-kamatdontes-munkaeropiaci-adatok-jonnek-a-jovo-heten-3","status":"publish","type":"post","link":"https:\/\/gazdasagportal.hu\/index.php\/heti-makronaptar-kamatdontes-munkaeropiaci-adatok-jonnek-a-jovo-heten-3\/","title":{"rendered":"Heti makronapt\u00e1r &#8211; Kamatd\u00f6nt\u00e9s, munkaer\u0151piaci adatok j\u00f6nnek a j\u00f6v\u0151 h\u00e9ten"},"content":{"rendered":"<p><strong>A j\u00f6v\u0151 h\u00e9t makronapt\u00e1r\u00e1nak legfontosabb esem\u00e9nye a jegybank kamatmeghat\u00e1roz\u00f3 \u00fcl\u00e9se lesz, emellett munkaer\u0151piaci, kereseti statisztik\u00e1k is megjelennek.<\/strong><!--more--><\/p>\n<div class=\"ads-in-post1\"><div id=\"gazdasagportal.hu_fullbanner_wideboard\"><\/div>\r\n<\/div>\n<p>    Kedden tartja m\u00e1rciusi kamatmeghat\u00e1roz\u00f3 \u00fcl\u00e9s\u00e9t a Magyar Nemzeti Bank Monet\u00e1ris Tan\u00e1csa. Elemz\u0151k nem v\u00e1rnak v\u00e1ltoz\u00e1st az ir\u00e1nyad\u00f3 kamatban, esetleg a monet\u00e1ris politikai eszk\u00f6zt\u00e1rban lehet \u00f3vatos m\u00f3dos\u00edt\u00e1s. A jegybanki alapkamat 0,9 sz\u00e1zal\u00e9k 2016. m\u00e1jus 25. \u00f3ta. Az MNB febru\u00e1r 26-i kamatd\u00f6nt\u0151 \u00fcl\u00e9sr\u0151l kiadott r\u00f6vid\u00edtett jegyz\u0151k\u00f6nyve szerint a monet\u00e1ris tan\u00e1cs felk\u00e9sz\u00fclt a monet\u00e1ris politika fokozatos \u00e9s \u00f3vatos normaliz\u00e1ci\u00f3j\u00e1ra, amelynek megkezd\u00e9se a tart\u00f3s infl\u00e1ci\u00f3s folyamatok f\u00fcggv\u00e9nye. Az ad\u00f3sz\u0171rt maginfl\u00e1ci\u00f3 emelked\u00e9se a k\u00f6vetkez\u0151 negyed\u00e9vekben is folytat\u00f3dhat, amelyet a monet\u00e1ris tan\u00e1cs az infl\u00e1ci\u00f3s c\u00e9l fenntarthat\u00f3 el\u00e9r\u00e9se szempontj\u00e1b\u00f3l \u00e9rt\u00e9kel. Ennek k\u00f6vetkezt\u00e9ben az elk\u00f6vetkez\u0151 id\u0151szak be\u00e9rkez\u0151 adatai lesznek meghat\u00e1roz\u00f3ak. Jelezt\u00e9k: a monet\u00e1ris tan\u00e1cs kiemelt figyelemmel k\u00eds\u00e9ri a be\u00e9rkez\u0151 makrogazdas\u00e1gi adatokat, \u00e9s azok f\u00fcggv\u00e9ny\u00e9ben d\u00f6nt a monet\u00e1ris kond\u00edci\u00f3k alak\u00edt\u00e1s\u00e1r\u00f3l.<br \/>\n    Cs\u00fct\u00f6rt\u00f6k\u00f6n a foglalkoztatotts\u00e1g-munkan\u00e9lk\u00fclis\u00e9g tavaly december \u00e9s id\u00e9n febru\u00e1r k\u00f6z\u00f6tti g\u00f6rd\u00fcl\u0151 negyed\u00e9ves adatait k\u00f6zli a K\u00f6zponti Statisztikai Hivatal (KSH). Az el\u0151z\u0151, 2018. november \u00e9s 2019. janu\u00e1r k\u00f6z\u00f6tti id\u0151szakban a munkan\u00e9lk\u00fcliek \u00e1tlagos l\u00e9tsz\u00e1ma 170 ezer, a munkan\u00e9lk\u00fclis\u00e9gi r\u00e1ta 3,7 sz\u00e1zal\u00e9k volt. A f\u00e9rfiak k\u00f6r\u00e9ben n\u0151tt a munkan\u00e9lk\u00fclis\u00e9g, a n\u0151k mutat\u00f3i viszont javultak. Tov\u00e1bb emelkedett a foglalkoztatottak sz\u00e1ma 2018. november \u00e9s 2019. janu\u00e1r k\u00f6z\u00f6tt, az \u00e1tlagos l\u00e9tsz\u00e1muk 4 milli\u00f3 481 ezer volt, 45 ezerrel t\u00f6bb, mint egy \u00e9vvel kor\u00e1bban. A 15-64 \u00e9vesek foglalkoztat\u00e1si r\u00e1t\u00e1ja 0,9 sz\u00e1zal\u00e9kponttal, 69,5 sz\u00e1zal\u00e9kra emelkedett.<br \/>\n<div class=\"ads-in-post2\"><script async src=\"https:\/\/pagead2.googlesyndication.com\/pagead\/js\/adsbygoogle.js\"><\/script>\r\n<ins class=\"adsbygoogle\"\r\n     style=\"display:block\"\r\n     data-ad-format=\"fluid\"\r\n     data-ad-layout-key=\"-6t+ed+2i-1n-4w\"\r\n     data-ad-client=\"ca-pub-1959107119989764\"\r\n     data-ad-slot=\"4008251320\"><\/ins>\r\n<script>\r\n     (adsbygoogle = window.adsbygoogle || []).push({});\r\n<\/script><\/div>\n    P\u00e9nteken az ipari termel\u0151i \u00e1rak febru\u00e1ri alakul\u00e1s\u00e1t \u00e9s a keresetek janu\u00e1ri statisztik\u00e1j\u00e1t k\u00f6zli a KSH. Tavaly decemberben a brutt\u00f3 \u00e1tlagkereset 360 000 forint volt, 10,2 sz\u00e1zal\u00e9kkal t\u00f6bb, mint egy \u00e9vvel kor\u00e1bban. 2018. janu\u00e1r-decemberben a brutt\u00f3 \u00e1tlagkereset 329 900 forint, a nett\u00f3 \u00e1tlagkereset 219 400 forint volt, egyar\u00e1nt 11,3 sz\u00e1zal\u00e9kkal n\u0151tt az el\u0151z\u0151 \u00e9vihez viszony\u00edtva. A n\u00f6veked\u00e9sre a munkaer\u0151-kereslet \u00e9l\u00e9nk\u00fcl\u00e9se, a minim\u00e1lb\u00e9r \u00e9s a garant\u00e1lt b\u00e9rminimum 8, illetve 12 sz\u00e1zal\u00e9kos emel\u00e9se, a k\u00f6lts\u00e9gvet\u00e9si szf\u00e9ra egyes ter\u00fcleteit, tov\u00e1bb\u00e1 bizonyos \u00e1llami k\u00f6zszolg\u00e1ltat\u00f3 c\u00e9gek dolgoz\u00f3it \u00e9rint\u0151 keresetrendez\u00e9sek voltak hat\u00e1ssal.(MTI)<\/p>\n","protected":false},"excerpt":{"rendered":"<p>A j\u00f6v\u0151 h\u00e9t makronapt\u00e1r\u00e1nak legfontosabb esem\u00e9nye a jegybank kamatmeghat\u00e1roz\u00f3 \u00fcl\u00e9se lesz, emellett munkaer\u0151piaci, kereseti statisztik\u00e1k is megjelennek.<\/p>\n","protected":false},"author":1001003,"featured_media":0,"comment_status":"closed","ping_status":"open","sticky":false,"template":"","format":"standard","meta":[],"categories":[19],"tags":[],"_links":{"self":[{"href":"https:\/\/gazdasagportal.hu\/index.php\/wp-json\/wp\/v2\/posts\/114620"}],"collection":[{"href":"https:\/\/gazdasagportal.hu\/index.php\/wp-json\/wp\/v2\/posts"}],"about":[{"href":"https:\/\/gazdasagportal.hu\/index.php\/wp-json\/wp\/v2\/types\/post"}],"author":[{"embeddable":true,"href":"https:\/\/gazdasagportal.hu\/index.php\/wp-json\/wp\/v2\/users\/1001003"}],"replies":[{"embeddable":true,"href":"https:\/\/gazdasagportal.hu\/index.php\/wp-json\/wp\/v2\/comments?post=114620"}],"version-history":[{"count":1,"href":"https:\/\/gazdasagportal.hu\/index.php\/wp-json\/wp\/v2\/posts\/114620\/revisions"}],"predecessor-version":[{"id":114621,"href":"https:\/\/gazdasagportal.hu\/index.php\/wp-json\/wp\/v2\/posts\/114620\/revisions\/114621"}],"wp:attachment":[{"href":"https:\/\/gazdasagportal.hu\/index.php\/wp-json\/wp\/v2\/media?parent=114620"}],"wp:term":[{"taxonomy":"category","embeddable":true,"href":"https:\/\/gazdasagportal.hu\/index.php\/wp-json\/wp\/v2\/categories?post=114620"},{"taxonomy":"post_tag","embeddable":true,"href":"https:\/\/gazdasagportal.hu\/index.php\/wp-json\/wp\/v2\/tags?post=114620"}],"curies":[{"name":"wp","href":"https:\/\/api.w.org\/{rel}","templated":true}]}}