{"id":114596,"date":"2019-03-22T14:52:44","date_gmt":"2019-03-22T13:52:44","guid":{"rendered":"http:\/\/gazdasagportal.hu\/?p=114596"},"modified":"2019-03-22T14:52:44","modified_gmt":"2019-03-22T13:52:44","slug":"eu-csucs-megoszlanak-a-velemenyek-hogy-vegleges-e-az-aprilis-12-i-brexit-hatarido","status":"publish","type":"post","link":"https:\/\/gazdasagportal.hu\/index.php\/eu-csucs-megoszlanak-a-velemenyek-hogy-vegleges-e-az-aprilis-12-i-brexit-hatarido\/","title":{"rendered":"EU-cs\u00facs &#8211; Megoszlanak a v\u00e9lem\u00e9nyek, hogy v\u00e9gleges-e az \u00e1prilis 12-i Brexit-hat\u00e1rid\u0151"},"content":{"rendered":"<p><strong>Megoszlanak a v\u00e9lem\u00e9nyek az Eur\u00f3pai Uni\u00f3 tag\u00e1llamai k\u00f6z\u00f6tt, hogy v\u00e9gleges-e az Egyes\u00fclt Kir\u00e1lys\u00e1g kil\u00e9p\u00e9s\u00e9nek \u00e1prilis 12-i d\u00e1tuma, amennyiben a britek ism\u00e9t elutas\u00edtj\u00e1k a kiv\u00e1l\u00e1si szerz\u0151d\u00e9st, valamint azt is, hogy az orsz\u00e1g r\u00e9szt vegyen az eur\u00f3pai parlamenti (EP-) v\u00e1laszt\u00e1son.<\/strong><!--more--><\/p>\n<div class=\"ads-in-post1\"><div id=\"gazdasagportal.hu_fullbanner_wideboard\"><\/div>\r\n<\/div>\n<p>    Helen McEntee \u00edr Eur\u00f3pa-\u00fcgyi miniszter a p\u00e9nteki br\u00fcsszeli EU-cs\u00facstal\u00e1lkoz\u00f3n kijelentette, hogy az el\u0151z\u0151 napon elfogadott k\u00e9tl\u00e9pcs\u0151s megk\u00f6zel\u00edt\u00e9s \u00e9rtelm\u00e9ben az Egyes\u00fclt Kir\u00e1lys\u00e1gnak nem felt\u00e9tlen\u00fcl kellene kil\u00e9pnie \u00e1prilis 12-\u00e9n akkor sem, ha ism\u00e9t leszavazz\u00e1k j\u00f6v\u0151 h\u00e9ten a kiv\u00e1l\u00e1s felt\u00e9teleit r\u00f6gz\u00edt\u0151 meg\u00e1llapod\u00e1st, illetve elutas\u00edtj\u00e1k a r\u00e9szv\u00e9telt a m\u00e1jus v\u00e9gi EP-v\u00e1laszt\u00e1son.<br \/>\n    &#8222;Ha nem jelzik, hogy r\u00e9szt vesznek a v\u00e1laszt\u00e1sokon, akkor nem lehets\u00e9ges tov\u00e1bbi hosszabb\u00edt\u00e1s. De ez ett\u0151l m\u00e9g nem jelenti azt, hogy \u00e1prilis 12. a v\u00e9gs\u0151 d\u00e1tum&#8221; &#8211; mondta a t\u00e1rcavezet\u0151.<br \/>\n    &#8222;Meg kell szabniuk egy menetrendet, hogy mit tesznek, vagy pontosan fel kell v\u00e1zolniuk a terveiket&#8221; &#8211; fogalmazott.<br \/>\n    Ez ellentmond Emmanuel Macron francia eln\u00f6k \u00e1ll\u00e1spontj\u00e1nak, aki szerint ebben az esetben \u00e1prilis 12-\u00e9n t\u00e1voznia kellene a szigetorsz\u00e1gnak, ak\u00e1r rendezetlen m\u00f3don is &#8211; k\u00f6z\u00f6lt\u00e9k n\u00e9vtelens\u00e9get k\u00e9r\u0151 francia forr\u00e1sok.<br \/>\n<div class=\"ads-in-post2\"><script async src=\"https:\/\/pagead2.googlesyndication.com\/pagead\/js\/adsbygoogle.js\"><\/script>\r\n<ins class=\"adsbygoogle\"\r\n     style=\"display:block\"\r\n     data-ad-format=\"fluid\"\r\n     data-ad-layout-key=\"-6t+ed+2i-1n-4w\"\r\n     data-ad-client=\"ca-pub-1959107119989764\"\r\n     data-ad-slot=\"4008251320\"><\/ins>\r\n<script>\r\n     (adsbygoogle = window.adsbygoogle || []).push({});\r\n<\/script><\/div>\n    A huszonhetek \u00e9s az Egyes\u00fclt Kir\u00e1lys\u00e1g \u00e1ltal egyar\u00e1nt elfogadott meg\u00e1llapod\u00e1s \u00e9rtelm\u00e9ben a kor\u00e1bbi 2019. m\u00e1rcius 29. helyett 2019. m\u00e1jus 22. lesz az \u00faj hat\u00e1rid\u0151, amennyiben a londoni als\u00f3h\u00e1z j\u00f6v\u0151 h\u00e9ten elfogadja a k\u00e9tszer m\u00e1r leszavazott kiv\u00e1l\u00e1si szerz\u0151d\u00e9st. \u00dajabb elutas\u00edt\u00e1s eset\u00e9n pedig a szigetorsz\u00e1g \u00e1prilis 12-ig tov\u00e1bbra is az Eur\u00f3pai Uni\u00f3 tagja maradna, de eddig jeleznie kellene, hogy mik a sz\u00e1nd\u00e9kai a tov\u00e1bbiakban.<br \/>\n    Az EU \u00e9s a huszonhetek vezet\u0151i t\u00f6bbsz\u00f6r is lesz\u00f6gezt\u00e9k, hogy a hosszabb halaszt\u00e1shoz a szigetorsz\u00e1gnak r\u00e9szt kellene vennie az EP-v\u00e1laszt\u00e1sokon.(MTI)<\/p>\n","protected":false},"excerpt":{"rendered":"<p>Megoszlanak a v\u00e9lem\u00e9nyek az Eur\u00f3pai Uni\u00f3 tag\u00e1llamai k\u00f6z\u00f6tt, hogy v\u00e9gleges-e az Egyes\u00fclt Kir\u00e1lys\u00e1g kil\u00e9p\u00e9s\u00e9nek \u00e1prilis 12-i d\u00e1tuma, amennyiben a britek ism\u00e9t elutas\u00edtj\u00e1k a kiv\u00e1l\u00e1si szerz\u0151d\u00e9st, valamint azt is, hogy az orsz\u00e1g r\u00e9szt vegyen az eur\u00f3pai parlamenti (EP-) v\u00e1laszt\u00e1son.<\/p>\n","protected":false},"author":1,"featured_media":0,"comment_status":"closed","ping_status":"open","sticky":false,"template":"","format":"standard","meta":[],"categories":[12,246],"tags":[],"_links":{"self":[{"href":"https:\/\/gazdasagportal.hu\/index.php\/wp-json\/wp\/v2\/posts\/114596"}],"collection":[{"href":"https:\/\/gazdasagportal.hu\/index.php\/wp-json\/wp\/v2\/posts"}],"about":[{"href":"https:\/\/gazdasagportal.hu\/index.php\/wp-json\/wp\/v2\/types\/post"}],"author":[{"embeddable":true,"href":"https:\/\/gazdasagportal.hu\/index.php\/wp-json\/wp\/v2\/users\/1"}],"replies":[{"embeddable":true,"href":"https:\/\/gazdasagportal.hu\/index.php\/wp-json\/wp\/v2\/comments?post=114596"}],"version-history":[{"count":1,"href":"https:\/\/gazdasagportal.hu\/index.php\/wp-json\/wp\/v2\/posts\/114596\/revisions"}],"predecessor-version":[{"id":114597,"href":"https:\/\/gazdasagportal.hu\/index.php\/wp-json\/wp\/v2\/posts\/114596\/revisions\/114597"}],"wp:attachment":[{"href":"https:\/\/gazdasagportal.hu\/index.php\/wp-json\/wp\/v2\/media?parent=114596"}],"wp:term":[{"taxonomy":"category","embeddable":true,"href":"https:\/\/gazdasagportal.hu\/index.php\/wp-json\/wp\/v2\/categories?post=114596"},{"taxonomy":"post_tag","embeddable":true,"href":"https:\/\/gazdasagportal.hu\/index.php\/wp-json\/wp\/v2\/tags?post=114596"}],"curies":[{"name":"wp","href":"https:\/\/api.w.org\/{rel}","templated":true}]}}