{"id":114592,"date":"2019-03-22T13:40:06","date_gmt":"2019-03-22T12:40:06","guid":{"rendered":"http:\/\/gazdasagportal.hu\/?p=114592"},"modified":"2019-03-22T13:40:06","modified_gmt":"2019-03-22T12:40:06","slug":"unios-szovivo-az-eu-nem-ismeri-el-izrael-fennhatosagat-a-golan-fennsik-felett","status":"publish","type":"post","link":"https:\/\/gazdasagportal.hu\/index.php\/unios-szovivo-az-eu-nem-ismeri-el-izrael-fennhatosagat-a-golan-fennsik-felett\/","title":{"rendered":"Uni\u00f3s sz\u00f3viv\u0151: az EU nem ismeri el Izrael fennhat\u00f3s\u00e1g\u00e1t a Gol\u00e1n-fenns\u00edk felett"},"content":{"rendered":"<p><strong>Az Eur\u00f3pai Uni\u00f3 \u00e1ll\u00e1spontja nem v\u00e1ltozott, tov\u00e1bbra sem ismeri el Izrael Gol\u00e1n-fenns\u00edk feletti fennhat\u00f3s\u00e1g\u00e1t &#8211; jelentette ki egy uni\u00f3s sz\u00f3viv\u0151 p\u00e9nteken Br\u00fcsszelben.<\/strong><!--more--><\/p>\n<div class=\"ads-in-post1\"><div id=\"gazdasagportal.hu_fullbanner_wideboard\"><\/div>\r\n<\/div>\n<p>    Al\u00e1h\u00fazta, hogy az Eur\u00f3pai Uni\u00f3 a nemzetk\u00f6zi joggal \u00f6sszhangban j\u00e1r el, nem ismeri el az izraeli fennhat\u00f3s\u00e1got az \u00e1ltala 1967 j\u00fanius\u00e1ban elfoglalt ter\u00fcletek egyike felett sem, bele\u00e9rtve a Gol\u00e1n-hegys\u00e9g eg\u00e9sz\u00e9t. Az uni\u00f3 nem tartja azokat Izrael r\u00e9sz\u00e9nek &#8211; tette hozz\u00e1.<br \/>\n    Donald Trump amerikai eln\u00f6k cs\u00fct\u00f6rt\u00f6k\u00f6n bejelentette, hogy az Egyes\u00fclt \u00c1llamok elismeri Izrael fennhat\u00f3s\u00e1g\u00e1t a Gol\u00e1n-fenns\u00edk felett. Az eln\u00f6k Twitteren k\u00f6z\u00f6lte a v\u00e1rhat\u00f3 elismer\u00e9st. Mint \u00edrta: &#8222;52 \u00e9v ut\u00e1n el\u00e9rkezett az id\u0151, hogy az Egyes\u00fclt \u00c1llamok teljes m\u00e9rt\u00e9kben elismerje Izrael szuverenit\u00e1s\u00e1t a Gol\u00e1n-fenns\u00edk felett, amely strat\u00e9giai \u00e9s biztons\u00e1gi szempontb\u00f3l l\u00e9tfontoss\u00e1g\u00fa Izrael \u00c1llam \u00e9s a t\u00e9rs\u00e9g sz\u00e1m\u00e1ra&#8221;.<br \/>\n<div class=\"ads-in-post2\"><script async src=\"https:\/\/pagead2.googlesyndication.com\/pagead\/js\/adsbygoogle.js\"><\/script>\r\n<ins class=\"adsbygoogle\"\r\n     style=\"display:block\"\r\n     data-ad-format=\"fluid\"\r\n     data-ad-layout-key=\"-6t+ed+2i-1n-4w\"\r\n     data-ad-client=\"ca-pub-1959107119989764\"\r\n     data-ad-slot=\"4008251320\"><\/ins>\r\n<script>\r\n     (adsbygoogle = window.adsbygoogle || []).push({});\r\n<\/script><\/div>\n    A Gol\u00e1n-fenns\u00edk nyugati r\u00e9sz\u00e9t Izrael 1967-ben foglalta el Sz\u00edri\u00e1t\u00f3l, \u00e9s 1981-ben egyoldal\u00faan kiterjesztette r\u00e1 t\u00f6rv\u00e9nykez\u00e9s\u00e9t is. Ezzel l\u00e9nyeg\u00e9ben mag\u00e1hoz csatolta a ter\u00fcletet. Ezt a l\u00e9p\u00e9st a nemzetk\u00f6zi k\u00f6z\u00f6ss\u00e9g mindeddig nem ismerte el, \u00e9s a Gol\u00e1n hovatartoz\u00e1sa kor\u00e1bban az Izrael \u00e9s szomsz\u00e9djai k\u00f6z\u00f6tti b\u00e9ket\u00e1rgyal\u00e1sok egyik sarkalatos k\u00e9rd\u00e9se volt.(MTI)<\/p>\n","protected":false},"excerpt":{"rendered":"<p>Az Eur\u00f3pai Uni\u00f3 \u00e1ll\u00e1spontja nem v\u00e1ltozott, tov\u00e1bbra sem ismeri el Izrael Gol\u00e1n-fenns\u00edk feletti fennhat\u00f3s\u00e1g\u00e1t &#8211; jelentette ki egy uni\u00f3s sz\u00f3viv\u0151 p\u00e9nteken Br\u00fcsszelben.<\/p>\n","protected":false},"author":1,"featured_media":0,"comment_status":"closed","ping_status":"open","sticky":false,"template":"","format":"standard","meta":[],"categories":[12,16],"tags":[],"_links":{"self":[{"href":"https:\/\/gazdasagportal.hu\/index.php\/wp-json\/wp\/v2\/posts\/114592"}],"collection":[{"href":"https:\/\/gazdasagportal.hu\/index.php\/wp-json\/wp\/v2\/posts"}],"about":[{"href":"https:\/\/gazdasagportal.hu\/index.php\/wp-json\/wp\/v2\/types\/post"}],"author":[{"embeddable":true,"href":"https:\/\/gazdasagportal.hu\/index.php\/wp-json\/wp\/v2\/users\/1"}],"replies":[{"embeddable":true,"href":"https:\/\/gazdasagportal.hu\/index.php\/wp-json\/wp\/v2\/comments?post=114592"}],"version-history":[{"count":1,"href":"https:\/\/gazdasagportal.hu\/index.php\/wp-json\/wp\/v2\/posts\/114592\/revisions"}],"predecessor-version":[{"id":114593,"href":"https:\/\/gazdasagportal.hu\/index.php\/wp-json\/wp\/v2\/posts\/114592\/revisions\/114593"}],"wp:attachment":[{"href":"https:\/\/gazdasagportal.hu\/index.php\/wp-json\/wp\/v2\/media?parent=114592"}],"wp:term":[{"taxonomy":"category","embeddable":true,"href":"https:\/\/gazdasagportal.hu\/index.php\/wp-json\/wp\/v2\/categories?post=114592"},{"taxonomy":"post_tag","embeddable":true,"href":"https:\/\/gazdasagportal.hu\/index.php\/wp-json\/wp\/v2\/tags?post=114592"}],"curies":[{"name":"wp","href":"https:\/\/api.w.org\/{rel}","templated":true}]}}