{"id":114574,"date":"2019-03-21T15:34:06","date_gmt":"2019-03-21T14:34:06","guid":{"rendered":"http:\/\/gazdasagportal.hu\/?p=114574"},"modified":"2019-03-21T15:34:06","modified_gmt":"2019-03-21T14:34:06","slug":"kina-lesz-a-vilag-legnagyobb-5g-mobil-technologiai-piaca","status":"publish","type":"post","link":"https:\/\/gazdasagportal.hu\/index.php\/kina-lesz-a-vilag-legnagyobb-5g-mobil-technologiai-piaca\/","title":{"rendered":"K\u00edna lesz a vil\u00e1g legnagyobb 5G mobil technol\u00f3giai piaca"},"content":{"rendered":"<p><strong>K\u00edna lesz 2025-re a vil\u00e1g legnagyobb \u00f6t\u00f6dik gener\u00e1ci\u00f3s mobil t\u00e1vk\u00f6zl\u00e9si piaca \u00e9s mobil technol\u00f3giai \u00f6kosziszt\u00e9ma egyre n\u00f6vekv\u0151 ar\u00e1nyban j\u00e1rul majd hozz\u00e1 az orsz\u00e1g brutt\u00f3 hazai term\u00e9k\u00e9hez a GSMA nemzetk\u00f6zi szakmai k\u00e9pviseleti szervezet pekingi konferenci\u00e1j\u00e1n bemutatott tanulm\u00e1ny szerint.<\/strong><!--more--><\/p>\n<div class=\"ads-in-post1\"><div id=\"gazdasagportal.hu_fullbanner_wideboard\"><\/div>\r\n<\/div>\n<p>A vil\u00e1g t\u00f6bb mint 750 mobil t\u00e1vk\u00f6zl\u00e9si szolg\u00e1ltat\u00f3j\u00e1t \u00e9s 350 technol\u00f3giai c\u00e9g\u00e9t t\u00f6m\u00f6r\u00edt\u0151 GSMA szakmai k\u00e9pviseleti szervezet kimutat\u00e1sa szerint K\u00edna mobil t\u00e1vk\u00f6zl\u00e9si \u00f6kosziszt\u00e9m\u00e1ja 5,2 ezer milli\u00e1rd j\u00fcannal (750 milli\u00e1rd doll\u00e1r) j\u00e1rult hozz\u00e1 2018-ban az orsz\u00e1g brutt\u00f3 hazai term\u00e9k\u00e9hez, azaz a GDP 5,5 sz\u00e1zal\u00e9k\u00e1t adta.<br \/>\nA mobil h\u00e1l\u00f3zati \u00f6kosziszt\u00e9ma brutt\u00f3 termel\u00e9si \u00e9rt\u00e9ke a progn\u00f3zisok szerint 2023-ra 6 ezer milli\u00e1rd (870 milli\u00e1rd doll\u00e1r) emelkedik.<br \/>\nK\u00edna mobil h\u00e1l\u00f3zati \u00f6kosziszt\u00e9m\u00e1ja 8,5 milli\u00f3 \u00e1ll\u00e1st tartott fenn 2018-ban \u00e9s 583 milli\u00e1rd j\u00fcan (84 milli\u00e1rd doll\u00e1r) ad\u00f3bev\u00e9tellel j\u00e1rult hozz\u00e1 az orsz\u00e1g k\u00f6lts\u00e9gvet\u00e9s\u00e9hez.<br \/>\n&#8222;Tanulm\u00e1nyunk meg\u00e1llap\u00edtotta, hogy K\u00edna mobil t\u00e1vk\u00f6zl\u00e9si ipara a gazdas\u00e1gi n\u00f6veked\u00e9s \u00e9s moderniz\u00e1ci\u00f3 egyik leger\u0151sebb motorjak\u00e9nt nagyban hozz\u00e1j\u00e1rult az ipar \u00e9s a t\u00e1rsadalom \u00e1talak\u00edt\u00e1s\u00e1hoz, egy teljesen \u00faj, digit\u00e1lis be\u00e1ll\u00edtotts\u00e1g\u00fa fogyaszt\u00f3i r\u00e9teg kinevel\u00e9s\u00e9hez&#8221; &#8211; mondta Mats Granryd, a GSMA vez\u00e9rigazgat\u00f3ja.<br \/>\n<div class=\"ads-in-post2\"><script async src=\"https:\/\/pagead2.googlesyndication.com\/pagead\/js\/adsbygoogle.js\"><\/script>\r\n<ins class=\"adsbygoogle\"\r\n     style=\"display:block\"\r\n     data-ad-format=\"fluid\"\r\n     data-ad-layout-key=\"-6t+ed+2i-1n-4w\"\r\n     data-ad-client=\"ca-pub-1959107119989764\"\r\n     data-ad-slot=\"4008251320\"><\/ins>\r\n<script>\r\n     (adsbygoogle = window.adsbygoogle || []).push({});\r\n<\/script><\/div>\n&#8222;Miut\u00e1n milli\u00e1rdokat ford\u00edtottak a 4G mobil h\u00e1l\u00f3zati infrastrukt\u00fara ki\u00e9p\u00edt\u00e9s\u00e9re az orsz\u00e1g legt\u00e1volabbi sarkaiban is, a t\u00e1vk\u00f6zl\u00e9si szolg\u00e1ltat\u00f3 c\u00e9gek az elk\u00f6vetkez\u0151 k\u00e9t \u00e9vben 401 milli\u00e1rd j\u00fcant (58 milli\u00e1rd doll\u00e1r) terveznek az \u00f6t\u00f6dik gener\u00e1ci\u00f3s (5G) mobil t\u00e1vk\u00f6zl\u00e9si rendszer bevezet\u00e9s\u00e9nek az el\u0151k\u00e9sz\u00edt\u00e9s\u00e9be inveszt\u00e1lni, megteremtve ezzel az alapj\u00e1t annak, hogy K\u00edna a vil\u00e1g egyik legnagyobb 5G piac\u00e1v\u00e1 v\u00e1lhasson&#8221; &#8211; tette hozz\u00e1.<br \/>\nA GSMA tanulm\u00e1nya meg\u00e1llap\u00edtotta: K\u00edna az orsz\u00e1g lakoss\u00e1g\u00e1nak 82 sz\u00e1zal\u00e9k\u00e1t ad\u00f3 1,17 milli\u00e1rd mobil el\u0151fizet\u0151vel a vil\u00e1g legnagyobb mobilpiaca. Az el\u0151fizet\u00e9sek sz\u00e1ma 2025-re 1,22 milli\u00e1rdra emelkedik, ami 85 sz\u00e1zal\u00e9kos tel\u00edtetts\u00e9gi ar\u00e1nynak felel majd meg. Tavaly 1,5 milli\u00e1rd SIM k\u00e1rtya volt h\u00e1l\u00f3zatra csatlakoztatva K\u00edn\u00e1ban, 2025-re pedig sz\u00e1muk 1,7 milli\u00e1rdra emelkedik a progn\u00f3zisok szerint.<br \/>\nA mobil el\u0151fizet\u00e9sek t\u00f6bb mint k\u00e9tharmada, 69 sz\u00e1zal\u00e9ka okostelefont csatlakoztat a t\u00e1vk\u00f6zl\u00e9si h\u00e1l\u00f3zatba. Az ar\u00e1ny az el\u0151rejelz\u00e9sek szerint 2025-ig 88 sz\u00e1zal\u00e9kra emelkedik.<br \/>\nA mobil el\u0151fizet\u00e9sek 77 sz\u00e1zal\u00e9ka csatlakozik jelenleg 4G h\u00e1l\u00f3zathoz K\u00edn\u00e1ban. Az ar\u00e1ny az elk\u00f6vetkez\u0151 \u00e9vekben m\u00e9g emelkedni fog, majd az \u00f6t\u00f6dik gener\u00e1ci\u00f3s technol\u00f3gia bevezet\u00e9s\u00e9vel t\u00faljut a cs\u00facsponton.<br \/>\nAz el\u0151rejelz\u00e9sek szerint K\u00edn\u00e1ban 2025-re a mobil el\u0151fizet\u00e9sek 28 sz\u00e1zal\u00e9ka, 460 milli\u00f3 lesz m\u00e1r 5G h\u00e1l\u00f3zathoz csatlakoztatva, ar\u00e1nyaiban j\u00f3val a nemzetk\u00f6zi \u00e1tlag felett. A 4G el\u0151fizet\u00e9sek ar\u00e1nya pedig ezzel p\u00e1rhuzamosan 72 sz\u00e1zal\u00e9kra cs\u00f6kken.<br \/>\nA &#8222;dolgok internet\u00e9hez&#8221; (IoT) szolg\u00e1ltat\u00e1si szerz\u0151d\u00e9ssel csatlakoztatott berendez\u00e9sek sz\u00e1ma 2025-ra 1,9 milli\u00e1rdra emelkedik a 2018-as 672 milli\u00f3r\u00f3l.<br \/>\n<a title=\"Hely megnyit\u00e1sa\" href=\"https:\/\/www.gsma.com\/r\/mobileeconomy\/china\/\" target=\"_blank\" rel=\"noopener noreferrer\">https:\/\/www.gsma.com\/r\/mobileeconomy\/china\/<\/a><\/p>\n<p>&nbsp;<br \/>\n(MTI)<\/p><div id=\"gazda-1984712431\" class=\"gazda-tartalomban gazda-entity-placement\"><script async src=\"https:\/\/pagead2.googlesyndication.com\/pagead\/js\/adsbygoogle.js\"><\/script>\r\n<ins class=\"adsbygoogle\"\r\n     style=\"display:block\"\r\n     data-ad-format=\"fluid\"\r\n     data-ad-layout-key=\"-6t+ed+2i-1n-4w\"\r\n     data-ad-client=\"ca-pub-1959107119989764\"\r\n     data-ad-slot=\"4008251320\"><\/ins>\r\n<script>\r\n     (adsbygoogle = window.adsbygoogle || []).push({});\r\n<\/script><\/div>\n","protected":false},"excerpt":{"rendered":"<p>K\u00edna lesz 2025-re a vil\u00e1g legnagyobb \u00f6t\u00f6dik gener\u00e1ci\u00f3s mobil t\u00e1vk\u00f6zl\u00e9si piaca \u00e9s mobil technol\u00f3giai \u00f6kosziszt\u00e9ma egyre n\u00f6vekv\u0151 ar\u00e1nyban j\u00e1rul majd hozz\u00e1 az orsz\u00e1g brutt\u00f3 hazai term\u00e9k\u00e9hez a GSMA nemzetk\u00f6zi szakmai k\u00e9pviseleti szervezet pekingi konferenci\u00e1j\u00e1n bemutatott tanulm\u00e1ny szerint.<\/p>\n","protected":false},"author":1,"featured_media":0,"comment_status":"closed","ping_status":"open","sticky":false,"template":"","format":"standard","meta":[],"categories":[246],"tags":[],"_links":{"self":[{"href":"https:\/\/gazdasagportal.hu\/index.php\/wp-json\/wp\/v2\/posts\/114574"}],"collection":[{"href":"https:\/\/gazdasagportal.hu\/index.php\/wp-json\/wp\/v2\/posts"}],"about":[{"href":"https:\/\/gazdasagportal.hu\/index.php\/wp-json\/wp\/v2\/types\/post"}],"author":[{"embeddable":true,"href":"https:\/\/gazdasagportal.hu\/index.php\/wp-json\/wp\/v2\/users\/1"}],"replies":[{"embeddable":true,"href":"https:\/\/gazdasagportal.hu\/index.php\/wp-json\/wp\/v2\/comments?post=114574"}],"version-history":[{"count":1,"href":"https:\/\/gazdasagportal.hu\/index.php\/wp-json\/wp\/v2\/posts\/114574\/revisions"}],"predecessor-version":[{"id":114575,"href":"https:\/\/gazdasagportal.hu\/index.php\/wp-json\/wp\/v2\/posts\/114574\/revisions\/114575"}],"wp:attachment":[{"href":"https:\/\/gazdasagportal.hu\/index.php\/wp-json\/wp\/v2\/media?parent=114574"}],"wp:term":[{"taxonomy":"category","embeddable":true,"href":"https:\/\/gazdasagportal.hu\/index.php\/wp-json\/wp\/v2\/categories?post=114574"},{"taxonomy":"post_tag","embeddable":true,"href":"https:\/\/gazdasagportal.hu\/index.php\/wp-json\/wp\/v2\/tags?post=114574"}],"curies":[{"name":"wp","href":"https:\/\/api.w.org\/{rel}","templated":true}]}}