{"id":114570,"date":"2019-03-21T14:14:37","date_gmt":"2019-03-21T13:14:37","guid":{"rendered":"http:\/\/gazdasagportal.hu\/?p=114570"},"modified":"2019-03-21T14:14:37","modified_gmt":"2019-03-21T13:14:37","slug":"magyarorszag-elkotelezett-a-klimavedelem-mellett","status":"publish","type":"post","link":"https:\/\/gazdasagportal.hu\/index.php\/magyarorszag-elkotelezett-a-klimavedelem-mellett\/","title":{"rendered":"Magyarorsz\u00e1g elk\u00f6telezett a kl\u00edmav\u00e9delem mellett"},"content":{"rendered":"<p><strong>Magyarorsz\u00e1g elk\u00f6telezett a kl\u00edmav\u00e9delem mellett, az ezzel \u00f6sszef\u00fcgg\u0151 feladatok miatt is fontosnak tartja, hogy ne cs\u00f6kkenjenek a vid\u00e9kfejleszt\u00e9sre ford\u00edthat\u00f3 forr\u00e1sok a k\u00f6vetkez\u0151 h\u00e9t\u00e9ves eur\u00f3pai uni\u00f3s k\u00f6lts\u00e9gvet\u00e9si ciklusban &#8211; mondta az Agr\u00e1rminiszt\u00e9rium vid\u00e9kfejleszt\u00e9s\u00e9rt felel\u0151s \u00e1llamtitk\u00e1ra Kaposv\u00e1ron cs\u00fct\u00f6rt\u00f6k\u00f6n.<\/strong><!--more--><\/p>\n<div class=\"ads-in-post1\"><div id=\"gazdasagportal.hu_fullbanner_wideboard\"><\/div>\r\n<\/div>\n<p>    Kis Mikl\u00f3s a Nemzeti Agr\u00e1rgazdas\u00e1gi Kamara Somogy Megyei Igazgat\u00f3s\u00e1ga \u00e9s a Kaposv\u00e1r Egyetem \u00e1ltal szervezett Agr\u00e1rutak konferenci\u00e1n megism\u00e9telte, hogy az Eur\u00f3pai Bizotts\u00e1g javaslata szerint 2020-t\u00f3l az EU b\u00fcdzs\u00e9j\u00e9b\u0151l kevesebb p\u00e9nz jutna a k\u00f6z\u00f6s agr\u00e1rpolitik\u00e1ra, Magyarorsz\u00e1g a kor\u00e1bbi 1300 milli\u00e1rd helyett mintegy 940 milli\u00e1rdot k\u00f6lthetne vid\u00e9kfejleszt\u00e9sre.<br \/>\n    &#8222;Mi azt mondjuk, hogy ezt nem lehet elfogadni, hiszen ha k\u00f6rnyezetv\u00e9delmi szempontb\u00f3l t\u00f6bb k\u00f6telezetts\u00e9get k\u00edv\u00e1nunk el\u0151\u00edrni a mez\u0151gazdas\u00e1gnak, elengedhetetlen, hogy ehhez legal\u00e1bb a kor\u00e1bbi kompenz\u00e1ci\u00f3t biztos\u00edtsuk&#8221; &#8211; hangs\u00falyozta az \u00e1llamtitk\u00e1r.<br \/>\n    Hozz\u00e1tette, a magyar korm\u00e1ny azon dolgozik, hogy az \u00fajonnan fel\u00e1ll\u00f3 Eur\u00f3pai Parlamentn\u00e9l \u00e9s Eur\u00f3pai Bizotts\u00e1gn\u00e1l el\u00e9rje a k\u00f6z\u00f6s agr\u00e1rpolitikai t\u00e1mogat\u00e1s jelenlegi szintj\u00e9t meg\u0151rz\u0151 k\u00f6lts\u00e9gvet\u00e9s megszavaz\u00e1s\u00e1t.<br \/>\n<div class=\"ads-in-post2\"><script async src=\"https:\/\/pagead2.googlesyndication.com\/pagead\/js\/adsbygoogle.js\"><\/script>\r\n<ins class=\"adsbygoogle\"\r\n     style=\"display:block\"\r\n     data-ad-format=\"fluid\"\r\n     data-ad-layout-key=\"-6t+ed+2i-1n-4w\"\r\n     data-ad-client=\"ca-pub-1959107119989764\"\r\n     data-ad-slot=\"4008251320\"><\/ins>\r\n<script>\r\n     (adsbygoogle = window.adsbygoogle || []).push({});\r\n<\/script><\/div>\n    Kis Mikl\u00f3s sz\u00f3lt arr\u00f3l, hogy a vid\u00e9kfejleszt\u00e9si program keret\u00e9ben sz\u00e1mos kl\u00edmav\u00e9delemhez is kapcsol\u00f3d\u00f3 projektet t\u00e1mogattak az elm\u00falt \u00e9vekben. P\u00e9ldak\u00e9nt eml\u00edtette az erd\u0151ter\u00fcletek fejleszt\u00e9s\u00e9t, az agr\u00e1r-k\u00f6rnyezetv\u00e9delmi int\u00e9zked\u00e9seket \u00e9s egyebek mellett az \u00f6kol\u00f3giai gazd\u00e1lkod\u00e1s fenntart\u00e1s\u00e1t.<br \/>\n    Gyuricza Csaba, a Nemzeti Agr\u00e1rkutat\u00e1si \u00e9s Innov\u00e1ci\u00f3s K\u00f6zpont f\u0151igazgat\u00f3ja a kl\u00edmav\u00e9delem, kl\u00edmav\u00e1ltoz\u00e1s szempontj\u00e1b\u00f3l rendk\u00edv\u00fcl fontosnak nevezte az agr\u00e1rerd\u00e9szetet.<br \/>\n    Magyarorsz\u00e1gon 600 ezer-900 ezer hekt\u00e1r kedvez\u0151tlen adotts\u00e1g\u00fa mez\u0151gazdas\u00e1gi ter\u00fclet van, ahol \u00f6kol\u00f3giailag \u00e9s gazdas\u00e1gilag fenntarthat\u00f3 m\u00f3don nem alkalmazhat\u00f3k a hagyom\u00e1nyos technol\u00f3gi\u00e1k m\u00e1r csak az\u00e9rt sem, mert a termel\u00e9s felt\u00e9teleit tov\u00e1bb rontj\u00e1k az id\u0151j\u00e1r\u00e1si sz\u00e9ls\u0151s\u00e9gek. Ezeken a ter\u00fcleteken hoz megold\u00e1st az agr\u00e1rerd\u00e9szet, ami olyan f\u00f6ldhaszn\u00e1lati rendszert jelent, amelyben a f\u00e1s sz\u00e1r\u00fa n\u00f6v\u00e9nyek, a sz\u00e1nt\u00f3f\u00f6ldi kult\u00far\u00e1k, a legel\u0151gazd\u00e1lkod\u00e1s, vagy az \u00e1llattart\u00e1s egy helyen \u00e9s id\u0151ben van jelen.<br \/>\n    Gombos S\u00e1ndor, a NAK Somogy megyei eln\u00f6ke azt mondta, hogy a magyar mez\u0151gazdas\u00e1g el\u0151tt egy \u00fat van: versenyk\u00e9pess\u00e9g\u00e9nek er\u0151s\u00edt\u00e9se. Am\u00edg Magyarorsz\u00e1g egy egys\u00e9g megtermelt mez\u0151gazdas\u00e1gi term\u00e9ket csek\u00e9ly hozz\u00e1adott \u00e9rt\u00e9kkel a m\u00e1sf\u00e9lszeres\u00e9n \u00e9rt\u00e9kes\u00edt, ugyanez a mutat\u00f3 Lengyelorsz\u00e1gban 2,5, N\u00e9metorsz\u00e1gban 3, Hollandi\u00e1ban t\u00f6bb mint 4, Belgiumban 5 egys\u00e9g.<br \/>\n    Jav\u00edtani kell az agr\u00e1rtermel\u0151k szervezetts\u00e9g\u00e9t is, a 350 ezer-360 ezer termel\u0151 mind\u00f6ssze 10 sz\u00e1zal\u00e9ka tartozik valamilyen termel\u0151i csoporthoz, vagy szervezethez, a k\u00edv\u00e1natos ar\u00e1ny 60 sz\u00e1zal\u00e9k lenne &#8211; mutatott r\u00e1.<br \/>\n    Tossenberger J\u00e1nos, a Kaposv\u00e1ri Egyetem rektorhelyettese arr\u00f3l besz\u00e9lt, hogy a szakemberek keresik a megold\u00e1sokat a kl\u00edmav\u00e1ltoz\u00e1sra \u00e9s fognak is tal\u00e1lni, de ahhoz, hogy azok a mindennapi \u00e9letben is megjelenjenek, fontos az inform\u00e1ci\u00f3k \u00e1tad\u00e1sa, megoszt\u00e1sa.<br \/>\n    Lakatos M\u00f3nika, az Orsz\u00e1gos Meteorol\u00f3giai Szolg\u00e1lat kl\u00edmakutat\u00f3ja el\u0151ad\u00e1s\u00e1ban a F\u00f6ld \u00e1tlagh\u0151m\u00e9rs\u00e9klet\u00e9nek tov\u00e1bbi emelked\u00e9s\u00e9t, \u00e9s Magyarorsz\u00e1got \u00e9rint\u0151en melegebb nyarakat, gyakoribb h\u0151hull\u00e1mokat vet\u00edtett el\u0151re. Kit\u00e9rt arra, hogy a csapad\u00e9k eloszl\u00e1sa v\u00e1rhat\u00f3an kedvez\u0151tlen\u00fcl alakul, az asz\u00e1lyok n\u00f6vekv\u0151 kock\u00e1zat\u00e1val lehet sz\u00e1molni.<br \/>\n    Hangoztatta: a sz\u00e9n-dioxid-kibocs\u00e1t\u00e1s drasztikus cs\u00f6kkent\u00e9se sz\u00fcks\u00e9ges ahhoz, hogy az \u00e1tlagh\u0151m\u00e9rs\u00e9klet emelked\u00e9se az ipari forradalom idej\u00e9hez k\u00e9pest ne haladja meg a 2 Celsius fokot, e n\u00e9lk\u00fcl ugyanakkor a 4-6 fokos emelked\u00e9s sem elk\u00e9pzelhetetlen.(MTI)<\/p>\n","protected":false},"excerpt":{"rendered":"<p>Magyarorsz\u00e1g elk\u00f6telezett a kl\u00edmav\u00e9delem mellett, az ezzel \u00f6sszef\u00fcgg\u0151 feladatok miatt is fontosnak tartja, hogy ne cs\u00f6kkenjenek a vid\u00e9kfejleszt\u00e9sre ford\u00edthat\u00f3 forr\u00e1sok a k\u00f6vetkez\u0151 h\u00e9t\u00e9ves eur\u00f3pai uni\u00f3s k\u00f6lts\u00e9gvet\u00e9si ciklusban &#8211; mondta az Agr\u00e1rminiszt\u00e9rium vid\u00e9kfejleszt\u00e9s\u00e9rt felel\u0151s \u00e1llamtitk\u00e1ra Kaposv\u00e1ron cs\u00fct\u00f6rt\u00f6k\u00f6n.<\/p>\n","protected":false},"author":1,"featured_media":0,"comment_status":"closed","ping_status":"open","sticky":false,"template":"","format":"standard","meta":[],"categories":[4,19],"tags":[],"_links":{"self":[{"href":"https:\/\/gazdasagportal.hu\/index.php\/wp-json\/wp\/v2\/posts\/114570"}],"collection":[{"href":"https:\/\/gazdasagportal.hu\/index.php\/wp-json\/wp\/v2\/posts"}],"about":[{"href":"https:\/\/gazdasagportal.hu\/index.php\/wp-json\/wp\/v2\/types\/post"}],"author":[{"embeddable":true,"href":"https:\/\/gazdasagportal.hu\/index.php\/wp-json\/wp\/v2\/users\/1"}],"replies":[{"embeddable":true,"href":"https:\/\/gazdasagportal.hu\/index.php\/wp-json\/wp\/v2\/comments?post=114570"}],"version-history":[{"count":1,"href":"https:\/\/gazdasagportal.hu\/index.php\/wp-json\/wp\/v2\/posts\/114570\/revisions"}],"predecessor-version":[{"id":114571,"href":"https:\/\/gazdasagportal.hu\/index.php\/wp-json\/wp\/v2\/posts\/114570\/revisions\/114571"}],"wp:attachment":[{"href":"https:\/\/gazdasagportal.hu\/index.php\/wp-json\/wp\/v2\/media?parent=114570"}],"wp:term":[{"taxonomy":"category","embeddable":true,"href":"https:\/\/gazdasagportal.hu\/index.php\/wp-json\/wp\/v2\/categories?post=114570"},{"taxonomy":"post_tag","embeddable":true,"href":"https:\/\/gazdasagportal.hu\/index.php\/wp-json\/wp\/v2\/tags?post=114570"}],"curies":[{"name":"wp","href":"https:\/\/api.w.org\/{rel}","templated":true}]}}