{"id":114551,"date":"2019-03-21T06:49:21","date_gmt":"2019-03-21T05:49:21","guid":{"rendered":"http:\/\/gazdasagportal.hu\/?p=114551"},"modified":"2019-03-21T06:49:21","modified_gmt":"2019-03-21T05:49:21","slug":"brexit-theresa-may-a-parlament-donteskeptelensege-miatt-mar-nem-lehetseges-a-megallapodasos-kilepes-a-jovo-heten","status":"publish","type":"post","link":"https:\/\/gazdasagportal.hu\/index.php\/brexit-theresa-may-a-parlament-donteskeptelensege-miatt-mar-nem-lehetseges-a-megallapodasos-kilepes-a-jovo-heten\/","title":{"rendered":"Brexit &#8211; Theresa May: a parlament d\u00f6nt\u00e9sk\u00e9ptelens\u00e9ge miatt m\u00e1r nem lehets\u00e9ges a meg\u00e1llapod\u00e1sos kil\u00e9p\u00e9s a j\u00f6v\u0151 h\u00e9ten"},"content":{"rendered":"<p><strong>Theresa May brit minisztereln\u00f6k szerint a londoni parlament k\u00e9t \u00e9v alatt sem volt k\u00e9pes egyet\u00e9rt\u00e9sre jutni a brit EU-tags\u00e1g megsz\u0171n\u00e9s\u00e9nek (Brexit) m\u00f3dj\u00e1r\u00f3l, \u00e9s ennek k\u00f6vetkezm\u00e9nyek\u00e9nt az Egyes\u00fclt Kir\u00e1lys\u00e1g m\u00e1r nem tud id\u0151ben, vagyis j\u00f6v\u0151 p\u00e9nteken meg\u00e1llapod\u00e1ssal kil\u00e9pni az Eur\u00f3pai Uni\u00f3b\u00f3l.<\/strong><!--more--><\/p>\n<div class=\"ads-in-post1\"><div id=\"gazdasagportal.hu_fullbanner_wideboard\"><\/div>\r\n<\/div>\n<p>    A konzervat\u00edv p\u00e1rti korm\u00e1nyf\u0151 szerd\u00e1n hivatalosan kezdem\u00e9nyezte az Eur\u00f3pai Uni\u00f3n\u00e1l a Brexit m\u00e1rcius 29-\u00e9n lej\u00e1r\u00f3 hat\u00e1ridej\u00e9nek j\u00fanius 30-ig terjed\u0151 halaszt\u00e1s\u00e1t.<br \/>\n    Ennek el\u0151zm\u00e9nyek\u00e9nt az als\u00f3h\u00e1z k\u00e9tszer is &#8211; el\u0151sz\u00f6r janu\u00e1rban, majd m\u00falt kedden &#8211; nagy t\u00f6bbs\u00e9ggel elutas\u00edtotta a Brexit felt\u00e9telrendszer\u00e9t r\u00f6gz\u00edt\u0151, az EU-val tavaly novemberben el\u00e9rt 585 oldalas meg\u00e1llapod\u00e1st.<br \/>\n    May szerda este, Downing Street-i hivatal\u00e1b\u00f3l k\u00f6zvet\u00edtett &#8211; a brit parlamentet szokatlanul \u00e9lesen b\u00edr\u00e1l\u00f3 &#8211; telev\u00edzi\u00f3s nyilatkozat\u00e1ban kijelentette: szem\u00e9lyesen is nagyon sajn\u00e1lja a Brexit k\u00e9sedelm\u00e9t.<br \/>\n    Hozz\u00e1tette: teljesen biztos abban, hogy a brit lakoss\u00e1gnak is &#8222;elege van m\u00e1r&#8221;, \u00e9s belef\u00e1radt a belharcokba, a politikai j\u00e1tszm\u00e1kba, a z\u00e1rt ajt\u00f3k m\u00f6g\u00f6tti elj\u00e1r\u00e1si vit\u00e1kba, abba, hogy a k\u00e9pvisel\u0151k a Brexiten k\u00edv\u00fcl semmi m\u00e1s olyan \u00fcgyr\u0151l nem tudnak m\u00e1r besz\u00e9lni, amely a lakoss\u00e1got \u00e9rdekli, bele\u00e9rtve az oktat\u00e1s\u00fcgyet, az eg\u00e9szs\u00e9g\u00fcgyet, vagy \u00e9ppen a k\u00e9sel\u00e9ses b\u0171ncselekm\u00e9nyeket.<br \/>\n    Theresa May e v\u00e9lem\u00e9ny\u00e9t al\u00e1t\u00e1masztja a legfrissebb felm\u00e9r\u00e9s is.<br \/>\n<div class=\"ads-in-post2\"><script async src=\"https:\/\/pagead2.googlesyndication.com\/pagead\/js\/adsbygoogle.js\"><\/script>\r\n<ins class=\"adsbygoogle\"\r\n     style=\"display:block\"\r\n     data-ad-format=\"fluid\"\r\n     data-ad-layout-key=\"-6t+ed+2i-1n-4w\"\r\n     data-ad-client=\"ca-pub-1959107119989764\"\r\n     data-ad-slot=\"4008251320\"><\/ins>\r\n<script>\r\n     (adsbygoogle = window.adsbygoogle || []).push({});\r\n<\/script><\/div>\n    A Sky Data k\u00f6zv\u00e9lem\u00e9ny-kutat\u00f3 c\u00e9g 1189 f\u0151s reprezentat\u00edv v\u00e1laszt\u00f3i csoport bevon\u00e1s\u00e1val szerd\u00e1n elv\u00e9gzett vizsg\u00e1lat\u00e1ban a v\u00e1laszad\u00f3k 90 sz\u00e1zal\u00e9ka mondta azt, hogy az eg\u00e9sz orsz\u00e1gra n\u00e9zve megal\u00e1z\u00f3nak tartja a Brexit eddigi menet\u00e9t, \u00e9s mind\u00f6ssze 7 sz\u00e1zal\u00e9k volt el\u00e9gedett.<br \/>\n    Arra a k\u00e9rd\u00e9sre, hogy kit tartanak hib\u00e1snak a jelenlegi helyzet\u00e9rt, a felm\u00e9r\u00e9s r\u00e9sztvev\u0151inek 34 sz\u00e1zal\u00e9ka a brit korm\u00e1nyt, 26 sz\u00e1zal\u00e9k a londoni als\u00f3h\u00e1z k\u00e9pvisel\u0151it, 7 sz\u00e1zal\u00e9k az Eur\u00f3pai Uni\u00f3t nevezte meg.<br \/>\n    Szerda esti telev\u00edzi\u00f3s nyilatkozat\u00e1ban Theresa May kijelentette: most m\u00e1r itt az ideje, hogy az als\u00f3h\u00e1zi k\u00e9pvisel\u0151k d\u00f6nt\u00e9sre jussanak.<br \/>\n    Hozz\u00e1tette: az\u00e9rt \u00edrta meg a kil\u00e9p\u00e9s halaszt\u00e1s\u00e1t kezdem\u00e9nyez\u0151 level\u00e9t Donald Tusknak, az uni\u00f3s \u00e1llam- \u00e9s korm\u00e1nyf\u0151k alkotta Eur\u00f3pai Tan\u00e1cs eln\u00f6k\u00e9nek, hogy id\u0151t adjon a t\u00f6rv\u00e9nyhoz\u00f3knak a v\u00e9gleges d\u00f6nt\u00e9s meghozatal\u00e1ra.<br \/>\n    A brit minisztereln\u00f6k szerint a k\u00e9pvisel\u0151knek azt kell eld\u00f6nteni\u00fck, hogy olyan meg\u00e1llapod\u00e1ssal akarnak-e kil\u00e9pni az EU-b\u00f3l, amely a Brexitr\u0151l d\u00f6nt\u0151 n\u00e9pszavaz\u00e1s eredm\u00e9ny\u00e9nek megfelel\u0151en visszaadja Nagy-Britanni\u00e1nak az ellen\u0151rz\u00e9st p\u00e9nze, hat\u00e1rai, t\u00f6rv\u00e9nyei felett, v\u00e9delmezve ek\u00f6zben a munkahelyeket \u00e9s a nemzetbiztons\u00e1got.<br \/>\n    D\u00f6nteni kell arr\u00f3l is, hogy k\u00e9pvisel\u0151k meg\u00e1llapod\u00e1s n\u00e9lk\u00fcli kil\u00e9p\u00e9st akarnak-e, vagy akarj\u00e1k-e egy\u00e1ltal\u00e1n, hogy az Egyes\u00fclt Kir\u00e1lys\u00e1g kil\u00e9pjen az EU-b\u00f3l, mert ha nem, az helyrehozhatatlanul k\u00e1ros\u00edtan\u00e1 a k\u00f6zbizalmat nemcsak a politikusok jelenlegi nemzed\u00e9ke, hanem a brit demokr\u00e1cia eg\u00e9sze ir\u00e1nt &#8211; fogalmazott Theresa May.<br \/>\n    Hozz\u00e1tette: a parlament eddig mindent elk\u00f6vetett annak \u00e9rdek\u00e9ben, hogy ne kelljen v\u00e1lasztania e lehet\u0151s\u00e9gek k\u00f6z\u00fcl. Ind\u00edtv\u00e1nyok, m\u00f3dos\u00edt\u00f3 javaslatok sorj\u00e1ztak, an\u00e9lk\u00fcl, hogy a t\u00f6rv\u00e9nyhoz\u00e1s egyszer is d\u00f6nt\u00f6tt volna arr\u00f3l, hogy mit akar, a k\u00e9pvisel\u0151k csak annak kimond\u00e1s\u00e1ra voltak hajland\u00f3k, hogy mit nem akarnak &#8211; mondta a brit lakoss\u00e1ghoz int\u00e9zett szerdai t\u00e9v\u00e9nyilatkozat\u00e1ban Theresa May.<br \/>\n    Kijelentette: \u00e9jt nappall\u00e1 t\u00e9ve dolgozik tov\u00e1bb azon, hogy megnyerje a k\u00e9pvisel\u0151ket az EU-val el\u00e9rt Brexit-meg\u00e1llapod\u00e1s t\u00e1mogat\u00e1s\u00e1nak.<br \/>\n    Meger\u0151s\u00edtette ugyanakkor azt is, hogy nem hajland\u00f3 j\u00fanius 30-\u00e1n\u00e1l tov\u00e1bb k\u00e9sleltetni a kil\u00e9p\u00e9st az EU-b\u00f3l, mivel enn\u00e9l hosszabb halaszt\u00e1s eset\u00e9n Nagy-Britanni\u00e1nak &#8211; csaknem h\u00e1rom \u00e9vvel a Brexitr\u0151l hozott n\u00e9pszavaz\u00e1si d\u00f6nt\u00e9s ut\u00e1n &#8211; r\u00e9szt kellene vennie a m\u00e1jusi eur\u00f3pai parlamenti v\u00e1laszt\u00e1sokon.<br \/>\n    Ugyanez az \u00e9rv az Eur\u00f3pai Tan\u00e1cs eln\u00f6k\u00e9nek k\u00fcld\u00f6tt lev\u00e9lben is szerepel.<br \/>\n    A BBC brit k\u00f6zszolg\u00e1lati m\u00e9diat\u00e1rsas\u00e1ghoz ugyanakkor szerd\u00e1n eljutott egy m\u00e1sik lev\u00e9l, amelyben az Eur\u00f3pai Bizotts\u00e1g azt az \u00e1ll\u00e1spontj\u00e1t ismerteti a tagorsz\u00e1gokkal, hogy a Brexit-hat\u00e1rid\u0151 halaszt\u00e1sa vagy legfeljebb m\u00e1jus 23-\u00e1ig tarthat, vagy enn\u00e9l &#8222;sz\u00e1mottev\u0151en hosszabb ideig&#8221;, de az ut\u00f3bbi esetben sz\u00fcks\u00e9ges a brit r\u00e9szv\u00e9tel az eur\u00f3pai parlamenti v\u00e1laszt\u00e1sokon.(MTI)<\/p>\n","protected":false},"excerpt":{"rendered":"<p>Theresa May brit minisztereln\u00f6k szerint a londoni parlament k\u00e9t \u00e9v alatt sem volt k\u00e9pes egyet\u00e9rt\u00e9sre jutni a brit EU-tags\u00e1g megsz\u0171n\u00e9s\u00e9nek (Brexit) m\u00f3dj\u00e1r\u00f3l, \u00e9s ennek k\u00f6vetkezm\u00e9nyek\u00e9nt az Egyes\u00fclt Kir\u00e1lys\u00e1g m\u00e1r nem tud id\u0151ben, vagyis j\u00f6v\u0151 p\u00e9nteken meg\u00e1llapod\u00e1ssal kil\u00e9pni az Eur\u00f3pai Uni\u00f3b\u00f3l.<\/p>\n","protected":false},"author":1001003,"featured_media":0,"comment_status":"closed","ping_status":"open","sticky":false,"template":"","format":"standard","meta":[],"categories":[12],"tags":[],"_links":{"self":[{"href":"https:\/\/gazdasagportal.hu\/index.php\/wp-json\/wp\/v2\/posts\/114551"}],"collection":[{"href":"https:\/\/gazdasagportal.hu\/index.php\/wp-json\/wp\/v2\/posts"}],"about":[{"href":"https:\/\/gazdasagportal.hu\/index.php\/wp-json\/wp\/v2\/types\/post"}],"author":[{"embeddable":true,"href":"https:\/\/gazdasagportal.hu\/index.php\/wp-json\/wp\/v2\/users\/1001003"}],"replies":[{"embeddable":true,"href":"https:\/\/gazdasagportal.hu\/index.php\/wp-json\/wp\/v2\/comments?post=114551"}],"version-history":[{"count":1,"href":"https:\/\/gazdasagportal.hu\/index.php\/wp-json\/wp\/v2\/posts\/114551\/revisions"}],"predecessor-version":[{"id":114552,"href":"https:\/\/gazdasagportal.hu\/index.php\/wp-json\/wp\/v2\/posts\/114551\/revisions\/114552"}],"wp:attachment":[{"href":"https:\/\/gazdasagportal.hu\/index.php\/wp-json\/wp\/v2\/media?parent=114551"}],"wp:term":[{"taxonomy":"category","embeddable":true,"href":"https:\/\/gazdasagportal.hu\/index.php\/wp-json\/wp\/v2\/categories?post=114551"},{"taxonomy":"post_tag","embeddable":true,"href":"https:\/\/gazdasagportal.hu\/index.php\/wp-json\/wp\/v2\/tags?post=114551"}],"curies":[{"name":"wp","href":"https:\/\/api.w.org\/{rel}","templated":true}]}}