{"id":114549,"date":"2019-03-20T19:45:24","date_gmt":"2019-03-20T18:45:24","guid":{"rendered":"http:\/\/gazdasagportal.hu\/?p=114549"},"modified":"2019-03-20T19:45:24","modified_gmt":"2019-03-20T18:45:24","slug":"brexit-felmeres-a-britek-csaknem-kivetel-nelkul-megalazonak-tartjak-a-brexit-kezelesi-modjat","status":"publish","type":"post","link":"https:\/\/gazdasagportal.hu\/index.php\/brexit-felmeres-a-britek-csaknem-kivetel-nelkul-megalazonak-tartjak-a-brexit-kezelesi-modjat\/","title":{"rendered":"Brexit &#8211; Felm\u00e9r\u00e9s: a britek csaknem kiv\u00e9tel n\u00e9lk\u00fcl megal\u00e1z\u00f3nak tartj\u00e1k a Brexit kezel\u00e9si m\u00f3dj\u00e1t"},"content":{"rendered":"<p><strong>A legfrissebb felm\u00e9r\u00e9s szerint a britek csaknem kiv\u00e9tel n\u00e9lk\u00fcl &#8222;nemzeti megal\u00e1ztat\u00e1sk\u00e9nt&#8221; \u00e9lik meg a brit EU-tags\u00e1g megsz\u0171n\u00e9si folyamat\u00e1nak (Brexit) kezel\u00e9si m\u00f3dj\u00e1t. Az \u00edgy v\u00e9leked\u0151k legnagyobb egyedi csoportja a brit korm\u00e1nyt tartja felel\u0151snek, a legkevesebben az Eur\u00f3pai Uni\u00f3t hib\u00e1ztatj\u00e1k.<\/strong><!--more--><\/p>\n<div class=\"ads-in-post1\"><div id=\"gazdasagportal.hu_fullbanner_wideboard\"><\/div>\r\n<\/div>\n<p>    A Sky Data k\u00f6zv\u00e9lem\u00e9ny-kutat\u00f3 c\u00e9g 1189 f\u0151s reprezentat\u00edv v\u00e1laszt\u00f3i csoport bevon\u00e1s\u00e1val szerd\u00e1n elv\u00e9gzett vizsg\u00e1lat\u00e1ban a v\u00e1laszad\u00f3k 90 sz\u00e1zal\u00e9ka mondta azt, hogy az eg\u00e9sz orsz\u00e1gra n\u00e9zve megal\u00e1z\u00f3nak tartja a Brexit eddigi menet\u00e9t, \u00e9s mind\u00f6ssze 7 sz\u00e1zal\u00e9k volt ellenkez\u0151 v\u00e9lem\u00e9nyen.<br \/>\n    Arra a k\u00e9rd\u00e9sre, hogy kit tartanak hib\u00e1snak a jelenlegi helyzet\u00e9rt, a felm\u00e9r\u00e9s r\u00e9sztvev\u0151inek 34 sz\u00e1zal\u00e9ka a konzervat\u00edv p\u00e1rti brit korm\u00e1nyt, 26 sz\u00e1zal\u00e9k a londoni als\u00f3h\u00e1z k\u00e9pvisel\u0151it, 7 sz\u00e1zal\u00e9k az Eur\u00f3pai Uni\u00f3t nevezte meg.<br \/>\n    A v\u00e1laszad\u00f3k 24 sz\u00e1zal\u00e9ka szerint a korm\u00e1ny, a parlament \u00e9s az EU egyform\u00e1n felel\u0151s, 7 sz\u00e1zal\u00e9kuk szerint ugyanakkor egyik sem hib\u00e1ztathat\u00f3.<br \/>\n    Theresa May minisztereln\u00f6k \u00e9ppen szerd\u00e1n kezdem\u00e9nyezte hivatalosan az Eur\u00f3pai Uni\u00f3n\u00e1l a Brexit j\u00f6v\u0151 p\u00e9nteken lej\u00e1r\u00f3 hat\u00e1ridej\u00e9nek j\u00fanius 30-ig terjed\u0151 halaszt\u00e1s\u00e1t.<br \/>\n<div class=\"ads-in-post2\"><script async src=\"https:\/\/pagead2.googlesyndication.com\/pagead\/js\/adsbygoogle.js\"><\/script>\r\n<ins class=\"adsbygoogle\"\r\n     style=\"display:block\"\r\n     data-ad-format=\"fluid\"\r\n     data-ad-layout-key=\"-6t+ed+2i-1n-4w\"\r\n     data-ad-client=\"ca-pub-1959107119989764\"\r\n     data-ad-slot=\"4008251320\"><\/ins>\r\n<script>\r\n     (adsbygoogle = window.adsbygoogle || []).push({});\r\n<\/script><\/div>\n    Ennek el\u0151zm\u00e9nyek\u00e9nt az als\u00f3h\u00e1z k\u00e9tszer is &#8211; el\u0151sz\u00f6r janu\u00e1rban, majd m\u00falt kedden &#8211; nagy t\u00f6bbs\u00e9ggel elutas\u00edtotta a Brexit felt\u00e9telrendszer\u00e9t r\u00f6gz\u00edt\u0151, az EU-val tavaly novemberben el\u00e9rt meg\u00e1llapod\u00e1st, a keddi szavaz\u00e1s ut\u00e1n nem sokkal viszont megszavazott egy olyan m\u00f3dos\u00edt\u00f3 ind\u00edtv\u00e1nyt, amely elveti a meg\u00e1llapod\u00e1s n\u00e9lk\u00fcli kil\u00e9p\u00e9st az Eur\u00f3pai Uni\u00f3b\u00f3l.<br \/>\n    Az Eur\u00f3pai Tan\u00e1cs eln\u00f6k\u00e9nek, Donald Tusknak k\u00fcld\u00f6tt szerdai level\u00e9ben Theresa May k\u00f6zli: j\u00f3llehet b\u00edzik abban, hogy a londoni parlament v\u00e9g\u00fcl ratifik\u00e1lja a Brexit-meg\u00e1llapod\u00e1st, erre azonban a kil\u00e9p\u00e9s m\u00e1rciusi 29-i hat\u00e1ridej\u00e9ig m\u00e1r nincs lehet\u0151s\u00e9g.<br \/>\n    A korm\u00e1nyf\u0151 n\u00e9h\u00e1ny napja m\u00e9g azon az \u00e1ll\u00e1sponton volt, hogy a meg\u00e1llapod\u00e1s \u00fajabb elutas\u00edt\u00e1sa eset\u00e9n a Brexit hosszabb ideig tart\u00f3 halaszt\u00e1s\u00e1ra lenne sz\u00fcks\u00e9g. A k\u00e9pvisel\u0151i k\u00e9rd\u00e9sek \u00e9s azonnali minisztereln\u00f6ki v\u00e1laszok szok\u00e1sos szerda d\u00e9lut\u00e1ni als\u00f3h\u00e1zi \u00f3r\u00e1j\u00e1ban, az Eur\u00f3pai Tan\u00e1cs eln\u00f6k\u00e9nek k\u00fcld\u00f6tt lev\u00e9l k\u00f6r\u00fcli vit\u00e1ban viszont m\u00e1r azt mondta, hogy &#8222;minisztereln\u00f6kk\u00e9nt&#8221; nem tud j\u00fanius 30-\u00e1n\u00e1l k\u00e9s\u0151bbi id\u0151pontig terjed\u0151 halaszt\u00e1sban gondolkodni.<br \/>\n    Egyes elemz\u0151i v\u00e9lem\u00e9nyek szerint Theresa May ezzel a megfogalmaz\u00e1ssal ak\u00e1r arra is utalhatott, hogy ha a brit parlament vagy az EU a Brexit enn\u00e9l hosszabb halaszt\u00e1s\u00e1ra szor\u00edtja r\u00e1 a brit korm\u00e1nyt, akkor \u0151 t\u00e1vozhat posztj\u00e1r\u00f3l.(MTI)<\/p>\n","protected":false},"excerpt":{"rendered":"<p>A legfrissebb felm\u00e9r\u00e9s szerint a britek csaknem kiv\u00e9tel n\u00e9lk\u00fcl &#8222;nemzeti megal\u00e1ztat\u00e1sk\u00e9nt&#8221; \u00e9lik meg a brit EU-tags\u00e1g megsz\u0171n\u00e9si folyamat\u00e1nak (Brexit) kezel\u00e9si m\u00f3dj\u00e1t. Az \u00edgy v\u00e9leked\u0151k legnagyobb egyedi csoportja a brit korm\u00e1nyt tartja felel\u0151snek, a legkevesebben az Eur\u00f3pai Uni\u00f3t hib\u00e1ztatj\u00e1k.<\/p>\n","protected":false},"author":1001003,"featured_media":0,"comment_status":"closed","ping_status":"open","sticky":false,"template":"","format":"standard","meta":[],"categories":[12],"tags":[],"_links":{"self":[{"href":"https:\/\/gazdasagportal.hu\/index.php\/wp-json\/wp\/v2\/posts\/114549"}],"collection":[{"href":"https:\/\/gazdasagportal.hu\/index.php\/wp-json\/wp\/v2\/posts"}],"about":[{"href":"https:\/\/gazdasagportal.hu\/index.php\/wp-json\/wp\/v2\/types\/post"}],"author":[{"embeddable":true,"href":"https:\/\/gazdasagportal.hu\/index.php\/wp-json\/wp\/v2\/users\/1001003"}],"replies":[{"embeddable":true,"href":"https:\/\/gazdasagportal.hu\/index.php\/wp-json\/wp\/v2\/comments?post=114549"}],"version-history":[{"count":1,"href":"https:\/\/gazdasagportal.hu\/index.php\/wp-json\/wp\/v2\/posts\/114549\/revisions"}],"predecessor-version":[{"id":114550,"href":"https:\/\/gazdasagportal.hu\/index.php\/wp-json\/wp\/v2\/posts\/114549\/revisions\/114550"}],"wp:attachment":[{"href":"https:\/\/gazdasagportal.hu\/index.php\/wp-json\/wp\/v2\/media?parent=114549"}],"wp:term":[{"taxonomy":"category","embeddable":true,"href":"https:\/\/gazdasagportal.hu\/index.php\/wp-json\/wp\/v2\/categories?post=114549"},{"taxonomy":"post_tag","embeddable":true,"href":"https:\/\/gazdasagportal.hu\/index.php\/wp-json\/wp\/v2\/tags?post=114549"}],"curies":[{"name":"wp","href":"https:\/\/api.w.org\/{rel}","templated":true}]}}