{"id":114547,"date":"2019-03-20T17:27:32","date_gmt":"2019-03-20T16:27:32","guid":{"rendered":"http:\/\/gazdasagportal.hu\/?p=114547"},"modified":"2019-03-20T16:58:34","modified_gmt":"2019-03-20T15:58:34","slug":"mik-azok-az-alhirek-nmhh-s-oktatoanyagok-keszultek-a-mediamuveltseg-europai-hetere","status":"publish","type":"post","link":"https:\/\/gazdasagportal.hu\/index.php\/mik-azok-az-alhirek-nmhh-s-oktatoanyagok-keszultek-a-mediamuveltseg-europai-hetere\/","title":{"rendered":"Mik azok az \u00e1lh\u00edrek? NMHH-s oktat\u00f3anyagok k\u00e9sz\u00fcltek a m\u00e9diam\u0171velts\u00e9g eur\u00f3pai het\u00e9re"},"content":{"rendered":"<p><strong>M\u00e1rcius 18. \u00e9s 22. k\u00f6z\u00f6tt zajlik az Eur\u00f3pai Bizotts\u00e1g friss kezdem\u00e9nyez\u00e9se, a m\u00e9diam\u0171velts\u00e9g eur\u00f3pai hete. Az alkalomb\u00f3l a Nemzeti M\u00e9dia- \u00e9s H\u00edrk\u00f6zl\u00e9si Hat\u00f3s\u00e1g (NMHH) fiataloknak sz\u00f3l\u00f3 infografik\u00e1kat, \u00e9s ezekhez is kapcsol\u00f3d\u00f3, iskolai haszn\u00e1latra alkalmas \u00f3raterveket \u00e1ll\u00edtott \u00f6ssze az \u00e1lh\u00edrekr\u0151l, \u00e9s feln\u0151tt olvas\u00f3kra sz\u00e1m\u00edt\u00f3, t\u00e1mogatott online cikkeket aj\u00e1nl. A tematikus h\u00e9ten az uni\u00f3s tag\u00e1llamok az \u00e1lh\u00edrek felismer\u00e9s\u00e9t is seg\u00edt\u0151 m\u00e9dia\u00e9rt\u00e9s jelent\u0151s\u00e9g\u00e9re h\u00edvj\u00e1k fel a figyelmet, amelyeknek k\u00f6sz\u00f6nhet\u0151en j\u00f3zan kritik\u00e1val, j\u00f3linform\u00e1ltan, megalapozott d\u00f6nt\u00e9sek hozhat\u00f3k. A f\u00e9lret\u00e1j\u00e9koztat\u00e1ssal szembeni harcban \u2013 b\u00e1r fontos szerepet j\u00e1tszanak a technol\u00f3giai, szab\u00e1lyoz\u00e1si l\u00e9p\u00e9sek \u2013, a m\u00e9diam\u0171velts\u00e9g fejleszt\u00e9se tov\u00e1bbra is kulcsk\u00e9rd\u00e9s marad.\u00a0 <\/strong><!--more--><\/p>\n<div class=\"ads-in-post1\"><div id=\"gazdasagportal.hu_fullbanner_wideboard\"><\/div>\r\n<\/div>\n<p>A <a href=\"https:\/\/ec.europa.eu\/digital-single-market\/en\/news\/european-media-literacy-week\" target=\"_blank\" rel=\"noopener\">m\u00e9diam\u0171velts\u00e9g eur\u00f3pai het\u00e9ben<\/a> az NMHH, \u00e9s annak m\u00e9dia\u00e9rt\u00e9s-oktat\u00f3 k\u00f6zpontja, B\u0171v\u00f6sv\u00f6lgy az \u00e1lh\u00edrek elleni k\u00fczdelmet \u00e1ll\u00edtja k\u00f6z\u00e9ppontba. Az \u00e1lh\u00edrek mennyis\u00e9g\u00e9t \u00e9s terjed\u00e9s\u00e9t t\u00f6bb szerepl\u0151 befoly\u00e1solja: a m\u00e9diatartalom el\u0151\u00e1ll\u00edt\u00f3ja, a h\u00edrek k\u00f6zz\u00e9tev\u0151i \u00e9s tov\u00e1bb\u00edt\u00f3i mellett meghat\u00e1roz\u00f3 t\u00e9nyez\u0151 maga az \u00e9rt\u0151, \u00e9rtelmezni tud\u00f3 \u00e1llampolg\u00e1r.<\/p>\n<p><strong><em>Fiataloknak \u00e9s feln\u0151tteknek sz\u00f3l\u00f3 ismeretterjeszt\u00e9s<\/em><\/strong><\/p><div id=\"gazda-1924591111\" class=\"gazda-tartalomban gazda-entity-placement\"><script async src=\"https:\/\/pagead2.googlesyndication.com\/pagead\/js\/adsbygoogle.js\"><\/script>\r\n<ins class=\"adsbygoogle\"\r\n     style=\"display:block\"\r\n     data-ad-format=\"fluid\"\r\n     data-ad-layout-key=\"-6t+ed+2i-1n-4w\"\r\n     data-ad-client=\"ca-pub-1959107119989764\"\r\n     data-ad-slot=\"4008251320\"><\/ins>\r\n<script>\r\n     (adsbygoogle = window.adsbygoogle || []).push({});\r\n<\/script><\/div>\n<p>A t\u00e9m\u00e1ban el\u00e9rhet\u0151 eduk\u00e1ci\u00f3s lehet\u0151s\u00e9gek b\u0151v\u00edt\u00e9s\u00e9re a B\u0171v\u00f6sv\u00f6lgy oktat\u00f3i az Urbanlegends.hu t\u00e9nyellen\u0151rz\u0151 oldallal egy\u00fcttm\u0171k\u00f6dve fiataloknak sz\u00f3l\u00f3 seg\u00e9danyagokat k\u00e9sz\u00edtettek a t\u00e9ma \u00e1ttekint\u00e9s\u00e9hez, m\u00e9lyebb megismer\u00e9s\u00e9hez, otthoni vagy iskolai feldolgoz\u00e1s\u00e1hoz. A <a href=\"http:\/\/buvosvolgy.hu\/alhirek\" target=\"_blank\" rel=\"noopener\">buvosvolgy.hu\/alhirek<\/a>\/ oldalon h\u00e1rom \u00e9letkori szakasz \u2013 10-13 \u00e9vesek, 14-16 \u00e9vesek \u00e9s 17-18 \u00e9vesek \u2013 ig\u00e9nyeihez igaz\u00edtott \u00f3raterveket lehet el\u00e9rni, valamint \u00f6t infografik\u00e1t, amelyek k\u00fcl\u00f6nb\u00f6z\u0151 szempontok szerint tekintik \u00e1t az \u00e1lh\u00edrek t\u00edpusait, motiv\u00e1ci\u00f3it: pl. mi az \u00e1lh\u00edr, mik\u00e9nt m\u0171k\u00f6dik, hogyan ellen\u0151rizhet\u0151, mit\u0151l sz\u00e1m\u00edt megb\u00edzhat\u00f3nak a k\u00f6zz\u00e9tev\u0151. Az oldal tartalmai szabadon felhaszn\u00e1lhat\u00f3k, megoszthat\u00f3k, amelyeket az NMHH Facebook-kamp\u00e1nyban n\u00e9pszer\u0171s\u00edt \u00e9s pedag\u00f3gusokhoz is eljuttat.<\/p>\n<p>Az NMHH emellett \u2013 a feln\u0151tt h\u00edrfogyaszt\u00f3k megsz\u00f3l\u00edt\u00e1s\u00e1hoz \u2013 t\u00e1mogatott cikkek \u00edr\u00e1s\u00e1ra k\u00e9rt fel t\u00f6bb olyan online h\u00edroldalt, amelyek szakmai, tematikus ir\u00e1nyuk miatt pontosan l\u00e1tj\u00e1k bizonyos t\u00edpus\u00fa \u00e1lh\u00edrek terjed\u00e9s\u00e9nek logik\u00e1j\u00e1t. A cikkek h\u00edres \u00e1lh\u00edreseteket dolgoznak fel, amelyekben megt\u00e9veszt\u0151, alaptalan inform\u00e1ci\u00f3k okoztak k\u00e1rt a gazdas\u00e1gban, a gy\u00f3gy\u00edt\u00e1sban vagy mindennapos \u00e9lethelyzetekben. A cikkek a h\u00e9ten jelennek majd meg, a v\u00e1rakoz\u00e1sok szerint t\u00f6bb t\u00edzezer olvas\u00f3t eduk\u00e1lva.<\/p>\n<div class=\"ads-in-post2\"><script async src=\"https:\/\/pagead2.googlesyndication.com\/pagead\/js\/adsbygoogle.js\"><\/script>\r\n<ins class=\"adsbygoogle\"\r\n     style=\"display:block\"\r\n     data-ad-format=\"fluid\"\r\n     data-ad-layout-key=\"-6t+ed+2i-1n-4w\"\r\n     data-ad-client=\"ca-pub-1959107119989764\"\r\n     data-ad-slot=\"4008251320\"><\/ins>\r\n<script>\r\n     (adsbygoogle = window.adsbygoogle || []).push({});\r\n<\/script><\/div>\nA kamp\u00e1ny \u00e1tfog\u00f3 c\u00e9lja, hogy a keret\u00e9ben k\u00e9sz\u00fclt anyagok seg\u00edts\u00e9g\u00e9vel gyerekek \u00e9s feln\u0151ttek egyar\u00e1nt jobban r\u00e1l\u00e1ssanak saj\u00e1t sebezhet\u0151s\u00e9g\u00fckre, valamint \u00f6szt\u00f6nz\u00e9st kapjanak a tudatosabb t\u00e1j\u00e9koz\u00f3d\u00e1shoz \u00e9s h\u00edrmegoszt\u00e1shoz.<\/p>\n<p>&nbsp;<\/p>\n<p><strong><em>A m\u00e9dia\u00e9rt\u00e9s szerepe a t\u00e1j\u00e9koz\u00f3d\u00e1sban, uni\u00f3s kitekint\u00e9ssel<\/em><\/strong><\/p>\n<p>A m\u00e9diam\u0171velts\u00e9g meghat\u00e1roz\u00f3 szerepet j\u00e1tszik abban, hogy k\u00e9pesek legy\u00fcnk t\u00e1j\u00e9kozottan d\u00f6nt\u00e9seket hozni a digit\u00e1lis korszakban. A m\u00e9dia\u00e9rt\u00e9s k\u00e9pess\u00e9ge el\u0151felt\u00e9tele minden eleven, modern demokr\u00e1ci\u00e1nak, \u00e9s fontos t\u00e9ma a k\u00f6zelg\u0151 eur\u00f3pai parlamenti v\u00e1laszt\u00e1sok kapcs\u00e1n is. A digit\u00e1lis k\u00f6rnyezet nagy szerepl\u0151i \u00e9s a jogi szab\u00e1lyoz\u00e1s sokat tehetnek a k\u00e1ros hat\u00e1sok enyh\u00edt\u00e9s\u00e9re, de a h\u00edrfogyaszt\u00f3k n\u00e9lk\u00fcl, \u00f6nmagukban nem oldhatj\u00e1k meg az \u00e1lh\u00edrek probl\u00e9m\u00e1it.<\/p>\n<p>A m\u00e9diam\u0171velts\u00e9g eur\u00f3pai het\u00e9t az Eur\u00f3pai Bizotts\u00e1g els\u0151 alkalommal szervezte meg, abb\u00f3l a c\u00e9lb\u00f3l, hogy az eg\u00e9sz k\u00f6z\u00f6ss\u00e9gben felh\u00edvja a figyelmet a m\u00e9diam\u0171velts\u00e9g, m\u00e9dia\u00e9rt\u00e9s fontoss\u00e1g\u00e1ra. A bizotts\u00e1g tavaly egy \u00f6nszab\u00e1lyoz\u00f3 magatart\u00e1si <a href=\"https:\/\/ec.europa.eu\/digital-single-market\/en\/news\/code-practice-disinformation\" target=\"_blank\" rel=\"noopener\">k\u00f3dexet<\/a> is \u00e9letre h\u00edvott \u2013 a demokratikus politikai folyamatokat, illetve az EU polg\u00e1rainak testi \u00e9s lelki eg\u00e9szs\u00e9g\u00e9t, k\u00f6rnyezet\u00e9t \u00e9s biztons\u00e1g\u00e1t, gazdas\u00e1gi boldogul\u00e1s\u00e1t vesz\u00e9lyeztet\u0151 \u2013 f\u00e9lret\u00e1j\u00e9koztat\u00f3 kamp\u00e1nyokkal szembeni k\u00fczdelem meger\u0151s\u00edt\u00e9s\u00e9re. A k\u00f3dexet al\u00e1\u00edr\u00f3 k\u00f6z\u00f6ss\u00e9gi m\u00e9di\u00e1s platformok (Facebook, Google, Twitter) \u00e9s a hirdet\u0151ket k\u00e9pvisel\u0151 sz\u00f6vets\u00e9gek m\u0171k\u00f6d\u00e9s\u00e9t a bizotts\u00e1g szigor\u00faan figyeli, \u00e9s ha az \u00f6nszab\u00e1lyoz\u00e1s eredm\u00e9nytelennek bizonyulna, szab\u00e1lyoz\u00e1si l\u00e9p\u00e9seket helyezett kil\u00e1t\u00e1sba.<\/p>\n<p>&nbsp;<\/p>\n<p>A B\u0171v\u00f6sv\u00f6lgy k\u00f6zpontokat is \u00fczemeltet\u0151 NMHH-nak nincs hat\u00e1sk\u00f6re a megt\u00e9veszt\u0151 online h\u00edrforr\u00e1sok ellen\u0151rz\u00e9s\u00e9re vagy szankcion\u00e1l\u00e1s\u00e1ra, ugyanakkor fontos c\u00e9lja, hogy minden egy\u00e9b, nem jogi eszk\u00f6zzel el\u0151mozd\u00edtsa a tudatos fogyaszt\u00f3i magatart\u00e1st, hogy hasznos inform\u00e1ci\u00f3kkal \u00e9s eszk\u00f6z\u00f6kkel t\u00e1mogassa a tudatosan gondolkod\u00f3 \u00e9s \u00fcgyeikben gondosan, t\u00e1j\u00e9kozottan elj\u00e1r\u00f3 \u00e1llampolg\u00e1rokat. Az infografik\u00e1k \u00e9s \u00f3ratervek nemzetk\u00f6zi tapasztalatokon alapul\u00f3 oktat\u00e1si javaslatok, nem fejeznek ki hat\u00f3s\u00e1gi \u00e1ll\u00e1sfoglal\u00e1st semmilyen konkr\u00e9t esetben.<\/p>\n","protected":false},"excerpt":{"rendered":"<p>M\u00e1rcius 18. \u00e9s 22. k\u00f6z\u00f6tt zajlik az Eur\u00f3pai Bizotts\u00e1g friss kezdem\u00e9nyez\u00e9se, a m\u00e9diam\u0171velts\u00e9g eur\u00f3pai hete. Az alkalomb\u00f3l a Nemzeti M\u00e9dia- \u00e9s H\u00edrk\u00f6zl\u00e9si Hat\u00f3s\u00e1g (NMHH) fiataloknak sz\u00f3l\u00f3 infografik\u00e1kat, \u00e9s ezekhez is kapcsol\u00f3d\u00f3, iskolai haszn\u00e1latra alkalmas \u00f3raterveket \u00e1ll\u00edtott \u00f6ssze az \u00e1lh\u00edrekr\u0151l, \u00e9s feln\u0151tt olvas\u00f3kra sz\u00e1m\u00edt\u00f3, t\u00e1mogatott online cikkeket aj\u00e1nl. A tematikus h\u00e9ten az uni\u00f3s tag\u00e1llamok az \u00e1lh\u00edrek &#8230;<\/p>\n","protected":false},"author":1,"featured_media":0,"comment_status":"closed","ping_status":"open","sticky":false,"template":"","format":"standard","meta":[],"categories":[4],"tags":[],"_links":{"self":[{"href":"https:\/\/gazdasagportal.hu\/index.php\/wp-json\/wp\/v2\/posts\/114547"}],"collection":[{"href":"https:\/\/gazdasagportal.hu\/index.php\/wp-json\/wp\/v2\/posts"}],"about":[{"href":"https:\/\/gazdasagportal.hu\/index.php\/wp-json\/wp\/v2\/types\/post"}],"author":[{"embeddable":true,"href":"https:\/\/gazdasagportal.hu\/index.php\/wp-json\/wp\/v2\/users\/1"}],"replies":[{"embeddable":true,"href":"https:\/\/gazdasagportal.hu\/index.php\/wp-json\/wp\/v2\/comments?post=114547"}],"version-history":[{"count":1,"href":"https:\/\/gazdasagportal.hu\/index.php\/wp-json\/wp\/v2\/posts\/114547\/revisions"}],"predecessor-version":[{"id":114548,"href":"https:\/\/gazdasagportal.hu\/index.php\/wp-json\/wp\/v2\/posts\/114547\/revisions\/114548"}],"wp:attachment":[{"href":"https:\/\/gazdasagportal.hu\/index.php\/wp-json\/wp\/v2\/media?parent=114547"}],"wp:term":[{"taxonomy":"category","embeddable":true,"href":"https:\/\/gazdasagportal.hu\/index.php\/wp-json\/wp\/v2\/categories?post=114547"},{"taxonomy":"post_tag","embeddable":true,"href":"https:\/\/gazdasagportal.hu\/index.php\/wp-json\/wp\/v2\/tags?post=114547"}],"curies":[{"name":"wp","href":"https:\/\/api.w.org\/{rel}","templated":true}]}}