{"id":114543,"date":"2019-03-20T16:19:48","date_gmt":"2019-03-20T15:19:48","guid":{"rendered":"http:\/\/gazdasagportal.hu\/?p=114543"},"modified":"2019-03-20T16:19:48","modified_gmt":"2019-03-20T15:19:48","slug":"atadtak-a-mapei-kft-uj-gyarat-am-lehet-hogy-a-megketszerezett-kapacitas-sem-eleg","status":"publish","type":"post","link":"https:\/\/gazdasagportal.hu\/index.php\/atadtak-a-mapei-kft-uj-gyarat-am-lehet-hogy-a-megketszerezett-kapacitas-sem-eleg\/","title":{"rendered":"\u00c1tadt\u00e1k a Mapei Kft. \u00faj gy\u00e1r\u00e1t \u2013 \u00e1m lehet, hogy a megk\u00e9tszerezett kapacit\u00e1s sem el\u00e9g"},"content":{"rendered":"<p><b>2,8 milli\u00e1rd forintos beruh\u00e1z\u00e1s keret\u00e9ben, robottechnol\u00f3gia bevezet\u00e9s\u00e9vel tette hat\u00e9konyabb\u00e1 gy\u00e1rt\u00e1si folyamatait a v\u00e1llalat, valamint k\u00e9tszeres\u00e9re, mintegy 15 ezer n\u00e9gyzetm\u00e9terre b\u0151v\u00edtette a rakt\u00e1rkapacit\u00e1s. Azonban lehet, hogy ez sem lesz el\u00e9g az \u00e9p\u00edt\u0151ipar megn\u00f6vekedett ig\u00e9nyeinek kiel\u00e9g\u00edt\u00e9s\u00e9re.<\/b><!--more--><\/p>\n<div class=\"ads-in-post1\"><div id=\"gazdasagportal.hu_fullbanner_wideboard\"><\/div>\r\n<\/div>\n<p>\u201eEz a beruh\u00e1z\u00e1s egyr\u00e9szt oka, illetve a k\u00f6vetkezm\u00e9nye annak a gazdas\u00e1gi fejl\u0151d\u00e9snek, ami az elm\u00falt \u00e9vekben Magyarorsz\u00e1gon megval\u00f3sulhatott\u201d \u2013 mondta R\u00e1kossy Bal\u00e1zs eur\u00f3pai uni\u00f3s forr\u00e1sok felhaszn\u00e1l\u00e1s\u00e1\u00e9rt felel\u0151s \u00e1llamtitk\u00e1r k\u00f6sz\u00f6nt\u0151j\u00e9ben.<\/p>\n<p>Hozz\u00e1tette: a beruh\u00e1z\u00e1s l\u00e9trej\u00f6tt\u00e9nek, fontos el\u0151felt\u00e9tele a j\u00f3 partners\u00e9gi egy\u00fcttm\u0171k\u00f6d\u00e9s, az er\u0151s gazdas\u00e1g, ami az alapja, illetve a z\u00e1loga annak, hogy azon bel\u00fcl is legyen egy er\u0151s magyar ipari teljes\u00edtm\u00e9ny. A hazai gazdas\u00e1g robosztus n\u00f6veked\u00e9si p\u00e1ly\u00e1ra \u00e1llt, a gazdas\u00e1g n\u00f6veked\u00e9se a m\u00falt \u00e9vben meghaladta a 4,8%-ot, a foglalkoztat\u00e1s rekordszinten \u00e1ll, a munkan\u00e9lk\u00fclis\u00e9g 4% al\u00e1 cs\u00f6kkent, az ipar a tavalyi \u00e9vben 3,6%-kal n\u00f6vekedett.<\/p><div id=\"gazda-114655655\" class=\"gazda-tartalomban gazda-entity-placement\"><script async src=\"https:\/\/pagead2.googlesyndication.com\/pagead\/js\/adsbygoogle.js\"><\/script>\r\n<ins class=\"adsbygoogle\"\r\n     style=\"display:block\"\r\n     data-ad-format=\"fluid\"\r\n     data-ad-layout-key=\"-6t+ed+2i-1n-4w\"\r\n     data-ad-client=\"ca-pub-1959107119989764\"\r\n     data-ad-slot=\"4008251320\"><\/ins>\r\n<script>\r\n     (adsbygoogle = window.adsbygoogle || []).push({});\r\n<\/script><\/div>\n<p>\u201eA v\u00e1llalatcsoport b\u00edzik a magyar gazdas\u00e1gban, b\u00edzik az \u00e9p\u00edt\u0151ipar tart\u00f3s n\u00f6veked\u00e9s\u00e9ben. De nem csak b\u00edzunk a n\u00f6veked\u00e9sben, hanem szeretn\u00e9nk tev\u00e9kenyen hozz\u00e1 is j\u00e1rulni. Beruh\u00e1z\u00e1sunkkal, minden tud\u00e1sunkkal, eg\u00e9szs\u00e9g \u00e9s k\u00f6rnyezetbar\u00e1t term\u00e9keinkkel szeretn\u00e9nk seg\u00edteni az \u00e9p\u00edt\u0151ket \u00e9s \u00e9p\u00edttet\u0151ket a j\u00f6v\u0151 \u00e9p\u00fcleteinek megalkot\u00e1s\u00e1ban. Ez\u00e9rt t\u00e1mogatta a v\u00e1llalatcsoport ezt a nagyvolumen\u0171 magyarorsz\u00e1gi fejleszt\u00e9st\u201d \u2013 mondta Markovich B\u00e9la a Mapei Kft. \u00fcgyvezet\u0151je.<\/p>\n<p>A beruh\u00e1z\u00e1s keret\u00e9ben robotiz\u00e1l\u00e1sra ker\u00fcltek a gy\u00e1rt\u00e1si folyamat egyes r\u00e9szei. A logisztikai \u00e9s csomagol\u00e1si v\u00e9gfolyamatokat automatiz\u00e1l\u00f3 robotot Sofi\u00e1nak nevezt\u00e9k el a v\u00e1llalat munkat\u00e1rsai.<\/p>\n<p>A gy\u00e1rt\u00f3kapacit\u00e1s egy \u00faj, gravit\u00e1ci\u00f3s rendszer\u0171, energiatakar\u00e9kos gy\u00e1rt\u00f3sorral 55 ezer tonn\u00e1r\u00f3l 110 ezer tonn\u00e1ra n\u0151tt, valamint egy 800 tonn\u00e1s, beton-adal\u00e9kszer gy\u00e1rt\u00e1st seg\u00edt\u0151 speci\u00e1lis kever\u0151g\u00e9ppel b\u0151v\u00fclt.<\/p>\n<p>Markovich B\u00e9la elmondta, hogy ha jelenlegi \u00fctemben n\u00f6vekszik a kereslet az \u00e9v v\u00e9g\u00e9ig, nem lesz el\u00e9g a beruh\u00e1z\u00e1ssal k\u00e9tszeres\u00e9re n\u0151tt gy\u00e1rt\u00f3kapacit\u00e1s sem. B\u00e1r a v\u00e1llalat 16%-os n\u00f6veked\u00e9st tervezett id\u00e9nre, az elm\u00falt h\u00f3napok n\u00f6veked\u00e9se ezt j\u00f3val meghaladta.<\/p>\n<div class=\"ads-in-post2\"><script async src=\"https:\/\/pagead2.googlesyndication.com\/pagead\/js\/adsbygoogle.js\"><\/script>\r\n<ins class=\"adsbygoogle\"\r\n     style=\"display:block\"\r\n     data-ad-format=\"fluid\"\r\n     data-ad-layout-key=\"-6t+ed+2i-1n-4w\"\r\n     data-ad-client=\"ca-pub-1959107119989764\"\r\n     data-ad-slot=\"4008251320\"><\/ins>\r\n<script>\r\n     (adsbygoogle = window.adsbygoogle || []).push({});\r\n<\/script><\/div>\nA 19 \u00faj munkahelyet teremt\u0151 beruh\u00e1z\u00e1s keret\u00e9ben b\u0151v\u00fcltek m\u00e9g az \u00fczem szoci\u00e1lis helyis\u00e9gei: 40 szem\u00e9lyes \u00e9tkez\u0151, konditerem, \u00f6lt\u00f6z\u0151k, ker\u00e9kp\u00e1r \u00e9s motorker\u00e9kp\u00e1r t\u00e1rol\u00f3 ker\u00fclt kialak\u00edt\u00e1sra.<\/p>\n<p>\u201eOlaszok vagyunk Olaszorsz\u00e1gban, magyarok vagyunk Magyarorsz\u00e1gon. Ez azt jelenti, hogy jobban meg tudjuk ismerni az orsz\u00e1got, a helyi ig\u00e9nyeket \u00e9s kifejleszthet\u00fcnk olyan term\u00e9keket, amelyek illeszkednek a piaci ig\u00e9nyekhez. Ennek k\u00f6sz\u00f6nhetj\u00fck piaci sikereinket. Ez a gy\u00e1rberuh\u00e1z\u00e1s pedig a bizony\u00edt\u00e9ka annak, hogy hisz\u00fcnk a piacban\u201d \u2013 mondta Veronica Squinzi a Mapei csoport glob\u00e1lis fejleszt\u00e9si igazgat\u00f3ja.<\/p>\n<p>A Mapei Kft. az \u00e9p\u00edt\u0151ipari seg\u00e9danyaggy\u00e1rt\u00e1s,- \u00e9s forgalmaz\u00e1s egyik legjelent\u0151sebb piaci szerepl\u0151je Magyarorsz\u00e1gon. 1991. szeptember 1-j\u00e9n j\u00f6tt l\u00e9tre az osztr\u00e1k Mapei GmbH. alap\u00edt\u00e1s\u00e1ban, a Mapei S.p.A. le\u00e1nyv\u00e1llalatak\u00e9nt. \u00a0A v\u00e1llalat jelenleg 176 f\u0151t foglalkoztat, forgalma 2018-ban 16,44 milli\u00e1rd forint volt. \u00c9vente t\u00f6bb mint\u00a065 000 tonna term\u00e9ket \u00e1ll\u00edt el\u0151, S\u00f3sk\u00faton l\u00e9v\u0151 15 ezer n\u00e9gyzetm\u00e9ter ter\u00fclet\u0171 gy\u00e1r\u00e1ban.<\/p>\n<p>A v\u00e1llalat tev\u00e9kenyen r\u00e9szt vesz a szakemberhi\u00e1ny \u00e9s a szakember ut\u00e1np\u00f3tl\u00e1s probl\u00e9m\u00e1j\u00e1nak megold\u00e1s\u00e1ba. 2018-ban 7347 szakember sz\u00e1m\u00e1ra biztos\u00edtott szakmai \u00e9s \u00fczleti t\u00e1m\u00e1j\u00fa k\u00e9pz\u00e9seket, 700 gyermek \u00e9s fiatal sz\u00e1m\u00e1ra tartott el\u0151ad\u00e1sokat az \u00e9p\u00edt\u0151ipari szakm\u00e1kr\u00f3l. A v\u00e1llalat \u00e1ltal alap\u00edtott Magyar \u00c9p\u00edt\u0151ipari Szakember K\u00f6z\u00f6ss\u00e9g tagjainak sz\u00e1ma jelenleg 1296 f\u0151.<\/p>\n<p>A 2015-ben megalap\u00edtotta a Mesterek Mestere d\u00edjat. Az \u00e9vente \u00e1tad\u00e1sra ker\u00fcl\u0151 d\u00edj c\u00e9lja elismerni a kiemelked\u0151 sz\u00ednvonal\u00fa munk\u00e1t ny\u00fajt\u00f3 \u00e9p\u00edt\u0151ipari szakemberek munk\u00e1j\u00e1t.<\/p>\n","protected":false},"excerpt":{"rendered":"<p>2,8 milli\u00e1rd forintos beruh\u00e1z\u00e1s keret\u00e9ben, robottechnol\u00f3gia bevezet\u00e9s\u00e9vel tette hat\u00e9konyabb\u00e1 gy\u00e1rt\u00e1si folyamatait a v\u00e1llalat, valamint k\u00e9tszeres\u00e9re, mintegy 15 ezer n\u00e9gyzetm\u00e9terre b\u0151v\u00edtette a rakt\u00e1rkapacit\u00e1s. Azonban lehet, hogy ez sem lesz el\u00e9g az \u00e9p\u00edt\u0151ipar megn\u00f6vekedett ig\u00e9nyeinek kiel\u00e9g\u00edt\u00e9s\u00e9re.<\/p>\n","protected":false},"author":1,"featured_media":0,"comment_status":"closed","ping_status":"open","sticky":false,"template":"","format":"standard","meta":[],"categories":[19],"tags":[],"_links":{"self":[{"href":"https:\/\/gazdasagportal.hu\/index.php\/wp-json\/wp\/v2\/posts\/114543"}],"collection":[{"href":"https:\/\/gazdasagportal.hu\/index.php\/wp-json\/wp\/v2\/posts"}],"about":[{"href":"https:\/\/gazdasagportal.hu\/index.php\/wp-json\/wp\/v2\/types\/post"}],"author":[{"embeddable":true,"href":"https:\/\/gazdasagportal.hu\/index.php\/wp-json\/wp\/v2\/users\/1"}],"replies":[{"embeddable":true,"href":"https:\/\/gazdasagportal.hu\/index.php\/wp-json\/wp\/v2\/comments?post=114543"}],"version-history":[{"count":1,"href":"https:\/\/gazdasagportal.hu\/index.php\/wp-json\/wp\/v2\/posts\/114543\/revisions"}],"predecessor-version":[{"id":114544,"href":"https:\/\/gazdasagportal.hu\/index.php\/wp-json\/wp\/v2\/posts\/114543\/revisions\/114544"}],"wp:attachment":[{"href":"https:\/\/gazdasagportal.hu\/index.php\/wp-json\/wp\/v2\/media?parent=114543"}],"wp:term":[{"taxonomy":"category","embeddable":true,"href":"https:\/\/gazdasagportal.hu\/index.php\/wp-json\/wp\/v2\/categories?post=114543"},{"taxonomy":"post_tag","embeddable":true,"href":"https:\/\/gazdasagportal.hu\/index.php\/wp-json\/wp\/v2\/tags?post=114543"}],"curies":[{"name":"wp","href":"https:\/\/api.w.org\/{rel}","templated":true}]}}