{"id":114529,"date":"2019-03-20T10:52:49","date_gmt":"2019-03-20T09:52:49","guid":{"rendered":"http:\/\/gazdasagportal.hu\/?p=114529"},"modified":"2019-03-20T10:52:49","modified_gmt":"2019-03-20T09:52:49","slug":"ksh-januar-nem-csucsszezon-a-magyarorszagi-szallashelyeken","status":"publish","type":"post","link":"https:\/\/gazdasagportal.hu\/index.php\/ksh-januar-nem-csucsszezon-a-magyarorszagi-szallashelyeken\/","title":{"rendered":"KSH: janu\u00e1r nem cs\u00facsszezon a magyarorsz\u00e1gi sz\u00e1ll\u00e1shelyeken"},"content":{"rendered":"<p><strong>Janu\u00e1rban a k\u00fclf\u00f6ldi vend\u00e9gek 1,2, a belf\u00f6ldi vend\u00e9gek 0,1 sz\u00e1zal\u00e9kkal kevesebb vend\u00e9g\u00e9jszak\u00e1t t\u00f6lt\u00f6ttek el a kereskedelmi sz\u00e1ll\u00e1shelyeken, mint egy \u00e9vvel kor\u00e1bban &#8211; jelentette szerd\u00e1n a K\u00f6zponti Statisztikai Hivatal (KSH).<\/strong><!--more--><\/p>\n<div class=\"ads-in-post1\"><div id=\"gazdasagportal.hu_fullbanner_wideboard\"><\/div>\r\n<\/div>\n<p>    A k\u00fclf\u00f6ldi vend\u00e9gek sz\u00e1ma megk\u00f6zel\u00edtette a 310 ezret, akik 780 ezer vend\u00e9g\u00e9jszak\u00e1t t\u00f6lt\u00f6ttek el. A vend\u00e9gek sz\u00e1ma 1,1 sz\u00e1zal\u00e9kkal n\u0151tt. A belf\u00f6ldi vend\u00e9gek sz\u00e1ma 0,7 sz\u00e1zal\u00e9kkal volt magasabb, \u00e9s megk\u00f6zel\u00edtette a 338 ezret, az \u00e1ltaluk elt\u00f6lt\u00f6tt vend\u00e9g\u00e9jszak\u00e1k sz\u00e1ma 743 ezer volt. A k\u00fclf\u00f6ldiek \u00e9s a belf\u00f6ldiek egy\u00fctt \u00f6sszesen 1,523 milli\u00f3 vend\u00e9g\u00e9jszak\u00e1t t\u00f6lt\u00f6ttek el a magyarorsz\u00e1gi sz\u00e1ll\u00e1shelyeken, ami 0,7 sz\u00e1zal\u00e9kkal maradt el a tavaly janu\u00e1rit\u00f3l.<br \/>\n    A m\u00falt \u00e9vben a k\u00fclf\u00f6ldiek 2,4, a belf\u00f6ldiek 5,3 sz\u00e1zal\u00e9kkal,  egy\u00fcttesen 3,8 sz\u00e1zal\u00e9kkal t\u00f6bb vend\u00e9g\u00e9jszak\u00e1t t\u00f6lt\u00f6ttek a sz\u00e1ll\u00e1shelyeken.<br \/>\n<div class=\"ads-in-post2\"><script async src=\"https:\/\/pagead2.googlesyndication.com\/pagead\/js\/adsbygoogle.js\"><\/script>\r\n<ins class=\"adsbygoogle\"\r\n     style=\"display:block\"\r\n     data-ad-format=\"fluid\"\r\n     data-ad-layout-key=\"-6t+ed+2i-1n-4w\"\r\n     data-ad-client=\"ca-pub-1959107119989764\"\r\n     data-ad-slot=\"4008251320\"><\/ins>\r\n<script>\r\n     (adsbygoogle = window.adsbygoogle || []).push({});\r\n<\/script><\/div>\n     A sz\u00e1llod\u00e1k szobakihaszn\u00e1lts\u00e1ga 0,7 sz\u00e1zal\u00e9kponttal, 44,1 sz\u00e1zal\u00e9kra cs\u00f6kkent. Az egy kiadhat\u00f3 szob\u00e1ra jut\u00f3 brutt\u00f3 szoba\u00e1r-bev\u00e9tel (Revpar) 7,2 sz\u00e1zal\u00e9kkal 8518 forintra emelkedett janu\u00e1rban, a szob\u00e1k \u00e1tlag\u00e1ra 9,0 sz\u00e1zal\u00e9kkal 19 328 forintra emelkedett.<br \/>\n    Az \u00f6sszes brutt\u00f3 \u00e1rbev\u00e9tel foly\u00f3 \u00e1ron 9,4 sz\u00e1zal\u00e9kkal 29,1 milli\u00e1rd forintra n\u0151tt tavaly janu\u00e1rhoz k\u00e9pest, a magasabb szoba\u00e1rak, illetve a vend\u00e9gl\u00e1t\u00f3 tev\u00e9kenys\u00e9gb\u0151l sz\u00e1rmaz\u00f3 n\u00f6vekv\u0151 bev\u00e9tel hat\u00e1s\u00e1ra &#8211; k\u00f6z\u00f6lte a KSH. A bev\u00e9teleken bel\u00fcl a sz\u00e1ll\u00e1sd\u00edjbev\u00e9tel 8,6 sz\u00e1zal\u00e9kkal 15,6 milli\u00e1rd forintra emelkedett, a vend\u00e9gl\u00e1t\u00e1s \u00e1rbev\u00e9tele 7,9 milli\u00e1rd forint volt, 25,4 sz\u00e1zal\u00e9kos n\u00f6veked\u00e9ssel.<br \/>\n    Az \u00e1tlagos cs\u00f6kken\u00e9ssel szemben 20,4 sz\u00e1zal\u00e9kkal t\u00f6bb  vend\u00e9g\u00e9jszak\u00e1t t\u00f6lt\u00f6ttek el a k\u00ednai turist\u00e1k, 15,4 sz\u00e1zal\u00e9kkal t\u00f6bbet az amerikaiak, 11,4 sz\u00e1zal\u00e9kkal t\u00f6bbet a spanyolok, 9,8 sz\u00e1zal\u00e9kkal t\u00f6bbet a franci\u00e1k \u00e9s 8,7 sz\u00e1zal\u00e9kkal emelkedett az Egyes\u00fclt Kir\u00e1lys\u00e1gb\u00f3l \u00e9rkezettek \u00e1ltal elt\u00f6lt\u00f6tt vend\u00e9g\u00e9jszak\u00e1k sz\u00e1ma tavaly janu\u00e1rhoz viszony\u00edtva.<br \/>\n    A k\u00fclf\u00f6ldi vend\u00e9g\u00e9jszak\u00e1k sz\u00e1ma a janu\u00e1rban m\u00e9rs\u00e9kelt forgalmat lebonyol\u00edt\u00f3 \u00fcd\u00fcl\u0151h\u00e1zakban \u00e9s kempingekben emelkedett, mik\u00f6zben a sz\u00e1llod\u00e1kban, panzi\u00f3kban \u00e9s a k\u00f6z\u00f6ss\u00e9gi sz\u00e1ll\u00e1shelyeken cs\u00f6kkent. A vend\u00e9g\u00e9jszak\u00e1k k\u00f6zel h\u00e9ttized\u00e9t a Budapest-K\u00f6z\u00e9p-Duna-vid\u00e9k r\u00e9gi\u00f3ban t\u00f6lt\u00f6tt\u00e9k a k\u00fclf\u00f6ldiek, 1,0 sz\u00e1zal\u00e9kkal kevesebbet, mint az el\u0151z\u0151 \u00e9v azonos h\u00f3napj\u00e1ban.<br \/>\n    A belf\u00f6ldivend\u00e9g-\u00e9jszak\u00e1k 81 sz\u00e1zal\u00e9k\u00e1t realiz\u00e1l\u00f3 sz\u00e1llod\u00e1kban 0,6 sz\u00e1zal\u00e9kos volt a cs\u00f6kken\u00e9s m\u00e9rt\u00e9ke. A belf\u00f6ldivend\u00e9g-\u00e9jszak\u00e1k sz\u00e1ma \u00c9szak-Alf\u00f6ld, D\u00e9l-Alf\u00f6ld \u00e9s Balaton r\u00e9gi\u00f3kban visszaesett, a t\u00f6bbi turisztikai r\u00e9gi\u00f3ban b\u0151v\u00fclt.<br \/>\n    Sz\u00e9chenyi Pihen\u0151k\u00e1rty\u00e1val a k\u00e1rtyatulajdonosok 7,4 sz\u00e1zal\u00e9kkal t\u00f6bbet, t\u00f6bb mint 1,1 milli\u00e1rd forintot fizettek a kereskedelmi sz\u00e1ll\u00e1shelyeken janu\u00e1rban.<br \/>\n    Janu\u00e1r 31-\u00e9n az el\u0151z\u0151 \u00e9v azonos id\u0151pontj\u00e1hoz k\u00e9pest 2582 kereskedelmi sz\u00e1ll\u00e1shely k\u00f6zel 77 ezer szob\u00e1val \u00e9s 212 ezer f\u00e9r\u0151hellyel v\u00e1rta a vend\u00e9geket. A szob\u00e1k sz\u00e1ma 2,1, a f\u00e9r\u0151helyek sz\u00e1ma 1,7 sz\u00e1zal\u00e9kkal n\u0151tt.(MTI)<\/p>\n","protected":false},"excerpt":{"rendered":"<p>Janu\u00e1rban a k\u00fclf\u00f6ldi vend\u00e9gek 1,2, a belf\u00f6ldi vend\u00e9gek 0,1 sz\u00e1zal\u00e9kkal kevesebb vend\u00e9g\u00e9jszak\u00e1t t\u00f6lt\u00f6ttek el a kereskedelmi sz\u00e1ll\u00e1shelyeken, mint egy \u00e9vvel kor\u00e1bban &#8211; jelentette szerd\u00e1n a K\u00f6zponti Statisztikai Hivatal (KSH).<\/p>\n","protected":false},"author":1,"featured_media":0,"comment_status":"closed","ping_status":"open","sticky":false,"template":"","format":"standard","meta":[],"categories":[19],"tags":[],"_links":{"self":[{"href":"https:\/\/gazdasagportal.hu\/index.php\/wp-json\/wp\/v2\/posts\/114529"}],"collection":[{"href":"https:\/\/gazdasagportal.hu\/index.php\/wp-json\/wp\/v2\/posts"}],"about":[{"href":"https:\/\/gazdasagportal.hu\/index.php\/wp-json\/wp\/v2\/types\/post"}],"author":[{"embeddable":true,"href":"https:\/\/gazdasagportal.hu\/index.php\/wp-json\/wp\/v2\/users\/1"}],"replies":[{"embeddable":true,"href":"https:\/\/gazdasagportal.hu\/index.php\/wp-json\/wp\/v2\/comments?post=114529"}],"version-history":[{"count":1,"href":"https:\/\/gazdasagportal.hu\/index.php\/wp-json\/wp\/v2\/posts\/114529\/revisions"}],"predecessor-version":[{"id":114530,"href":"https:\/\/gazdasagportal.hu\/index.php\/wp-json\/wp\/v2\/posts\/114529\/revisions\/114530"}],"wp:attachment":[{"href":"https:\/\/gazdasagportal.hu\/index.php\/wp-json\/wp\/v2\/media?parent=114529"}],"wp:term":[{"taxonomy":"category","embeddable":true,"href":"https:\/\/gazdasagportal.hu\/index.php\/wp-json\/wp\/v2\/categories?post=114529"},{"taxonomy":"post_tag","embeddable":true,"href":"https:\/\/gazdasagportal.hu\/index.php\/wp-json\/wp\/v2\/tags?post=114529"}],"curies":[{"name":"wp","href":"https:\/\/api.w.org\/{rel}","templated":true}]}}