{"id":114505,"date":"2019-03-19T13:23:47","date_gmt":"2019-03-19T12:23:47","guid":{"rendered":"http:\/\/gazdasagportal.hu\/?p=114505"},"modified":"2019-03-19T13:23:47","modified_gmt":"2019-03-19T12:23:47","slug":"nottek-a-munkakoltsegek-az-eu-ban","status":"publish","type":"post","link":"https:\/\/gazdasagportal.hu\/index.php\/nottek-a-munkakoltsegek-az-eu-ban\/","title":{"rendered":"N\u0151ttek a munkak\u00f6lts\u00e9gek az EU-ban"},"content":{"rendered":"<p><strong>Mind az Eur\u00f3pai Uni\u00f3 eg\u00e9sz\u00e9ben, mind az eur\u00f3\u00f6vezetben n\u0151ttek a munkak\u00f6lts\u00e9gek a m\u00falt \u00e9v utols\u00f3 negyed\u00e9ben &#8211; mutatj\u00e1k az Ecostat kedden k\u00f6zz\u00e9tett adatai.<\/strong><!--more--><\/p>\n<div class=\"ads-in-post1\"><div id=\"gazdasagportal.hu_fullbanner_wideboard\"><\/div>\r\n<\/div>\n<p>    Az EU statisztikai hivatal\u00e1nak kimutat\u00e1sa szerint a m\u00falt \u00e9v utols\u00f3 negyed\u00e9ben az EU 28 tag\u00e1llam\u00e1ban 2,8 sz\u00e1zal\u00e9kkal, az eur\u00f3\u00f6vezetben pedig 2,3 sz\u00e1zal\u00e9kkal n\u0151ttek az \u00f3r\u00e1nk\u00e9nti munkaer\u0151k\u00f6lts\u00e9gek 2017 hasonl\u00f3 id\u0151szak\u00e1hoz viszony\u00edtva.<br \/>\n    A munkak\u00f6lts\u00e9gek k\u00e9t f\u0151 \u00f6sszetev\u0151je k\u00f6z\u00fcl az egy munka\u00f3r\u00e1ra jut\u00f3 b\u00e9rek \u00e9s fizet\u00e9sek az eur\u00f3\u00f6vezetben 2,3 sz\u00e1zal\u00e9kkal, az EU eg\u00e9sz\u00e9ben pedig 3 sz\u00e1zal\u00e9kkal emelkedtek. A m\u00e1sik f\u0151 komponens, a b\u00e9ren k\u00edv\u00fcli juttat\u00e1sok az eur\u00f3z\u00f3n\u00e1ban 2,4 sz\u00e1zal\u00e9kkal, az EU eg\u00e9sz\u00e9ben pedig 2,2 sz\u00e1zal\u00e9kkal mentek f\u00f6ljebb 2018 negyedik negyed\u00e9ben 2017 utols\u00f3 negyed\u00e9hez viszony\u00edtva.<br \/>\n<div class=\"ads-in-post2\"><script async src=\"https:\/\/pagead2.googlesyndication.com\/pagead\/js\/adsbygoogle.js\"><\/script>\r\n<ins class=\"adsbygoogle\"\r\n     style=\"display:block\"\r\n     data-ad-format=\"fluid\"\r\n     data-ad-layout-key=\"-6t+ed+2i-1n-4w\"\r\n     data-ad-client=\"ca-pub-1959107119989764\"\r\n     data-ad-slot=\"4008251320\"><\/ins>\r\n<script>\r\n     (adsbygoogle = window.adsbygoogle || []).push({});\r\n<\/script><\/div>\n    Az Ecostat adatai szerint Magyarorsz\u00e1gon a munkak\u00f6lts\u00e9gek 2018 utols\u00f3 negyed\u00e9ben 8,1 sz\u00e1zal\u00e9kkal haladt\u00e1k meg az egy \u00e9vvel kor\u00e1bbiakat. Ezen bel\u00fcl a b\u00e9rek 10,4 sz\u00e1zal\u00e9kkal emelkedtek, m\u00edg az egyebek 2,3 sz\u00e1zal\u00e9kkal cs\u00f6kkentek.(MTI)<\/p>\n","protected":false},"excerpt":{"rendered":"<p>Mind az Eur\u00f3pai Uni\u00f3 eg\u00e9sz\u00e9ben, mind az eur\u00f3\u00f6vezetben n\u0151ttek a munkak\u00f6lts\u00e9gek a m\u00falt \u00e9v utols\u00f3 negyed\u00e9ben &#8211; mutatj\u00e1k az Ecostat kedden k\u00f6zz\u00e9tett adatai.<\/p>\n","protected":false},"author":1,"featured_media":0,"comment_status":"closed","ping_status":"open","sticky":false,"template":"","format":"standard","meta":[],"categories":[12,246],"tags":[],"_links":{"self":[{"href":"https:\/\/gazdasagportal.hu\/index.php\/wp-json\/wp\/v2\/posts\/114505"}],"collection":[{"href":"https:\/\/gazdasagportal.hu\/index.php\/wp-json\/wp\/v2\/posts"}],"about":[{"href":"https:\/\/gazdasagportal.hu\/index.php\/wp-json\/wp\/v2\/types\/post"}],"author":[{"embeddable":true,"href":"https:\/\/gazdasagportal.hu\/index.php\/wp-json\/wp\/v2\/users\/1"}],"replies":[{"embeddable":true,"href":"https:\/\/gazdasagportal.hu\/index.php\/wp-json\/wp\/v2\/comments?post=114505"}],"version-history":[{"count":1,"href":"https:\/\/gazdasagportal.hu\/index.php\/wp-json\/wp\/v2\/posts\/114505\/revisions"}],"predecessor-version":[{"id":114506,"href":"https:\/\/gazdasagportal.hu\/index.php\/wp-json\/wp\/v2\/posts\/114505\/revisions\/114506"}],"wp:attachment":[{"href":"https:\/\/gazdasagportal.hu\/index.php\/wp-json\/wp\/v2\/media?parent=114505"}],"wp:term":[{"taxonomy":"category","embeddable":true,"href":"https:\/\/gazdasagportal.hu\/index.php\/wp-json\/wp\/v2\/categories?post=114505"},{"taxonomy":"post_tag","embeddable":true,"href":"https:\/\/gazdasagportal.hu\/index.php\/wp-json\/wp\/v2\/tags?post=114505"}],"curies":[{"name":"wp","href":"https:\/\/api.w.org\/{rel}","templated":true}]}}