{"id":114503,"date":"2019-03-19T12:17:27","date_gmt":"2019-03-19T11:17:27","guid":{"rendered":"http:\/\/gazdasagportal.hu\/?p=114503"},"modified":"2019-03-19T12:17:27","modified_gmt":"2019-03-19T11:17:27","slug":"javult-a-gazdasagi-hangulat-nemetorszagban-es-az-euroovezetben-2","status":"publish","type":"post","link":"https:\/\/gazdasagportal.hu\/index.php\/javult-a-gazdasagi-hangulat-nemetorszagban-es-az-euroovezetben-2\/","title":{"rendered":"Javult a gazdas\u00e1gi hangulat N\u00e9metorsz\u00e1gban \u00e9s az eur\u00f3\u00f6vezetben"},"content":{"rendered":"<p><strong>Javult a gazdas\u00e1gi hangulat N\u00e9metorsz\u00e1gban \u00e9s az eur\u00f3\u00f6vezetben m\u00e1rciusban, imm\u00e1r az \u00f6t\u00f6dik egym\u00e1st k\u00f6vet\u0151 h\u00f3napban a mannheimi ZEW (Zentrum f\u00fcr Europ\u00e4ische Wirtschaftsforschung) gazdas\u00e1gkutat\u00f3 int\u00e9zet felm\u00e9r\u00e9se szerint. <\/strong><!--more--><\/p>\n<div class=\"ads-in-post1\"><div id=\"gazdasagportal.hu_fullbanner_wideboard\"><\/div>\r\n<\/div>\n<p>    A ZEW kedden k\u00f6z\u00f6lte, hogy a megk\u00e9rdezett n\u00e9met p\u00e9nz\u00fcgyi elemz\u0151k \u00e9s int\u00e9zm\u00e9nyi befektet\u0151k k\u00f6vetkez\u0151 hat h\u00f3napra vonatkoz\u00f3 v\u00e1rakoz\u00e1sait mutat\u00f3 gazdas\u00e1gi hangulatindex \u00e9rt\u00e9ke 9,8 ponttal m\u00ednusz 3,6 pontra emelkedett m\u00e1rciusban. A jelent\u0151s javul\u00e1s ellen\u00e9re ez az \u00e9rt\u00e9k messze elmarad a 22,2 pontos hossz\u00fa t\u00e1v\u00fa \u00e1tlagt\u00f3l, ugyanakkor kedvez\u0151bb a m\u00ednusz 11,3 pontos v\u00e1rakoz\u00e1sokn\u00e1l.<br \/>\n    Az eur\u00f3\u00f6vezeti v\u00e1rakoz\u00e1sokat mutat\u00f3 ZEW-hangulatindex 14,1 ponttal, m\u00ednusz 2,5 pontra javult m\u00e1rciusban. Szak\u00e9rt\u0151k j\u00f3val rosszabb \u00e9rt\u00e9ket, m\u00ednusz 18,7 pontot val\u00f3sz\u00edn\u0171s\u00edtettek.<br \/>\n    Ism\u00e9t romlott viszont a n\u00e9metorsz\u00e1gi aktu\u00e1lis \u00e1llapot meg\u00edt\u00e9l\u00e9se: az ezt t\u00fckr\u00f6z\u0151 index \u00e9rt\u00e9ke 3,9 ponttal, 11,1 pontra esett, ami valamivel rosszabb a 11,2 pontos v\u00e1rakoz\u00e1sn\u00e1l. Az eur\u00f3\u00f6vezet aktu\u00e1lis \u00fczleti k\u00f6rnyezet\u00e9nek meg\u00edt\u00e9l\u00e9se 3,6 ponttal m\u00ednusz 6,6 pontra s\u00fcllyedt.<br \/>\n<div class=\"ads-in-post2\"><script async src=\"https:\/\/pagead2.googlesyndication.com\/pagead\/js\/adsbygoogle.js\"><\/script>\r\n<ins class=\"adsbygoogle\"\r\n     style=\"display:block\"\r\n     data-ad-format=\"fluid\"\r\n     data-ad-layout-key=\"-6t+ed+2i-1n-4w\"\r\n     data-ad-client=\"ca-pub-1959107119989764\"\r\n     data-ad-slot=\"4008251320\"><\/ins>\r\n<script>\r\n     (adsbygoogle = window.adsbygoogle || []).push({});\r\n<\/script><\/div>\n    Az adatokat komment\u00e1lva Achim Wambach professzor, a ZEW eln\u00f6ke kiemelte: a gazdas\u00e1gi hangulat javul\u00e1sa azt t\u00fckr\u00f6zi, hogy a nagyobb gazdas\u00e1gi kock\u00e1zatok kev\u00e9sb\u00e9 t\u0171nnek dr\u00e1mainak az el\u0151z\u0151 h\u00f3napokhoz k\u00e9pest. A p\u00e9nzpiaci szak\u00e9rt\u0151k k\u00f6r\u00e9ben n\u0151tt az optimizmus annak nyom\u00e1n, hogy feltehet\u0151en elhalasztj\u00e1k Nagy-Britannia kil\u00e9p\u00e9s\u00e9t az Eur\u00f3pai Uni\u00f3b\u00f3l, illetve rendezett m\u00f3don, meg\u00e1llapod\u00e1s megk\u00f6t\u00e9s\u00e9vel megy v\u00e9gbe a kil\u00e9p\u00e9s. Emellett j\u00f3t tett a hangulatnak az is, hogy az amerikai-k\u00ednai kereskedelmi t\u00e1rgyal\u00e1sokon halad\u00e1st \u00e9rtek el. Mindazon\u00e1ltal arra lehet sz\u00e1m\u00edtani, hogy az els\u0151 f\u00e9l \u00e9vben viszonylag gyenge lesz a n\u00f6veked\u00e9s a n\u00e9met gazdas\u00e1gban &#8211; v\u00e9lte a professzor.<br \/>\n    A n\u00e9met gazdas\u00e1g 1,4 sz\u00e1zal\u00e9kkal n\u0151tt 2018-ban, ami az ut\u00f3bbi \u00f6t \u00e9v leggyeng\u00e9bb \u00fcteme volt. A korm\u00e1ny janu\u00e1r v\u00e9g\u00e9n jelent\u0151sen rontotta idei n\u00f6vekedi el\u0151rejelz\u00e9s\u00e9t, \u00edgy a kor\u00e1bban v\u00e1rt 1,8 sz\u00e1zal\u00e9k helyett m\u00e1r csak 1 sz\u00e1zal\u00e9kra sz\u00e1m\u00edt. A n\u00f6veked\u00e9st legf\u0151k\u00e9ppen a brit EU tags\u00e1g megsz\u00fcntet\u00e9se k\u00f6r\u00fcli bizonytalans\u00e1g \u00e9s a t\u00f6bboldal\u00fa meg\u00e1llapod\u00e1sokon alapul\u00f3, multilater\u00e1lis nemzetk\u00f6zi rendet kikezd\u0151 kereskedelmi konfliktusok lass\u00edtj\u00e1k.(MTI)<\/p>\n","protected":false},"excerpt":{"rendered":"<p>Javult a gazdas\u00e1gi hangulat N\u00e9metorsz\u00e1gban \u00e9s az eur\u00f3\u00f6vezetben m\u00e1rciusban, imm\u00e1r az \u00f6t\u00f6dik egym\u00e1st k\u00f6vet\u0151 h\u00f3napban a mannheimi ZEW (Zentrum f\u00fcr Europ\u00e4ische Wirtschaftsforschung) gazdas\u00e1gkutat\u00f3 int\u00e9zet felm\u00e9r\u00e9se szerint.<\/p>\n","protected":false},"author":1,"featured_media":0,"comment_status":"closed","ping_status":"open","sticky":false,"template":"","format":"standard","meta":[],"categories":[12,246],"tags":[],"_links":{"self":[{"href":"https:\/\/gazdasagportal.hu\/index.php\/wp-json\/wp\/v2\/posts\/114503"}],"collection":[{"href":"https:\/\/gazdasagportal.hu\/index.php\/wp-json\/wp\/v2\/posts"}],"about":[{"href":"https:\/\/gazdasagportal.hu\/index.php\/wp-json\/wp\/v2\/types\/post"}],"author":[{"embeddable":true,"href":"https:\/\/gazdasagportal.hu\/index.php\/wp-json\/wp\/v2\/users\/1"}],"replies":[{"embeddable":true,"href":"https:\/\/gazdasagportal.hu\/index.php\/wp-json\/wp\/v2\/comments?post=114503"}],"version-history":[{"count":1,"href":"https:\/\/gazdasagportal.hu\/index.php\/wp-json\/wp\/v2\/posts\/114503\/revisions"}],"predecessor-version":[{"id":114504,"href":"https:\/\/gazdasagportal.hu\/index.php\/wp-json\/wp\/v2\/posts\/114503\/revisions\/114504"}],"wp:attachment":[{"href":"https:\/\/gazdasagportal.hu\/index.php\/wp-json\/wp\/v2\/media?parent=114503"}],"wp:term":[{"taxonomy":"category","embeddable":true,"href":"https:\/\/gazdasagportal.hu\/index.php\/wp-json\/wp\/v2\/categories?post=114503"},{"taxonomy":"post_tag","embeddable":true,"href":"https:\/\/gazdasagportal.hu\/index.php\/wp-json\/wp\/v2\/tags?post=114503"}],"curies":[{"name":"wp","href":"https:\/\/api.w.org\/{rel}","templated":true}]}}